{"id":10039,"date":"2021-11-01T11:56:24","date_gmt":"2021-11-01T11:56:24","guid":{"rendered":"https:\/\/ajan.africa\/?p=10039"},"modified":"2021-11-17T13:45:09","modified_gmt":"2021-11-17T13:45:09","slug":"the-center-arrupe-madagascar-the-health-and-family-program-for-young-people","status":"publish","type":"post","link":"https:\/\/ajan.africa\/pt\/the-center-arrupe-madagascar-the-health-and-family-program-for-young-people\/","title":{"rendered":"The Centre Arrupe Madagascar - O Programa de Sa\u00fade e Fam\u00edlia para jovens"},"content":{"rendered":"<p>Os meses de setembro e outubro foram um per\u00edodo de intensa sensibiliza\u00e7\u00e3o para a Pastoral Sa\u00fade e Fam\u00edlia a n\u00edvel do Centro Arrupe Madagascar (ODM CA). Com efeito, com a sua vis\u00e3o \u201cuma sociedade mais justa, um mundo mais vi\u00e1vel e um ambiente mais habit\u00e1vel\u201d, o ODM CA canalizou os seus esfor\u00e7os para o potencial oferecido pelos jovens para contribuir para a concretiza\u00e7\u00e3o desta vis\u00e3o. Foi ent\u00e3o necess\u00e1rio o desenvolvimento integral dos jovens por meio desses 4 programas, em especial o PSF Pastoral Sa\u00fade e Fam\u00edlia, o Programa de Participa\u00e7\u00e3o Cidad\u00e3 e Efici\u00eancia Econ\u00f4mica PCE, o Programa de Meio Ambiente e Desenvolvimento Sustent\u00e1vel EDD e o Programa de Pesquisa e Documenta\u00e7\u00e3o PRD. Isso se enquadra na prefer\u00eancia apost\u00f3lica universal 03 da Companhia de Jesus: caminhar com os jovens.<\/p>\n\n\n\n<p><br>O Programa Sa\u00fade e Fam\u00edlia promove, em particular, os bons valores, para fortalecer os jovens como membros plenos da fam\u00edlia, fonte de felicidade e esperan\u00e7a para viver plenamente a sua juventude. Um jovem que diariamente enfrenta muitos desafios e que se esfor\u00e7a cada vez mais para realizar seus sonhos, expectativas, esperan\u00e7as, voca\u00e7\u00e3o, enfim, seu futuro.<\/p>\n\n\n\n<p><br>Em seguida, foram organizadas algumas atividades relacionadas com este objetivo, come\u00e7ando por sensibilizar os jovens na luta contra a viol\u00eancia contra meninas e mulheres, para serem embaixadores das respectivas regi\u00f5es nesta luta \u00e1rdua, a fim de prevenir, reduzir e at\u00e9 erradicar este flagelo que persiste por v\u00e1rias d\u00e9cadas por causa de pr\u00e1ticas nocivas ligadas \u00e0 tradi\u00e7\u00e3o, discrimina\u00e7\u00e3o na educa\u00e7\u00e3o, v\u00e1rios estere\u00f3tipos que desvalorizam o potencial de meninas e mulheres, etc. Esta atividade ainda est\u00e1 em andamento, os jovens est\u00e3o produzindo ferramentas de conscientiza\u00e7\u00e3o para atividades de advocacy nesta luta. Os resultados ser\u00e3o apresentados posteriormente.<\/p>\n\n\n\n<figure class=\"wp-block-image size-large\"><img fetchpriority=\"high\" decoding=\"async\" width=\"724\" height=\"1024\" src=\"https:\/\/ajan.africa\/wp-content\/uploads\/2021\/11\/1-1-724x1024.jpg\" alt=\"\" class=\"wp-image-10041\" srcset=\"https:\/\/ajan.africa\/wp-content\/uploads\/2021\/11\/1-1-724x1024.jpg 724w, https:\/\/ajan.africa\/wp-content\/uploads\/2021\/11\/1-1-212x300.jpg 212w, https:\/\/ajan.africa\/wp-content\/uploads\/2021\/11\/1-1-768x1086.jpg 768w, https:\/\/ajan.africa\/wp-content\/uploads\/2021\/11\/1-1-1086x1536.jpg 1086w, https:\/\/ajan.africa\/wp-content\/uploads\/2021\/11\/1-1-8x12.jpg 8w, https:\/\/ajan.africa\/wp-content\/uploads\/2021\/11\/1-1.jpg 1448w\" sizes=\"(max-width: 724px) 100vw, 724px\" \/><\/figure>\n\n\n\n<p>Al\u00e9m disso, foi realizado, no dia 3 de setembro de 2021, um curso de forma\u00e7\u00e3o em coaching de jovens, com 34 participantes, todos educadores e gestores de estabelecimentos de ensino. Esta forma\u00e7\u00e3o insere-se na promo\u00e7\u00e3o do AHAPPY, visto que o ODM CA promove que este programa seja parte integrante da EVA (Educa\u00e7\u00e3o para a Vida e o Amor). Indo nessa dire\u00e7\u00e3o e perseguindo as perspectivas de desenvolvimento pessoal dos jovens, uma sess\u00e3o de coaching complementaria o EVA e o AHAPPY para uma vis\u00e3o mais sustent\u00e1vel. Com efeito, o coaching ajuda a saber utilizar as suas potencialidades e tirar partido das suas vantagens para um melhor sucesso.<\/p>\n\n\n\n<figure class=\"wp-block-image size-large\"><img decoding=\"async\" width=\"1024\" height=\"683\" src=\"https:\/\/ajan.africa\/wp-content\/uploads\/2021\/11\/1-2-1024x683.jpg\" alt=\"\" class=\"wp-image-10042\" srcset=\"https:\/\/ajan.africa\/wp-content\/uploads\/2021\/11\/1-2-1024x683.jpg 1024w, https:\/\/ajan.africa\/wp-content\/uploads\/2021\/11\/1-2-300x200.jpg 300w, https:\/\/ajan.africa\/wp-content\/uploads\/2021\/11\/1-2-768x512.jpg 768w, https:\/\/ajan.africa\/wp-content\/uploads\/2021\/11\/1-2-1536x1024.jpg 1536w, https:\/\/ajan.africa\/wp-content\/uploads\/2021\/11\/1-2-18x12.jpg 18w, https:\/\/ajan.africa\/wp-content\/uploads\/2021\/11\/1-2.jpg 2048w\" sizes=\"(max-width: 1024px) 100vw, 1024px\" \/><\/figure>\n\n\n\n<p>No cumprimento da sua miss\u00e3o, a equipa do PSF encontra-se mensalmente com 75 jovens de uma freguesia de um bairro popular da capital. A equipa respondeu ao seu pedido porque os contextos e as situa\u00e7\u00f5es dos jovens do bairro os encorajaram a seguir um interc\u00e2mbio regular a fim de promover os comportamentos corretos a adotar para evitar o in\u00edcio de uma rela\u00e7\u00e3o \u00edntima precoce que tem feito muito com as v\u00edtimas. Portanto, esta sess\u00e3o come\u00e7ou no domingo, 22 de agosto, com temas b\u00e1sicos sobre como conhecer a si mesmo e aos outros, com uma introdu\u00e7\u00e3o aos fundamentos de um relacionamento duradouro. A segunda reuni\u00e3o em 17 de outubro \u00e9 sobre como cultivar o esp\u00edrito de paz e n\u00e3o viol\u00eancia neste relacionamento com os outros. Trata-se sobretudo de construir uma rela\u00e7\u00e3o saud\u00e1vel e harmoniosa no casal, como indica o tema, focalizando os diferentes fatores que constituem o sucesso para o futuro, como os estudos, a profiss\u00e3o, as diferentes formas de responsabilidades dos jovens. Um curta-metragem sobre a abstin\u00eancia antes do casamento foi exibido. O encontro terminou com uma reflex\u00e3o madura sobre o lugar do discernimento espiritual na vida dos jovens. Este \u00e9 tamb\u00e9m o tema a ser explorado na pr\u00f3xima sess\u00e3o, que nos basearemos no manual AHAPPY.<\/p>\n\n\n\n<figure class=\"wp-block-image size-large\"><img decoding=\"async\" width=\"1024\" height=\"577\" src=\"https:\/\/ajan.africa\/wp-content\/uploads\/2021\/11\/1-3-1024x577.jpg\" alt=\"\" class=\"wp-image-10043\" srcset=\"https:\/\/ajan.africa\/wp-content\/uploads\/2021\/11\/1-3-1024x577.jpg 1024w, https:\/\/ajan.africa\/wp-content\/uploads\/2021\/11\/1-3-300x169.jpg 300w, https:\/\/ajan.africa\/wp-content\/uploads\/2021\/11\/1-3-768x433.jpg 768w, https:\/\/ajan.africa\/wp-content\/uploads\/2021\/11\/1-3-18x10.jpg 18w, https:\/\/ajan.africa\/wp-content\/uploads\/2021\/11\/1-3-274x155.jpg 274w, https:\/\/ajan.africa\/wp-content\/uploads\/2021\/11\/1-3.jpg 1387w\" sizes=\"(max-width: 1024px) 100vw, 1024px\" \/><\/figure>\n\n\n\n<p class=\"translation-block\">Como a data de 11 de outubro est\u00e1 definida como sendo o Dia Internacional da Menina, tendo como tema deste ano: \u201cGera\u00e7\u00e3o digital. Nossa gera\u00e7\u00e3o \u201d, a CA ODM \/ PSF n\u00e3o deixou de marcar este evento com uma confer\u00eancia realizada no s\u00e1bado, 23 de outubro, sob o tema:\u201c as meninas e o mundo digital \u201d. De fato, a situa\u00e7\u00e3o criada pela pandemia do coronav\u00edrus estimulou o uso de plataformas digitais em muitas \u00e1reas, incluindo educa\u00e7\u00e3o, acesso \u00e0 informa\u00e7\u00e3o, conscientiza\u00e7\u00e3o sobre sa\u00fade, comunica\u00e7\u00e3o profissional, etc. \u00c9 ent\u00e3o uma quest\u00e3o de levantar a voz a favor das meninas para que ningu\u00e9m seja exclu\u00eddo de entrar no mundo digital. Isso tamb\u00e9m requer apoio, visto que a viol\u00eancia contra meninas no mundo digital se manifesta nas redes sociais. Os palestrantes da confer\u00eancia s\u00e3o todos atores que defendem a educa\u00e7\u00e3o para todos, a saber, representantes de uma escola p\u00fablica que apresentou o programa \"Ci\u00eancia-Tecnologia-Engenharia-Matem\u00e1tica ou STEM\" para meninas do ensino m\u00e9dio em seu estabelecimento, seguido por um embaixador da a associa\u00e7\u00e3o de escotismo que partilhou o potencial dos jovens da sua associa\u00e7\u00e3o atrav\u00e9s da plataforma digital. No entanto, alguns avisos para a prote\u00e7\u00e3o das meninas que enfrentam os v\u00e1rios abusos que podem prejudicar as meninas foram apresentados por um inspetor de pol\u00edcia que trabalha a servi\u00e7o da luta contra o crime cibern\u00e9tico, e uma organiza\u00e7\u00e3o privada que trabalha nesta \u00e1rea.<\/p>\n\n\n\n<figure class=\"wp-block-image size-large\"><img loading=\"lazy\" decoding=\"async\" width=\"1024\" height=\"572\" src=\"https:\/\/ajan.africa\/wp-content\/uploads\/2021\/11\/1-4-1024x572.jpg\" alt=\"\" class=\"wp-image-10044\" srcset=\"https:\/\/ajan.africa\/wp-content\/uploads\/2021\/11\/1-4-1024x572.jpg 1024w, https:\/\/ajan.africa\/wp-content\/uploads\/2021\/11\/1-4-300x168.jpg 300w, https:\/\/ajan.africa\/wp-content\/uploads\/2021\/11\/1-4-768x429.jpg 768w, https:\/\/ajan.africa\/wp-content\/uploads\/2021\/11\/1-4-18x10.jpg 18w, https:\/\/ajan.africa\/wp-content\/uploads\/2021\/11\/1-4-360x200.jpg 360w, https:\/\/ajan.africa\/wp-content\/uploads\/2021\/11\/1-4.jpg 1387w\" sizes=\"(max-width: 1024px) 100vw, 1024px\" \/><\/figure>\n\n\n\n<p><strong>AMDG<\/strong><\/p>\n\n\n\n<p class=\"has-text-align-right\"><strong>Masy Alinoro Razafindradama<\/strong><\/p>","protected":false},"excerpt":{"rendered":"<p>The months of September and October were a period of intense sensitization for the Pastoral Health and Family at the level of the Center Arrupe Madagascar (MDG CA). Indeed, with its vision &#8220;a fairer society, a more viable world and a more livable environment&#8221;, the MDG CA channeled its efforts<\/p>\n<p><a class=\"sd-more sd-all-trans\" href=\"https:\/\/ajan.africa\/pt\/the-center-arrupe-madagascar-the-health-and-family-program-for-young-people\/#more-10039\">consulte Mais informa\u00e7\u00e3o<\/a><\/p>","protected":false},"author":155,"featured_media":10044,"comment_status":"open","ping_status":"open","sticky":false,"template":"","format":"standard","meta":{"om_disable_all_campaigns":false,"_monsterinsights_skip_tracking":false,"_monsterinsights_sitenote_active":false,"_monsterinsights_sitenote_note":"","_monsterinsights_sitenote_category":0,"footnotes":""},"categories":[98],"tags":[],"class_list":["post-10039","post","type-post","status-publish","format-standard","has-post-thumbnail","hentry","category-ajan-news-articles"],"aioseo_notices":[],"_links":{"self":[{"href":"https:\/\/ajan.africa\/pt\/wp-json\/wp\/v2\/posts\/10039","targetHints":{"allow":["GET"]}}],"collection":[{"href":"https:\/\/ajan.africa\/pt\/wp-json\/wp\/v2\/posts"}],"about":[{"href":"https:\/\/ajan.africa\/pt\/wp-json\/wp\/v2\/types\/post"}],"author":[{"embeddable":true,"href":"https:\/\/ajan.africa\/pt\/wp-json\/wp\/v2\/users\/155"}],"replies":[{"embeddable":true,"href":"https:\/\/ajan.africa\/pt\/wp-json\/wp\/v2\/comments?post=10039"}],"version-history":[{"count":0,"href":"https:\/\/ajan.africa\/pt\/wp-json\/wp\/v2\/posts\/10039\/revisions"}],"wp:featuredmedia":[{"embeddable":true,"href":"https:\/\/ajan.africa\/pt\/wp-json\/wp\/v2\/media\/10044"}],"wp:attachment":[{"href":"https:\/\/ajan.africa\/pt\/wp-json\/wp\/v2\/media?parent=10039"}],"wp:term":[{"taxonomy":"category","embeddable":true,"href":"https:\/\/ajan.africa\/pt\/wp-json\/wp\/v2\/categories?post=10039"},{"taxonomy":"post_tag","embeddable":true,"href":"https:\/\/ajan.africa\/pt\/wp-json\/wp\/v2\/tags?post=10039"}],"curies":[{"name":"wp","href":"https:\/\/api.w.org\/{rel}","templated":true}]}}