{"id":10231,"date":"2021-12-07T19:21:12","date_gmt":"2021-12-07T19:21:12","guid":{"rendered":"https:\/\/ajan.africa\/?p=10231"},"modified":"2021-12-08T07:19:29","modified_gmt":"2021-12-08T07:19:29","slug":"jms-2021-center-for-education-and-listening-information-center-catholic-university-center-ciee-ccu-still-determined","status":"publish","type":"post","link":"https:\/\/ajan.africa\/pt\/jms-2021-center-for-education-and-listening-information-center-catholic-university-center-ciee-ccu-still-determined\/","title":{"rendered":"JMS 2021: Centro de Educa\u00e7\u00e3o e Informa\u00e7\u00e3o da Escuta Centro Centro Universit\u00e1rio Cat\u00f3lico (CIEE \/ CCU) ainda determinado!"},"content":{"rendered":"<p>O Dia Mundial da AIDS foi comemorado na Rep\u00fablica Centro-Africana (CAR). A cerim\u00f3nia de lan\u00e7amento das actividades do JMS 2021 decorreu sob o alto patroc\u00ednio de Sua Excel\u00eancia o Pr. Faustin Archange TOUADERA, Presidente do CAR e tamb\u00e9m Presidente do Comit\u00e9 Nacional de Luta contra a SIDA, em B\u00e9goua, arredores de Bangui.<\/p>\n\n\n\n<p>O Centro de Informa\u00e7\u00e3o Educativa e Escuta do Centro Universit\u00e1rio Cat\u00f3lico (CIEE \/ CCU) na sua din\u00e2mica de colabora\u00e7\u00e3o na luta contra a SIDA n\u00e3o mediu esfor\u00e7os para marcar esta cerim\u00f3nia com a sua presen\u00e7a atrav\u00e9s de uma exposi\u00e7\u00e3o cujos cartazes e documentos de sensibiliza\u00e7\u00e3o para este flagelo . Os educadores de pares do CIEE \/ CCU mais uma vez se destacaram pela forma de informar a popula\u00e7\u00e3o sobre a necessidade de conhecimento dessa pandemia, dessas formas de transmiss\u00e3o e de medidas preventivas para evitar a infec\u00e7\u00e3o pelo HIV. A resposta do CIEE \/ CCU ao apelo da \u00e9poca do JMS 2021 \u00e9 que o combate \u00e0s desigualdades, SIDA, pandemias come\u00e7a com o acesso \u00e0 informa\u00e7\u00e3o certa, pois o desconhecimento \u00e9 um dos principais factores de vulnerabilidade e exposi\u00e7\u00e3o \u00e0 infec\u00e7\u00e3o VIH \/ SIDA . Folhetos, banners,<\/p>\n\n\n\n<p>Para se proteger dessa pandemia, o CIEE \/ CCU oferece o m\u00e9todo ABCD: Abstin\u00eancia, Boa fidelidade, Castidade, Triagem. Para os jovens, a abstin\u00eancia \u00e9 a forma mais segura de prevenir a infec\u00e7\u00e3o pelo HIV. A castidade permite-nos evitar situa\u00e7\u00f5es de risco e reduzir os fatores de vulnerabilidade \u00e0 infec\u00e7\u00e3o pelo HIV \/ AIDS.<\/p>\n\n\n\n<p>Diante desse inimigo comum, o CIEE \/ CCU mais uma vez renova sua determina\u00e7\u00e3o em colaborar com todos os parceiros para salvar vidas humanas. Ele clama por uma atitude positiva, sem a qual n\u00e3o podemos resistir nesta luta contra o HIV \/ AIDS e tudo o que oprime nossa humanidade. Podemos vencer o HIV se permanecermos positivos. Estigma zero, discrimina\u00e7\u00e3o zero.<\/p>\n\n\n\n<p><strong>Juntos, vamos enfrentar:<\/strong><\/p>\n\n\n\n<p><strong>Acabar com as desigualdades;<\/strong><\/p>\n\n\n\n<p><strong>Fim da AIDS;<\/strong><\/p>\n\n\n\n<p><strong>Acabar com as pandemias!<\/strong><\/p>\n\n\n\n<p>&nbsp;&nbsp;&nbsp;&nbsp;&nbsp;&nbsp;&nbsp;&nbsp;&nbsp;&nbsp;&nbsp;&nbsp;&nbsp;&nbsp;&nbsp;&nbsp;&nbsp;&nbsp;&nbsp;&nbsp;&nbsp;&nbsp;&nbsp;&nbsp;&nbsp;&nbsp;&nbsp;&nbsp;&nbsp;&nbsp;&nbsp;&nbsp;&nbsp;&nbsp;&nbsp;&nbsp;&nbsp;&nbsp;&nbsp;&nbsp;&nbsp;&nbsp;&nbsp;&nbsp;&nbsp;&nbsp;&nbsp;&nbsp;&nbsp;&nbsp;&nbsp;&nbsp;&nbsp;&nbsp;&nbsp;&nbsp;&nbsp;&nbsp;&nbsp;&nbsp;&nbsp;&nbsp;&nbsp;&nbsp;&nbsp;&nbsp;&nbsp;&nbsp;&nbsp;&nbsp;&nbsp;&nbsp;&nbsp;&nbsp;&nbsp;&nbsp;&nbsp;&nbsp;&nbsp;&nbsp;&nbsp;&nbsp;&nbsp;&nbsp;&nbsp;&nbsp;&nbsp;&nbsp;&nbsp;&nbsp;&nbsp;&nbsp;&nbsp;&nbsp;&nbsp;&nbsp;&nbsp;&nbsp;&nbsp;&nbsp;&nbsp;&nbsp;&nbsp;&nbsp;&nbsp;&nbsp;&nbsp;&nbsp;&nbsp;&nbsp;&nbsp;&nbsp;&nbsp;&nbsp;&nbsp;&nbsp;&nbsp;&nbsp;&nbsp; Por, Charles Somda, SJ<\/p>\n\n\n\n<p>Coordenador CIEE \/ CCU<\/p>\n\n\n\n<p>Bangui-RCA<\/p>","protected":false},"excerpt":{"rendered":"<p>World AIDS Day was celebrated in the Central African Republic (CAR). The launching ceremony of the activities of the JMS 2021 took place under the high patronage of His Excellency Pr Faustin Archange TOUADERA, President of the CAR, also President of the National Committee for the Fight against AIDS, in<\/p>\n<p><a class=\"sd-more sd-all-trans\" href=\"https:\/\/ajan.africa\/pt\/jms-2021-center-for-education-and-listening-information-center-catholic-university-center-ciee-ccu-still-determined\/#more-10231\">consulte Mais informa\u00e7\u00e3o<\/a><\/p>","protected":false},"author":155,"featured_media":10232,"comment_status":"open","ping_status":"open","sticky":false,"template":"","format":"standard","meta":{"om_disable_all_campaigns":false,"_monsterinsights_skip_tracking":false,"_monsterinsights_sitenote_active":false,"_monsterinsights_sitenote_note":"","_monsterinsights_sitenote_category":0,"footnotes":""},"categories":[67],"tags":[],"class_list":["post-10231","post","type-post","status-publish","format-standard","has-post-thumbnail","hentry","category-aids-in-africa-articles"],"aioseo_notices":[],"_links":{"self":[{"href":"https:\/\/ajan.africa\/pt\/wp-json\/wp\/v2\/posts\/10231","targetHints":{"allow":["GET"]}}],"collection":[{"href":"https:\/\/ajan.africa\/pt\/wp-json\/wp\/v2\/posts"}],"about":[{"href":"https:\/\/ajan.africa\/pt\/wp-json\/wp\/v2\/types\/post"}],"author":[{"embeddable":true,"href":"https:\/\/ajan.africa\/pt\/wp-json\/wp\/v2\/users\/155"}],"replies":[{"embeddable":true,"href":"https:\/\/ajan.africa\/pt\/wp-json\/wp\/v2\/comments?post=10231"}],"version-history":[{"count":0,"href":"https:\/\/ajan.africa\/pt\/wp-json\/wp\/v2\/posts\/10231\/revisions"}],"wp:featuredmedia":[{"embeddable":true,"href":"https:\/\/ajan.africa\/pt\/wp-json\/wp\/v2\/media\/10232"}],"wp:attachment":[{"href":"https:\/\/ajan.africa\/pt\/wp-json\/wp\/v2\/media?parent=10231"}],"wp:term":[{"taxonomy":"category","embeddable":true,"href":"https:\/\/ajan.africa\/pt\/wp-json\/wp\/v2\/categories?post=10231"},{"taxonomy":"post_tag","embeddable":true,"href":"https:\/\/ajan.africa\/pt\/wp-json\/wp\/v2\/tags?post=10231"}],"curies":[{"name":"wp","href":"https:\/\/api.w.org\/{rel}","templated":true}]}}