{"id":11761,"date":"2022-12-02T08:16:41","date_gmt":"2022-12-02T08:16:41","guid":{"rendered":"https:\/\/ajan.africa\/?p=11761"},"modified":"2022-12-02T08:28:47","modified_gmt":"2022-12-02T08:28:47","slug":"sensitization-forum-to-students-of-ocer-campion-jesuit-collage-in-gulu-uganda","status":"publish","type":"post","link":"https:\/\/ajan.africa\/pt\/sensitization-forum-to-students-of-ocer-campion-jesuit-collage-in-gulu-uganda\/","title":{"rendered":"F\u00f3rum de sensibiliza\u00e7\u00e3o aos alunos do Ocer Campion Jesuit College em Gulu-Uganda"},"content":{"rendered":"<figure class=\"wp-block-pullquote\"><blockquote><p>O Ocer Campion Jesuit College (OCJC) est\u00e1 localizado no norte de Uganda, na vila de Awich, a oito quil\u00f4metros da cidade de Gulu. \u00c9 um internato fundado por jesu\u00edtas e administrado pela Prov\u00edncia da \u00c1frica Oriental da Companhia de Jesus. A escola \u00e9 um dos muitos projetos de recupera\u00e7\u00e3o e reabilita\u00e7\u00e3o que foram estabelecidos para ajudar a reconstruir, reassentar, dar esperan\u00e7a e restaurar a dignidade humana \u00e0s muitas crian\u00e7as e fam\u00edlias afetadas pela guerra. O norte de Uganda foi envolvido em guerra por mais de duas d\u00e9cadas, o que deixou muitas fam\u00edlias e toda a regi\u00e3o em frangalhos. A escola agora administra o ensino m\u00e9dio de n\u00edvel A e O, com uma popula\u00e7\u00e3o de 970 alunos. <\/p><\/blockquote><\/figure>\n\n\n<div class=\"wp-block-image\">\n<figure class=\"aligncenter size-full\"><img fetchpriority=\"high\" decoding=\"async\" width=\"1024\" height=\"768\" src=\"https:\/\/ajan.africa\/wp-content\/uploads\/2022\/12\/WhatsApp-Image-2022-12-02-at-10.12.56-1.jpg\" alt=\"\" class=\"wp-image-11773\" srcset=\"https:\/\/ajan.africa\/wp-content\/uploads\/2022\/12\/WhatsApp-Image-2022-12-02-at-10.12.56-1.jpg 1024w, https:\/\/ajan.africa\/wp-content\/uploads\/2022\/12\/WhatsApp-Image-2022-12-02-at-10.12.56-1-300x225.jpg 300w, https:\/\/ajan.africa\/wp-content\/uploads\/2022\/12\/WhatsApp-Image-2022-12-02-at-10.12.56-1-768x576.jpg 768w, https:\/\/ajan.africa\/wp-content\/uploads\/2022\/12\/WhatsApp-Image-2022-12-02-at-10.12.56-1-16x12.jpg 16w\" sizes=\"(max-width: 1024px) 100vw, 1024px\" \/><\/figure>\n<\/div>\n\n\n<p>Em colabora\u00e7\u00e3o com a African Jesuit AIDS Network (AJAN) e em apoio \u00e0 iniciativa jovem para jovem para 2022\/2023 em Acompanhamento de jovens na segunda-feira 21 e 22, a equipa AHAPPY facilitou um programa de sensibiliza\u00e7\u00e3o sobre DST's, durante dois dias. Os principais participantes foram alunos da turma 1 (180) no primeiro dia e alunos da turma 2 (150) que foram treinados no segundo dia. O programa foi facilitado por Md. Monica Lanyero e Sch. Msaki Rovelt SJ. Os principais objetivos do treinamento foram aumentar o conhecimento sobre DSTs com foco principal em HIV\/Aids entre os jovens.<\/p>\n\n\n\n<p>Os participantes foram conduzidos durante a sess\u00e3o abordando t\u00f3picos sobre Introdu\u00e7\u00e3o \u00e0s Infec\u00e7\u00f5es Sexualmente Transmiss\u00edveis, Discuss\u00e3o sobre v\u00e1rias DSTs, Detalhes sobre HIV\/AIDS e formas de se manter seguro. Os facilitadores envolveram os participantes organizando sess\u00f5es de discuss\u00e3o em grupo, apresenta\u00e7\u00f5es, narrando e ouvindo hist\u00f3rias curtas, assistindo a filmes relevantes e revisando a sess\u00e3o por meio de cart\u00f5es de avalia\u00e7\u00e3o.<\/p>\n\n\n\n<div class=\"wp-block-group is-nowrap is-layout-flex wp-container-core-group-is-layout-ad2f72ca wp-block-group-is-layout-flex\">\n<figure class=\"wp-block-image size-full\"><img decoding=\"async\" width=\"484\" height=\"659\" src=\"https:\/\/ajan.africa\/wp-content\/uploads\/2022\/12\/WhatsApp-Image-2022-12-02-at-10.12.51.jpg\" alt=\"\" class=\"wp-image-11769\" srcset=\"https:\/\/ajan.africa\/wp-content\/uploads\/2022\/12\/WhatsApp-Image-2022-12-02-at-10.12.51.jpg 484w, https:\/\/ajan.africa\/wp-content\/uploads\/2022\/12\/WhatsApp-Image-2022-12-02-at-10.12.51-220x300.jpg 220w, https:\/\/ajan.africa\/wp-content\/uploads\/2022\/12\/WhatsApp-Image-2022-12-02-at-10.12.51-9x12.jpg 9w\" sizes=\"(max-width: 484px) 100vw, 484px\" \/><\/figure>\n\n\n\n<figure class=\"wp-block-image size-full\"><img decoding=\"async\" width=\"459\" height=\"1020\" src=\"https:\/\/ajan.africa\/wp-content\/uploads\/2022\/12\/WhatsApp-Image-2022-11-30-at-08.37.53.jpg\" alt=\"\" class=\"wp-image-11770\" srcset=\"https:\/\/ajan.africa\/wp-content\/uploads\/2022\/12\/WhatsApp-Image-2022-11-30-at-08.37.53.jpg 459w, https:\/\/ajan.africa\/wp-content\/uploads\/2022\/12\/WhatsApp-Image-2022-11-30-at-08.37.53-135x300.jpg 135w, https:\/\/ajan.africa\/wp-content\/uploads\/2022\/12\/WhatsApp-Image-2022-11-30-at-08.37.53-5x12.jpg 5w\" sizes=\"(max-width: 459px) 100vw, 459px\" \/><\/figure>\n<\/div>\n\n\n\n<p>Durante a sess\u00e3o, os facilitadores forneceram informa\u00e7\u00f5es, apontando que as infec\u00e7\u00f5es sexualmente transmiss\u00edveis est\u00e3o entre os problemas de sa\u00fade mais importantes para as pessoas, especialmente os jovens adultos em todo o mundo. Os jovens tendem a se envolver em atividades sexuais em idades mais jovens recentemente. O conhecimento \u00e9 um precursor essencial da redu\u00e7\u00e3o do risco sexual. A conscientiza\u00e7\u00e3o e a percep\u00e7\u00e3o dos alunos sobre as infec\u00e7\u00f5es sexualmente transmiss\u00edveis tornaram-se nossa pedra fundamental para construir novos conhecimentos.<\/p>\n\n\n\n<p>No final de ambas as sess\u00f5es de forma\u00e7\u00e3o ficou evidente que a maioria dos alunos est\u00e3o bem informados sobre as IST, no entanto n\u00e3o todos. O grupo informado tinha muito a compartilhar em nossas discuss\u00f5es abertas. O papel dos facilitadores na sess\u00e3o foi esclarecer d\u00favidas e destacar novos conhecimentos. O grupo menos informado aprendeu por meio de perguntas e discuss\u00f5es realizadas pelo p\u00fablico. Existem hist\u00f3rias e mitos em torno do HIV\/AIDS. DSTs que de certa forma informam mal os jovens. Isso inclui; cura tradicional para HIV\/AIDS, idade de in\u00edcio do sexo, sintomas e modos de transmiss\u00e3o de infec\u00e7\u00f5es sexualmente transmiss\u00edveis. Provavelmente eles coletaram essas informa\u00e7\u00f5es da comunidade e dos colegas enquanto tentavam saciar sua curiosidade.<\/p>\n\n\n\n<p>Ao final do programa, os alunos foram capazes de elaborar sobre v\u00e1rias DSTs. Mencionar suas causas, sintomas, modo de transmiss\u00e3o e formas de se proteger. Os alunos puderam responder a v\u00e1rias perguntas preparadas pelos facilitadores com detalhes e confian\u00e7a, n\u00e3o como antes. Assim, o objetivo principal foi alcan\u00e7ado. Estamos ansiosos para envolver os alunos em v\u00e1rias atividades para aprimorar o que aprenderam.<\/p>\n\n\n\n<p style=\"font-size:18px\" class=\"translation-block\"><strong>Por, <\/strong>Md.Lanyero Monica &amp; Sch.Msaki Rovelt.<\/p>\n\n\n\n<p style=\"font-size:18px\"><em>Facilitadores AHAPPY, Colagem Jesu\u00edta Ocer Campion em Gulu-Uganda<\/em><\/p>","protected":false},"excerpt":{"rendered":"<p>Ocer Campion Jesuit College (OCJC) is located in Northern Uganda, in Awich village, eight kilometers out of Gulu town. It is a boarding Jesuit founded school, and run by the Eastern Africa Province of the Society of Jesus. The school is one of the many recovery and rehabilitation projects that<\/p>\n<p><a class=\"sd-more sd-all-trans\" href=\"https:\/\/ajan.africa\/pt\/sensitization-forum-to-students-of-ocer-campion-jesuit-collage-in-gulu-uganda\/#more-11761\">consulte Mais informa\u00e7\u00e3o<\/a><\/p>","protected":false},"author":5,"featured_media":11775,"comment_status":"open","ping_status":"open","sticky":false,"template":"","format":"standard","meta":{"om_disable_all_campaigns":false,"_monsterinsights_skip_tracking":false,"_monsterinsights_sitenote_active":false,"_monsterinsights_sitenote_note":"","_monsterinsights_sitenote_category":0,"footnotes":""},"categories":[106],"tags":[],"class_list":["post-11761","post","type-post","status-publish","format-standard","has-post-thumbnail","hentry","category-ajanews-november-2022-edition"],"aioseo_notices":[],"_links":{"self":[{"href":"https:\/\/ajan.africa\/pt\/wp-json\/wp\/v2\/posts\/11761","targetHints":{"allow":["GET"]}}],"collection":[{"href":"https:\/\/ajan.africa\/pt\/wp-json\/wp\/v2\/posts"}],"about":[{"href":"https:\/\/ajan.africa\/pt\/wp-json\/wp\/v2\/types\/post"}],"author":[{"embeddable":true,"href":"https:\/\/ajan.africa\/pt\/wp-json\/wp\/v2\/users\/5"}],"replies":[{"embeddable":true,"href":"https:\/\/ajan.africa\/pt\/wp-json\/wp\/v2\/comments?post=11761"}],"version-history":[{"count":0,"href":"https:\/\/ajan.africa\/pt\/wp-json\/wp\/v2\/posts\/11761\/revisions"}],"wp:featuredmedia":[{"embeddable":true,"href":"https:\/\/ajan.africa\/pt\/wp-json\/wp\/v2\/media\/11775"}],"wp:attachment":[{"href":"https:\/\/ajan.africa\/pt\/wp-json\/wp\/v2\/media?parent=11761"}],"wp:term":[{"taxonomy":"category","embeddable":true,"href":"https:\/\/ajan.africa\/pt\/wp-json\/wp\/v2\/categories?post=11761"},{"taxonomy":"post_tag","embeddable":true,"href":"https:\/\/ajan.africa\/pt\/wp-json\/wp\/v2\/tags?post=11761"}],"curies":[{"name":"wp","href":"https:\/\/api.w.org\/{rel}","templated":true}]}}