{"id":11802,"date":"2022-12-02T13:46:19","date_gmt":"2022-12-02T13:46:19","guid":{"rendered":"https:\/\/ajan.africa\/?p=11802"},"modified":"2022-12-05T13:45:53","modified_gmt":"2022-12-05T13:45:53","slug":"celebration-de-la-journee-mondiale-du-sida-a-madagascar","status":"publish","type":"post","link":"https:\/\/ajan.africa\/pt\/celebration-de-la-journee-mondiale-du-sida-a-madagascar\/","title":{"rendered":"Comemora\u00e7\u00e3o do Dia Mundial da AIDS em Madagascar"},"content":{"rendered":"<p>\u201cPUSH FOR EQUALITY\u201d \u00e9 o tema veiculado durante a celebra\u00e7\u00e3o do Dia Mundial do HIV\/AIDS em Madagascar. Esta celebra\u00e7\u00e3o foi marcada por 3 dias consecutivos em frente \u00e0 C\u00e2mara Municipal de Analakely \u2013 centro de Antananarivo \u2013 de 29 de novembro a 01 de dezembro, Dia D da celebra\u00e7\u00e3o em quest\u00e3o.<\/p>\n\n\n\n<p>V\u00e1rias atividades foram organizadas pelo Minist\u00e9rio da Sa\u00fade P\u00fablica, UNAIDS e Secretaria Executiva\/Comit\u00ea Nacional de Luta contra o HIV\/AIDS (SE\/CNLS) em Madagascar. O Arrupe Center esteve sempre no centro dessas atividades e, ao mesmo tempo, representou a Igreja Cat\u00f3lica Apost\u00f3lica Romana (ECAR) e a Comiss\u00e3o Episcopal da Pastoral da Sa\u00fade: uma rede e colabora\u00e7\u00e3o de longa data que sempre marcou a solidariedade e uni\u00e3o para a miss\u00e3o comum: levar o caminho da Igreja para prevenir e erradicar o HIV\/AIDS, e tamb\u00e9m para apoiar e cuidar dos doentes e vulner\u00e1veis.<\/p>\n\n\n\n<figure class=\"wp-block-image size-full\"><img fetchpriority=\"high\" decoding=\"async\" width=\"960\" height=\"720\" src=\"https:\/\/ajan.africa\/wp-content\/uploads\/2022\/12\/317457323_1512000199282732_4229139776180745075_n.jpg\" alt=\"\" class=\"wp-image-11804\" srcset=\"https:\/\/ajan.africa\/wp-content\/uploads\/2022\/12\/317457323_1512000199282732_4229139776180745075_n.jpg 960w, https:\/\/ajan.africa\/wp-content\/uploads\/2022\/12\/317457323_1512000199282732_4229139776180745075_n-300x225.jpg 300w, https:\/\/ajan.africa\/wp-content\/uploads\/2022\/12\/317457323_1512000199282732_4229139776180745075_n-768x576.jpg 768w, https:\/\/ajan.africa\/wp-content\/uploads\/2022\/12\/317457323_1512000199282732_4229139776180745075_n-16x12.jpg 16w\" sizes=\"(max-width: 960px) 100vw, 960px\" \/><figcaption class=\"wp-element-caption\">Exif_JPEG_420<\/figcaption><\/figure>\n\n\n\n<p>Assim, durante estes 3 dias decorreu uma exposi\u00e7\u00e3o, oportunidade de dar a conhecer a nossa miss\u00e3o no dom\u00ednio da luta contra o HIV\/SIDA. Esta \u00e9, antes de mais, a Educa\u00e7\u00e3o veiculada pelos nossos programas EVA (Educa\u00e7\u00e3o para a Vida e o Amor) e em particular o AHAPPY, com vista \u00e0 preven\u00e7\u00e3o e prote\u00e7\u00e3o dos jovens contra qualquer desafio amea\u00e7ador. sua sa\u00fade e desenvolvimento. Cerca de 200 jovens visitaram as nossas instala\u00e7\u00f5es e puderam debater sobre esta \u00e1rea da educa\u00e7\u00e3o que a Igreja promove. Depois, foi tamb\u00e9m uma oportunidade de conhecer e apoiar pessoas afetadas ou infectadas pelo HIV. Conseguimos apoiar cerca de 30 PVVIH de acordo com as necessidades que nos manifestaram. Al\u00e9m disso, entre os estandes montados durante este evento, pudemos ver diferentes organiza\u00e7\u00f5es como Mad'Aids: grupo de apoio a pessoas vivendo com HIV\/AIDS, AINGA AIDS: organiza\u00e7\u00e3o que apoia usu\u00e1rios de drogas injet\u00e1veis \u200b\u200bna luta contra o HIV\/AIDS, a associa\u00e7\u00e3o das mulheres samaritanas: associa\u00e7\u00e3o de apoio \u00e0s profissionais do sexo, solidariedade LGBT como o pr\u00f3prio nome sugere, SECNLS e OMASAVE (Madagascar Save): conselho ecum\u00eanico na luta contra o HIV\/AIDS, etc. , em paralelo com a vacina COVID 19. Em suma, entre muitos outros, distinguimos a nossa presen\u00e7a atrav\u00e9s das nossas ferramentas de educa\u00e7\u00e3o, escuta e apoio.<\/p>\n\n\n\n<figure class=\"wp-block-image size-large\"><img decoding=\"async\" width=\"1024\" height=\"768\" src=\"https:\/\/ajan.africa\/wp-content\/uploads\/2022\/12\/317519792_904764740462345_348529779682484909_n-1024x768.jpg\" alt=\"\" class=\"wp-image-11805\" srcset=\"https:\/\/ajan.africa\/wp-content\/uploads\/2022\/12\/317519792_904764740462345_348529779682484909_n-1024x768.jpg 1024w, https:\/\/ajan.africa\/wp-content\/uploads\/2022\/12\/317519792_904764740462345_348529779682484909_n-300x225.jpg 300w, https:\/\/ajan.africa\/wp-content\/uploads\/2022\/12\/317519792_904764740462345_348529779682484909_n-768x576.jpg 768w, https:\/\/ajan.africa\/wp-content\/uploads\/2022\/12\/317519792_904764740462345_348529779682484909_n-16x12.jpg 16w, https:\/\/ajan.africa\/wp-content\/uploads\/2022\/12\/317519792_904764740462345_348529779682484909_n.jpg 1296w\" sizes=\"(max-width: 1024px) 100vw, 1024px\" \/><\/figure>\n\n\n\n<p>No dia 01 de dezembro, aconteceu um culto ecum\u00eanico em uma igreja anglicana a poucos quil\u00f4metros do centro da cidade, seguido de uma caravana rumo ao local da exposi\u00e7\u00e3o. Foi um momento de agradecimento por esta comemora\u00e7\u00e3o, mas tamb\u00e9m de luto pela mem\u00f3ria dos que nos deixaram e sobretudo de esperan\u00e7a no futuro. Ali\u00e1s, a diversidade dos participantes neste evento foi uma mais-valia nesta luta contra o HIV\/SIDA. Cada entidade, cada organiza\u00e7\u00e3o e cada pessoa tem a sua pr\u00f3pria miss\u00e3o, que \u00e9 complementar, unida e solid\u00e1ria. Cada um tem a sua forma de sensibilizar para a \u201cigualdade\u201d: lutar contra todas as formas de estigma e discrimina\u00e7\u00e3o; promover<\/p>\n\n\n\n<figure class=\"wp-block-image size-large\"><img decoding=\"async\" width=\"1024\" height=\"512\" src=\"https:\/\/ajan.africa\/wp-content\/uploads\/2022\/12\/317719314_640555484459617_4474351441429193024_n-1024x512.jpg\" alt=\"\" class=\"wp-image-11806\" srcset=\"https:\/\/ajan.africa\/wp-content\/uploads\/2022\/12\/317719314_640555484459617_4474351441429193024_n-1024x512.jpg 1024w, https:\/\/ajan.africa\/wp-content\/uploads\/2022\/12\/317719314_640555484459617_4474351441429193024_n-300x150.jpg 300w, https:\/\/ajan.africa\/wp-content\/uploads\/2022\/12\/317719314_640555484459617_4474351441429193024_n-768x384.jpg 768w, https:\/\/ajan.africa\/wp-content\/uploads\/2022\/12\/317719314_640555484459617_4474351441429193024_n-1536x768.jpg 1536w, https:\/\/ajan.africa\/wp-content\/uploads\/2022\/12\/317719314_640555484459617_4474351441429193024_n-18x9.jpg 18w, https:\/\/ajan.africa\/wp-content\/uploads\/2022\/12\/317719314_640555484459617_4474351441429193024_n.jpg 1632w\" sizes=\"(max-width: 1024px) 100vw, 1024px\" \/><\/figure>\n\n\n\n<p>Em suma, ap\u00f3s estes dois anos sucessivos de confinamento devido ao coronav\u00edrus, este evento do Dia Mundial da Sida foi uma oportunidade para retomar esta luta e sensibilizar todos para o seu empenho e responsabilidade na consecu\u00e7\u00e3o do objetivo da erradica\u00e7\u00e3o. de HIV\/AIDS por volta de 2030.<\/p>\n\n\n\n<p style=\"font-size:16px\"><strong>por, Masy Alinoro Razafindradama,<\/strong><\/p>\n\n\n\n<p style=\"font-size:16px\"><em>Comunica\u00e7\u00f5es, CA MDG<\/em><\/p>","protected":false},"excerpt":{"rendered":"<p>&#8220;PUSH FOR EQUALITY&#8221; is the theme conveyed during the celebration of World HIV\/AIDS Day in Madagascar. This celebration was marked for 3 successive days in front of the Analakely town hall \u2013 Antananarivo downtown \u2013 from November 29 to December 01, D-Day of the celebration in question. Several activities were<\/p>\n<p><a class=\"sd-more sd-all-trans\" href=\"https:\/\/ajan.africa\/pt\/celebration-de-la-journee-mondiale-du-sida-a-madagascar\/#more-11802\">consulte Mais informa\u00e7\u00e3o<\/a><\/p>","protected":false},"author":5,"featured_media":11803,"comment_status":"open","ping_status":"open","sticky":false,"template":"","format":"standard","meta":{"om_disable_all_campaigns":false,"_monsterinsights_skip_tracking":false,"_monsterinsights_sitenote_active":false,"_monsterinsights_sitenote_note":"","_monsterinsights_sitenote_category":0,"footnotes":""},"categories":[107],"tags":[],"class_list":["post-11802","post","type-post","status-publish","format-standard","has-post-thumbnail","hentry","category-ajan-y4y-initiative"],"aioseo_notices":[],"_links":{"self":[{"href":"https:\/\/ajan.africa\/pt\/wp-json\/wp\/v2\/posts\/11802","targetHints":{"allow":["GET"]}}],"collection":[{"href":"https:\/\/ajan.africa\/pt\/wp-json\/wp\/v2\/posts"}],"about":[{"href":"https:\/\/ajan.africa\/pt\/wp-json\/wp\/v2\/types\/post"}],"author":[{"embeddable":true,"href":"https:\/\/ajan.africa\/pt\/wp-json\/wp\/v2\/users\/5"}],"replies":[{"embeddable":true,"href":"https:\/\/ajan.africa\/pt\/wp-json\/wp\/v2\/comments?post=11802"}],"version-history":[{"count":0,"href":"https:\/\/ajan.africa\/pt\/wp-json\/wp\/v2\/posts\/11802\/revisions"}],"wp:featuredmedia":[{"embeddable":true,"href":"https:\/\/ajan.africa\/pt\/wp-json\/wp\/v2\/media\/11803"}],"wp:attachment":[{"href":"https:\/\/ajan.africa\/pt\/wp-json\/wp\/v2\/media?parent=11802"}],"wp:term":[{"taxonomy":"category","embeddable":true,"href":"https:\/\/ajan.africa\/pt\/wp-json\/wp\/v2\/categories?post=11802"},{"taxonomy":"post_tag","embeddable":true,"href":"https:\/\/ajan.africa\/pt\/wp-json\/wp\/v2\/tags?post=11802"}],"curies":[{"name":"wp","href":"https:\/\/api.w.org\/{rel}","templated":true}]}}