{"id":11870,"date":"2022-12-09T11:50:03","date_gmt":"2022-12-09T11:50:03","guid":{"rendered":"https:\/\/ajan.africa\/?p=11870"},"modified":"2022-12-09T13:30:10","modified_gmt":"2022-12-09T13:30:10","slug":"journee-mondiale-du-sida-a-bangui-le-ciee-ccu-pousse-pour-legalite","status":"publish","type":"post","link":"https:\/\/ajan.africa\/pt\/journee-mondiale-du-sida-a-bangui-le-ciee-ccu-pousse-pour-legalite\/","title":{"rendered":"DIA MUNDIAL CONTRA A AIDS EM BANGUI: O CIEE-CCU PROMOVE A IGUALDADE"},"content":{"rendered":"<p>Os jovens da Rep\u00fablica Centro-Africana juntaram-se ao resto do mundo para comemorar o Dia Mundial da AIDS 2022. De acordo com o relat\u00f3rio do UNAIDS 2022, os jovens s\u00e3o os mais vulner\u00e1veis \u200b\u200bao HIV \/ AIDS, a Rede Jesu\u00edta Africana de AIDS (AJAN) promove o programa de desenvolvimento humano, que atinge pelo menos os mais jovens, para permitir que eles vivam suas vidas ao m\u00e1ximo e contribuam ativamente para a constru\u00e7\u00e3o de uma sociedade livre de AIDS. O Dia Mundial da AIDS 2022 foi comemorado na segunda-feira, 05 de dezembro de 2022 na Rep\u00fablica Centro-Africana. Esta comemora\u00e7\u00e3o foi uma oportunidade para reflectir sobre o tema internacional: \u201cPUSH FOR EQUALITY\u201d, mas tamb\u00e9m sobre o tema nacional: \u201cFim da transmiss\u00e3o do HIV\/SIDA entre raparigas e adolescentes\u201d. A cerim\u00f3nia decorreu na presen\u00e7a do Presidente da Rep\u00fablica S.E. Pr Faustin Archange TOUADERA, no Lyc\u00e9e des Martyrs em Bangui.<\/p>\n\n\n\n<figure class=\"wp-block-image size-large\"><img fetchpriority=\"high\" decoding=\"async\" width=\"1024\" height=\"683\" src=\"https:\/\/ajan.africa\/wp-content\/uploads\/2022\/12\/Peer-Educators-discussing-with-the-President-1024x683.jpg\" alt=\"\" class=\"wp-image-11874\" srcset=\"https:\/\/ajan.africa\/wp-content\/uploads\/2022\/12\/Peer-Educators-discussing-with-the-President-1024x683.jpg 1024w, https:\/\/ajan.africa\/wp-content\/uploads\/2022\/12\/Peer-Educators-discussing-with-the-President-300x200.jpg 300w, https:\/\/ajan.africa\/wp-content\/uploads\/2022\/12\/Peer-Educators-discussing-with-the-President-768x512.jpg 768w, https:\/\/ajan.africa\/wp-content\/uploads\/2022\/12\/Peer-Educators-discussing-with-the-President-1536x1024.jpg 1536w, https:\/\/ajan.africa\/wp-content\/uploads\/2022\/12\/Peer-Educators-discussing-with-the-President-2048x1365.jpg 2048w, https:\/\/ajan.africa\/wp-content\/uploads\/2022\/12\/Peer-Educators-discussing-with-the-President-18x12.jpg 18w\" sizes=\"(max-width: 1024px) 100vw, 1024px\" \/><figcaption class=\"wp-element-caption translation-block\">Presidente da Rep\u00fablica Centro-Africana S.E. Pr Faustin Archange TOUADERA, no Lyc\u00e9e des Martyrs em Bangui<\/figcaption><\/figure>\n\n\n\n<p>A boa not\u00edcia, de acordo com o comit\u00ea de AIDS, \u00e9 que a taxa de preval\u00eancia da AIDS est\u00e1 caindo. No entanto, o cuidado ainda \u00e9 um tanto atrapalhado e desproporcional. Essas desigualdades precisar\u00e3o ser superadas para acabar com a transmiss\u00e3o pelas se\u00e7\u00f5es desprivilegiadas de nossas comunidades. A Coordena\u00e7\u00e3o Nacional de Luta contra o HIV\/SIDA (CN\/CNLS), notou que durante o ano de 2022 os valores sofreram uma quebra significativa com uma distribui\u00e7\u00e3o desigual no territ\u00f3rio nacional. Segundo as an\u00e1lises, as profissionais do sexo s\u00e3o as mais afetadas (15%) por esta pandemia. Bangui, a capital e principal cidade do pa\u00eds, \u00e9 a menos afetada com uma taxa de infec\u00e7\u00e3o de 2%. Isso exige esfor\u00e7os redobrados na luta contra a AIDS nas periferias e nas regi\u00f5es remotas da RCA.<\/p>\n\n\n\n<p>\u201cA discrimina\u00e7\u00e3o e a estigmatiza\u00e7\u00e3o contribuem para a propaga\u00e7\u00e3o do v\u00edrus, porque discriminar ou estigmatizar um paciente n\u00e3o o encoraja a seguir o tratamento ou a fazer o teste\u201d especifica NDOMA KETTE Kevin, l\u00edder do Club Info Sant\u00e9 9 CIEE\/CCU. Por isso \u00e9 importante focar na conscientiza\u00e7\u00e3o para diminuir o \u00edndice de segrega\u00e7\u00e3o no pa\u00eds. Ele justifica. O CIEE-CCU, por meio de seus 154 Educadores de Pares, continua a aumentar a conscientiza\u00e7\u00e3o por todos os meios poss\u00edveis. Durante a cerim\u00f4nia do JMS 2022, eles conscientizaram os participantes usando seus folhetos e p\u00f4steres de conscientiza\u00e7\u00e3o e palestras locais.<\/p>\n\n\n\n<figure class=\"wp-block-image size-large\"><img decoding=\"async\" width=\"1024\" height=\"683\" src=\"https:\/\/ajan.africa\/wp-content\/uploads\/2022\/12\/President-TOUADERA-congratulates-and-encourages-CIEE-CCU-Peer-Educators-1024x683.jpg\" alt=\"\" class=\"wp-image-11875\" srcset=\"https:\/\/ajan.africa\/wp-content\/uploads\/2022\/12\/President-TOUADERA-congratulates-and-encourages-CIEE-CCU-Peer-Educators-1024x683.jpg 1024w, https:\/\/ajan.africa\/wp-content\/uploads\/2022\/12\/President-TOUADERA-congratulates-and-encourages-CIEE-CCU-Peer-Educators-300x200.jpg 300w, https:\/\/ajan.africa\/wp-content\/uploads\/2022\/12\/President-TOUADERA-congratulates-and-encourages-CIEE-CCU-Peer-Educators-768x512.jpg 768w, https:\/\/ajan.africa\/wp-content\/uploads\/2022\/12\/President-TOUADERA-congratulates-and-encourages-CIEE-CCU-Peer-Educators-1536x1024.jpg 1536w, https:\/\/ajan.africa\/wp-content\/uploads\/2022\/12\/President-TOUADERA-congratulates-and-encourages-CIEE-CCU-Peer-Educators-2048x1365.jpg 2048w, https:\/\/ajan.africa\/wp-content\/uploads\/2022\/12\/President-TOUADERA-congratulates-and-encourages-CIEE-CCU-Peer-Educators-18x12.jpg 18w\" sizes=\"(max-width: 1024px) 100vw, 1024px\" \/><figcaption class=\"wp-element-caption\"><em><em>Presidente da Rep\u00fablica Centro-Africana S.E. Pr Faustin Archange TOUADERA, no Lyc\u00e9e des Martyrs em Bangui lan\u00e7a o plano estrat\u00e9gico nacional de luta contra o HIV\/AIDS at\u00e9 2030<\/em><\/em><\/figcaption><\/figure>\n\n\n\n<p>Por seu turno, o Presidente da Rep\u00fablica lan\u00e7a o Plano Estrat\u00e9gico Nacional de Combate ao HIV\/SIDA at\u00e9 2030, que visa eliminar a discrimina\u00e7\u00e3o e promover a promo\u00e7\u00e3o da igualdade como tema escolhido para este ano de 2022. Exorta os jovens militantes da emancipa\u00e7\u00e3o no CAR n\u00e3o s\u00f3 para perceber a gravidade da doen\u00e7a, mas tamb\u00e9m para se manter no \u00edmpeto da evolu\u00e7\u00e3o intelectual da juventude.<\/p>\n\n\n\n<p>A presen\u00e7a de estudantes e organiza\u00e7\u00f5es e associa\u00e7\u00f5es que lutam contra a pandemia da SIDA no Lyc\u00e9e des Martyrs testemunha a import\u00e2ncia que o pa\u00eds atribui \u00e0 luta contra este flagelo.<\/p>\n\n\n\n<figure class=\"wp-block-image size-large\"><img decoding=\"async\" width=\"1024\" height=\"683\" src=\"https:\/\/ajan.africa\/wp-content\/uploads\/2022\/12\/CIEE-CCU-Exhibition-Stand-1024x683.jpg\" alt=\"\" class=\"wp-image-11873\" srcset=\"https:\/\/ajan.africa\/wp-content\/uploads\/2022\/12\/CIEE-CCU-Exhibition-Stand-1024x683.jpg 1024w, https:\/\/ajan.africa\/wp-content\/uploads\/2022\/12\/CIEE-CCU-Exhibition-Stand-300x200.jpg 300w, https:\/\/ajan.africa\/wp-content\/uploads\/2022\/12\/CIEE-CCU-Exhibition-Stand-768x512.jpg 768w, https:\/\/ajan.africa\/wp-content\/uploads\/2022\/12\/CIEE-CCU-Exhibition-Stand-1536x1024.jpg 1536w, https:\/\/ajan.africa\/wp-content\/uploads\/2022\/12\/CIEE-CCU-Exhibition-Stand-2048x1365.jpg 2048w, https:\/\/ajan.africa\/wp-content\/uploads\/2022\/12\/CIEE-CCU-Exhibition-Stand-18x12.jpg 18w\" sizes=\"(max-width: 1024px) 100vw, 1024px\" \/><\/figure>\n\n\n\n<p>Aos Peer Educators do Centre Catholique Universitaire, que constituem uma grande massa de atores na luta contra o HIV\/SIDA nas escolas e nos meios acad\u00e9micos, a luta contra a doen\u00e7a exige: \u201cconscientiza\u00e7\u00e3o; a\u00e7\u00e3o, perseveran\u00e7a; compromisso e compaix\u00e3o\u201d. Eles se encontram desafiados mais do que nunca neste ano educacional, onde a constru\u00e7\u00e3o de uma gera\u00e7\u00e3o feliz requer seu senso de compaix\u00e3o e comprometimento.<\/p>\n\n\n\n<p>Orgulhosos da sua miss\u00e3o, os Educadores de Pares do Centro Universit\u00e1rio Cat\u00f3lico foram agradecidos pelo Presidente da Rep\u00fablica pelo esfor\u00e7o desenvolvido pelo Centro Universit\u00e1rio Cat\u00f3lico atrav\u00e9s dos seus jovens na luta contra o HIV\/SIDA no pa\u00eds.<\/p>\n\n\n\n<p>Juntos, lutamos contra o HIV\/AIDS na Rep\u00fablica Centro-Africana e contra a estigmatiza\u00e7\u00e3o das pessoas que vivem com o v\u00edrus.<\/p>\n\n\n\n<p><strong>\u201cOlhemos o mundo com otimismo e compaix\u00e3o\u201d<\/strong><\/p>\n\n\n\n<p style=\"font-size:16px\">por, <\/p>\n\n\n\n<p style=\"font-size:16px\"><strong>SERVI\u00c7O BENAM Stanislas Henry<\/strong><\/p>\n\n\n\n<p style=\"font-size:16px\"><strong>L\u00edder do Health Info Club 8<\/strong><\/p>\n\n\n\n<p>e<\/p>\n\n\n\n<p style=\"font-size:16px\"><strong>Por, Charles Somda, SJ<\/strong><\/p>\n\n\n\n<p style=\"font-size:16px\"><strong>Coordenador do CIEE-CCU<\/strong><\/p>","protected":false},"excerpt":{"rendered":"<p>Young people in the Central African Republic joined the rest of the world in celebrating World AIDS Day 2022. According to UNAIDS report 2022 young people are the most vulnerable to HIV\/AIDS, the African Jesuit AIDS Network (AJAN) promotes human development program, which targets at least the youngest, to enable<\/p>\n<p><a class=\"sd-more sd-all-trans\" href=\"https:\/\/ajan.africa\/pt\/journee-mondiale-du-sida-a-bangui-le-ciee-ccu-pousse-pour-legalite\/#more-11870\">consulte Mais informa\u00e7\u00e3o<\/a><\/p>","protected":false},"author":5,"featured_media":11872,"comment_status":"closed","ping_status":"open","sticky":false,"template":"","format":"standard","meta":{"om_disable_all_campaigns":false,"_monsterinsights_skip_tracking":false,"_monsterinsights_sitenote_active":false,"_monsterinsights_sitenote_note":"","_monsterinsights_sitenote_category":0,"footnotes":""},"categories":[107],"tags":[],"class_list":["post-11870","post","type-post","status-publish","format-standard","has-post-thumbnail","hentry","category-ajan-y4y-initiative"],"aioseo_notices":[],"_links":{"self":[{"href":"https:\/\/ajan.africa\/pt\/wp-json\/wp\/v2\/posts\/11870","targetHints":{"allow":["GET"]}}],"collection":[{"href":"https:\/\/ajan.africa\/pt\/wp-json\/wp\/v2\/posts"}],"about":[{"href":"https:\/\/ajan.africa\/pt\/wp-json\/wp\/v2\/types\/post"}],"author":[{"embeddable":true,"href":"https:\/\/ajan.africa\/pt\/wp-json\/wp\/v2\/users\/5"}],"replies":[{"embeddable":true,"href":"https:\/\/ajan.africa\/pt\/wp-json\/wp\/v2\/comments?post=11870"}],"version-history":[{"count":0,"href":"https:\/\/ajan.africa\/pt\/wp-json\/wp\/v2\/posts\/11870\/revisions"}],"wp:featuredmedia":[{"embeddable":true,"href":"https:\/\/ajan.africa\/pt\/wp-json\/wp\/v2\/media\/11872"}],"wp:attachment":[{"href":"https:\/\/ajan.africa\/pt\/wp-json\/wp\/v2\/media?parent=11870"}],"wp:term":[{"taxonomy":"category","embeddable":true,"href":"https:\/\/ajan.africa\/pt\/wp-json\/wp\/v2\/categories?post=11870"},{"taxonomy":"post_tag","embeddable":true,"href":"https:\/\/ajan.africa\/pt\/wp-json\/wp\/v2\/tags?post=11870"}],"curies":[{"name":"wp","href":"https:\/\/api.w.org\/{rel}","templated":true}]}}