{"id":13103,"date":"2023-06-06T06:51:04","date_gmt":"2023-06-06T06:51:04","guid":{"rendered":"https:\/\/ajan.africa\/?p=13103"},"modified":"2023-06-06T06:55:38","modified_gmt":"2023-06-06T06:55:38","slug":"i-am-going-to-care-for-the-world-i-live-in-through-taking-care-of-those-infected-and-affected-by-hiv","status":"publish","type":"post","link":"https:\/\/ajan.africa\/pt\/i-am-going-to-care-for-the-world-i-live-in-through-taking-care-of-those-infected-and-affected-by-hiv\/","title":{"rendered":"Vou cuidar do mundo em que vivo, cuidando das pessoas infectadas e afetadas pelo HIV"},"content":{"rendered":"<p class=\"translation-block\">A forma\u00e7\u00e3o AHAPPY da equipa AJAN de 23<sup>rd<\/sup> a 27<sup>th<\/sup> de maio de 2023 em S\u00e3o Paulo da Cruz, Centro de Retiro Passionista-Comunidade G\u00f3lgota foi educativa e agrad\u00e1vel <a href=\"https:\/\/ajan.africa\/pt\/integral-formation-for-the-youth-leaders-the-catholic-diocese-of-homabay\/\" title=\"\" target=\"_self\">(Hist\u00f3ria principal)<\/a>. A principal coisa que aprendi com o treinamento \u00e9 como me vejo no mundo em que vivo e cuidando daqueles que est\u00e3o infectados e afetados pelo HIV e DSTs em minha comunidade.<\/p>\n\n\n\n<figure class=\"wp-block-image size-large\"><img fetchpriority=\"high\" decoding=\"async\" width=\"1024\" height=\"577\" src=\"https:\/\/ajan.africa\/wp-content\/uploads\/2023\/06\/DSC06804-1024x577.jpg\" alt=\"\" class=\"wp-image-13105\" srcset=\"https:\/\/ajan.africa\/wp-content\/uploads\/2023\/06\/DSC06804-1024x577.jpg 1024w, https:\/\/ajan.africa\/wp-content\/uploads\/2023\/06\/DSC06804-300x169.jpg 300w, https:\/\/ajan.africa\/wp-content\/uploads\/2023\/06\/DSC06804-768x432.jpg 768w, https:\/\/ajan.africa\/wp-content\/uploads\/2023\/06\/DSC06804-1536x865.jpg 1536w, https:\/\/ajan.africa\/wp-content\/uploads\/2023\/06\/DSC06804-18x10.jpg 18w, https:\/\/ajan.africa\/wp-content\/uploads\/2023\/06\/DSC06804-274x155.jpg 274w, https:\/\/ajan.africa\/wp-content\/uploads\/2023\/06\/DSC06804.jpg 1920w\" sizes=\"(max-width: 1024px) 100vw, 1024px\" \/><\/figure>\n\n\n\n<p>Um t\u00f3pico que se destacou para mim e trouxe uma nova perspectiva para mim \u00e9 o desenvolvimento do c\u00e9rebro adolescente. Madam Mary, uma das facilitadoras, destacou que nossas a\u00e7\u00f5es quando somos adultos s\u00e3o desenvolvidas a partir das decis\u00f5es que tomamos quando adolescentes. \u00c0s vezes voc\u00ea percebe que as decis\u00f5es negativas que tomamos enquanto somos jovens s\u00e3o por causa da press\u00e3o dos colegas, frustra\u00e7\u00f5es, estresse e depress\u00e3o que afetam o desenvolvimento cerebral de uma crian\u00e7a e adolescente.<\/p>\n\n\n<div class=\"wp-block-image\">\n<figure class=\"aligncenter size-large\"><img decoding=\"async\" width=\"1024\" height=\"577\" src=\"https:\/\/ajan.africa\/wp-content\/uploads\/2023\/06\/DSC07023-1024x577.jpg\" alt=\"Joyce Samte (Center) with colleagues during AHAPPY ToT Catholic Diocese of Homabay discussing on how they youth can be at the forefront in addressing issues on HIV and drug abuse.\" class=\"wp-image-13106\" srcset=\"https:\/\/ajan.africa\/wp-content\/uploads\/2023\/06\/DSC07023-1024x577.jpg 1024w, https:\/\/ajan.africa\/wp-content\/uploads\/2023\/06\/DSC07023-300x169.jpg 300w, https:\/\/ajan.africa\/wp-content\/uploads\/2023\/06\/DSC07023-768x432.jpg 768w, https:\/\/ajan.africa\/wp-content\/uploads\/2023\/06\/DSC07023-1536x865.jpg 1536w, https:\/\/ajan.africa\/wp-content\/uploads\/2023\/06\/DSC07023-18x10.jpg 18w, https:\/\/ajan.africa\/wp-content\/uploads\/2023\/06\/DSC07023-274x155.jpg 274w, https:\/\/ajan.africa\/wp-content\/uploads\/2023\/06\/DSC07023.jpg 1920w\" sizes=\"(max-width: 1024px) 100vw, 1024px\" \/><figcaption class=\"wp-element-caption translation-block\"><em>Joyce Samte (Centro) com colegas durante AHAPPY ToT Diocese Cat\u00f3lica de Homabay<\/em> <em>discutindo como os jovens podem estar na vanguarda ao abordar quest\u00f5es sobre HIV<\/em> <em>e abuso de drogas<\/em>.<\/figcaption><\/figure>\n<\/div>\n\n\n<p>Tamb\u00e9m aprendi que os jovens t\u00eam um grande papel a desempenhar quando se trata de cuidar das pessoas afetadas pelo HIV. A \u00fanica forma de assumirmos este papel \u00e9 n\u00e3o estigmatizar os afectados pelo HIV, mas sim aproxim\u00e1-los porque s\u00e3o nossos irm\u00e3os e irm\u00e3s, tendo em conta que vivo num dos concelhos que se destaca como o de maior infec\u00e7\u00e3o pelo HIV no Qu\u00eania, n\u00f3s, como jovens, devemos nos esfor\u00e7ar para criar consci\u00eancia p\u00fablica e, como jovens, devemos nos abster de sexo antes do casamento.<\/p>\n\n\n<div class=\"wp-block-image\">\n<figure class=\"aligncenter size-large\"><img decoding=\"async\" width=\"1024\" height=\"577\" src=\"https:\/\/ajan.africa\/wp-content\/uploads\/2023\/06\/DSC07096-1024x577.jpg\" alt=\"\" class=\"wp-image-13107\" srcset=\"https:\/\/ajan.africa\/wp-content\/uploads\/2023\/06\/DSC07096-1024x577.jpg 1024w, https:\/\/ajan.africa\/wp-content\/uploads\/2023\/06\/DSC07096-300x169.jpg 300w, https:\/\/ajan.africa\/wp-content\/uploads\/2023\/06\/DSC07096-768x432.jpg 768w, https:\/\/ajan.africa\/wp-content\/uploads\/2023\/06\/DSC07096-1536x865.jpg 1536w, https:\/\/ajan.africa\/wp-content\/uploads\/2023\/06\/DSC07096-18x10.jpg 18w, https:\/\/ajan.africa\/wp-content\/uploads\/2023\/06\/DSC07096-274x155.jpg 274w, https:\/\/ajan.africa\/wp-content\/uploads\/2023\/06\/DSC07096.jpg 1920w\" sizes=\"(max-width: 1024px) 100vw, 1024px\" \/><figcaption class=\"wp-element-caption\"><em>Participantes durante uma atividade ao ar livre durante a Diocese Cat\u00f3lica AHAPPY ToT de Homabay<\/em><\/figcaption><\/figure>\n<\/div>\n\n\n<p>Como l\u00edder em meu reitor, volto sabendo que adquiri conhecimentos e habilidades para ensinar aos jovens como podemos trabalhar por conta pr\u00f3pria, ajudar a conscientizar e educar meus colegas jovens sobre os efeitos das drogas e como n\u00f3s, como jovens, somos capazes de usar a m\u00eddia social para nos fortalecer social e economicamente. Terei um papel maior em ajudar os jovens do meu reitor a lidar com os problemas que est\u00e3o enfrentando.<\/p>\n\n\n<div class=\"wp-block-image\">\n<figure class=\"aligncenter size-large\"><img loading=\"lazy\" decoding=\"async\" width=\"1024\" height=\"577\" src=\"https:\/\/ajan.africa\/wp-content\/uploads\/2023\/06\/DSC07697-1024x577.jpg\" alt=\"\" class=\"wp-image-13108\" srcset=\"https:\/\/ajan.africa\/wp-content\/uploads\/2023\/06\/DSC07697-1024x577.jpg 1024w, https:\/\/ajan.africa\/wp-content\/uploads\/2023\/06\/DSC07697-300x169.jpg 300w, https:\/\/ajan.africa\/wp-content\/uploads\/2023\/06\/DSC07697-768x432.jpg 768w, https:\/\/ajan.africa\/wp-content\/uploads\/2023\/06\/DSC07697-1536x865.jpg 1536w, https:\/\/ajan.africa\/wp-content\/uploads\/2023\/06\/DSC07697-18x10.jpg 18w, https:\/\/ajan.africa\/wp-content\/uploads\/2023\/06\/DSC07697-274x155.jpg 274w, https:\/\/ajan.africa\/wp-content\/uploads\/2023\/06\/DSC07697.jpg 1920w\" sizes=\"(max-width: 1024px) 100vw, 1024px\" \/><figcaption class=\"wp-element-caption\"><em>Os participantes do AHAPPY ToT Geoffrey Mboya e Joyce Samte junto com pe. Tom Joseph Mboya (Centro)<\/em><\/figcaption><\/figure>\n<\/div>\n\n\n<p>Em nome dos jovens membros do reitor de Asumbi, aproveito esta oportunidade para agradecer \u00e0 equipa da AJAN. Prometo trazer mudan\u00e7as ao meu reitor atrav\u00e9s das habilidades que adquiri com o seu Treinamento de Instrutores AHAPPY. Muito obrigado e que Deus aben\u00e7oe seu bom trabalho.<\/p>\n\n\n\n<p style=\"font-size:16px\" class=\"translation-block\"><em>Por, <strong>Joyce Samte<\/strong>,<\/em><\/p>\n\n\n\n<p style=\"font-size:16px\" class=\"translation-block\"><em> Da Par\u00f3quia de St. Arnold's Nyalieng'a,<\/em> Diocese Cat\u00f3lica de Homabay.<\/p>","protected":false},"excerpt":{"rendered":"<p>The AHAPPY training by the AJAN team from the 23rd to 27th May 2023 at St. Paul of the Cross, Passionist Retreat Center-Golgotha Community was educative and enjoyable (Main Story). The main thing that I got from the training is how do I view myself in the world that I<\/p>\n<p><a class=\"sd-more sd-all-trans\" href=\"https:\/\/ajan.africa\/pt\/i-am-going-to-care-for-the-world-i-live-in-through-taking-care-of-those-infected-and-affected-by-hiv\/#more-13103\">consulte Mais informa\u00e7\u00e3o<\/a><\/p>","protected":false},"author":5,"featured_media":13104,"comment_status":"closed","ping_status":"open","sticky":false,"template":"","format":"standard","meta":{"om_disable_all_campaigns":false,"_monsterinsights_skip_tracking":false,"_monsterinsights_sitenote_active":false,"_monsterinsights_sitenote_note":"","_monsterinsights_sitenote_category":0,"footnotes":""},"categories":[109],"tags":[],"class_list":["post-13103","post","type-post","status-publish","format-standard","has-post-thumbnail","hentry","category-testimonials"],"aioseo_notices":[],"_links":{"self":[{"href":"https:\/\/ajan.africa\/pt\/wp-json\/wp\/v2\/posts\/13103","targetHints":{"allow":["GET"]}}],"collection":[{"href":"https:\/\/ajan.africa\/pt\/wp-json\/wp\/v2\/posts"}],"about":[{"href":"https:\/\/ajan.africa\/pt\/wp-json\/wp\/v2\/types\/post"}],"author":[{"embeddable":true,"href":"https:\/\/ajan.africa\/pt\/wp-json\/wp\/v2\/users\/5"}],"replies":[{"embeddable":true,"href":"https:\/\/ajan.africa\/pt\/wp-json\/wp\/v2\/comments?post=13103"}],"version-history":[{"count":0,"href":"https:\/\/ajan.africa\/pt\/wp-json\/wp\/v2\/posts\/13103\/revisions"}],"wp:featuredmedia":[{"embeddable":true,"href":"https:\/\/ajan.africa\/pt\/wp-json\/wp\/v2\/media\/13104"}],"wp:attachment":[{"href":"https:\/\/ajan.africa\/pt\/wp-json\/wp\/v2\/media?parent=13103"}],"wp:term":[{"taxonomy":"category","embeddable":true,"href":"https:\/\/ajan.africa\/pt\/wp-json\/wp\/v2\/categories?post=13103"},{"taxonomy":"post_tag","embeddable":true,"href":"https:\/\/ajan.africa\/pt\/wp-json\/wp\/v2\/tags?post=13103"}],"curies":[{"name":"wp","href":"https:\/\/api.w.org\/{rel}","templated":true}]}}