{"id":13221,"date":"2023-06-16T11:35:31","date_gmt":"2023-06-16T11:35:31","guid":{"rendered":"https:\/\/ajan.africa\/?p=13221"},"modified":"2023-06-16T15:57:23","modified_gmt":"2023-06-16T15:57:23","slug":"international-day-of-the-african-child-2023","status":"publish","type":"post","link":"https:\/\/ajan.africa\/pt\/international-day-of-the-african-child-2023\/","title":{"rendered":"DIA INTERNACIONAL DA CRIAN\u00c7A AFRICANA 2023\u00a0"},"content":{"rendered":"<h3 class=\"wp-block-heading has-text-align-center\"><strong>16 DE JUNHO DE 2023<\/strong><\/h3>\n\n\n\n<h2 class=\"wp-block-heading has-text-align-center has-vivid-red-color has-text-color\"><strong><em>Os Direitos da Crian\u00e7a no ambiente digital<\/em><\/strong><\/h2>\n\n\n\n<p class=\"translation-block\">Desde 1991, a <strong>Organiza\u00e7\u00e3o da Unidade Africana<\/strong> (OUA), iniciou o <strong>Dia da Crian\u00e7a Africana<\/strong> em 16 de junho para homenagear as vidas das crian\u00e7as de Soweto que protestaram contra a m\u00e1 qualidade da educa\u00e7\u00e3o e para conscientizar sobre a educa\u00e7\u00e3o e o cuidado com nossas crian\u00e7as. <strong><em>A boa educa\u00e7\u00e3o transforma.<\/em> <em>O capital humano \u00e9 um dos pilares do desenvolvimento econ\u00f4mico<\/em>. <\/strong>Mais de duas d\u00e9cadas depois, ainda h\u00e1 uma grande necessidade de melhorar o sistema educacional na \u00c1frica e em outras partes do mundo. S\u00e3o muitas as desigualdades e injusti\u00e7as que carecem de um profundo exame de consci\u00eancia de todos n\u00f3s atrav\u00e9s das seguintes quest\u00f5es: <em>Onde est\u00e3o os nossos filhos?<\/em> <em>Como e em que condi\u00e7\u00f5es os nossos filhos s\u00e3o educados?<\/em> <em>Quem est\u00e1 educando nossas crian\u00e7as?<\/em> <em>Como estar\u00e1 nosso continente e o mundo daqui a 50 anos?<\/em> Uma forte convers\u00e3o de cora\u00e7\u00e3o e mente \u00e9 exigida de nossos l\u00edderes em todos os n\u00edveis e todos n\u00f3s juntos. Cuidado, prote\u00e7\u00e3o e boa educa\u00e7\u00e3o hol\u00edstica das crian\u00e7as \u00e9 mais do que necess\u00e1rio.<\/p>\n\n\n\n<p class=\"translation-block\">Nosso mundo experimenta mudan\u00e7as cont\u00ednuas em todos os n\u00edveis e essas mudan\u00e7as, incluindo o progresso digital, est\u00e3o afetando a todos n\u00f3s e, mais importante, nossas crian\u00e7as e jovens. O tema do Dia da Crian\u00e7a Africana (DAC) 2023 intitula-se <strong><em>\u201cOs Direitos da Crian\u00e7a no ambiente digital\u201d.<\/em><\/strong><\/p>\n\n\n<div class=\"wp-block-image\">\n<figure class=\"aligncenter size-large\"><img fetchpriority=\"high\" decoding=\"async\" width=\"1024\" height=\"685\" src=\"https:\/\/ajan.africa\/wp-content\/uploads\/2023\/06\/DSC_0334-1024x685.jpg\" alt=\"Our young children from FASO-Association les B\u00e9n\u00e9voles de l\u2019Esperance-Burkina Faso \" class=\"wp-image-13229\" srcset=\"https:\/\/ajan.africa\/wp-content\/uploads\/2023\/06\/DSC_0334-1024x685.jpg 1024w, https:\/\/ajan.africa\/wp-content\/uploads\/2023\/06\/DSC_0334-300x201.jpg 300w, https:\/\/ajan.africa\/wp-content\/uploads\/2023\/06\/DSC_0334-768x514.jpg 768w, https:\/\/ajan.africa\/wp-content\/uploads\/2023\/06\/DSC_0334-1536x1028.jpg 1536w, https:\/\/ajan.africa\/wp-content\/uploads\/2023\/06\/DSC_0334-18x12.jpg 18w, https:\/\/ajan.africa\/wp-content\/uploads\/2023\/06\/DSC_0334.jpg 1920w\" sizes=\"(max-width: 1024px) 100vw, 1024px\" \/><figcaption class=\"wp-element-caption\"><em>Our young children from Association les B\u00e9n\u00e9voles de l\u2019Esperance<\/em>&#8211;<em>Burkina Faso<\/em> <\/figcaption><\/figure>\n<\/div>\n\n\n<p class=\"translation-block\">N\u00e3o \u00e9 de surpreender que os jovens sejam a for\u00e7a motriz da conectividade globalmente. Nos \u00faltimos anos, o acesso \u00e0 Internet na \u00c1frica cresceu rapidamente. De acordo com <em>Internet Users Statistics for Africa<\/em> (Africa Internet Usage, 2022 Population Stats and Facebook Subscribers), <strong><em>A penetra\u00e7\u00e3o da Internet \u00e9 de 43,0%, com mais de 590 milh\u00f5es de pessoas<\/em>, agora tendo acesso \u00e0 web. Tr\u00eas <strong><em>quarto deles s\u00e3o jovens entre 15 e 35 anos.<\/em><\/strong> Isso abriu muitas novas oportunidades para os jovens de desenvolvimento socioecon\u00f4mico, por meio do uso de plataformas sociais como como, Facebook, TikTok, Instagram e Twitter.<\/p>\n\n\n\n<p class=\"translation-block\">No entanto, esse r\u00e1pido crescimento tamb\u00e9m trouxe <strong><em>novos desafios<\/em><\/strong>, pois ao navegar na Internet, crian\u00e7as e jovens podem ser expostos a <strong>discurso de \u00f3dio e conte\u00fado violento \u2013 incluindo mensagens que incitem a automutila\u00e7\u00e3o e at\u00e9 mesmo o suic\u00eddio.<\/strong> Jovens usu\u00e1rios da Internet tamb\u00e9m s\u00e3o vulner\u00e1veis ao <strong>recrutamento por grupos extremistas e terroristas<\/strong>. As plataformas digitais tamb\u00e9m t\u00eam sido usadas como vetores de <strong>desinforma\u00e7\u00e3o e teorias da conspira\u00e7\u00e3o<\/strong> <strong>que t\u00eam um efeito nocivo sobre crian\u00e7as e jovens<\/strong>. O mais alarmante \u00e9 a amea\u00e7a de <strong>explora\u00e7\u00e3o e abuso sexual online<\/strong>. Nunca foi t\u00e3o f\u00e1cil para os agressores sexuais infantis entrar em contato com suas v\u00edtimas em potencial, compartilhar imagens e encorajar outras pessoas a cometer crimes. Cerca de 80% das crian\u00e7as em 25 pa\u00edses relatam sentir-se em perigo de abuso ou explora\u00e7\u00e3o sexual online (ONU, 2021).<\/p>\n\n\n<div class=\"wp-block-image\">\n<figure class=\"aligncenter size-large\"><img decoding=\"async\" width=\"1024\" height=\"685\" src=\"https:\/\/ajan.africa\/wp-content\/uploads\/2023\/06\/DSC_0292-1024x685.jpg\" alt=\"\" class=\"wp-image-13227\" srcset=\"https:\/\/ajan.africa\/wp-content\/uploads\/2023\/06\/DSC_0292-1024x685.jpg 1024w, https:\/\/ajan.africa\/wp-content\/uploads\/2023\/06\/DSC_0292-300x201.jpg 300w, https:\/\/ajan.africa\/wp-content\/uploads\/2023\/06\/DSC_0292-768x514.jpg 768w, https:\/\/ajan.africa\/wp-content\/uploads\/2023\/06\/DSC_0292-1536x1028.jpg 1536w, https:\/\/ajan.africa\/wp-content\/uploads\/2023\/06\/DSC_0292-18x12.jpg 18w, https:\/\/ajan.africa\/wp-content\/uploads\/2023\/06\/DSC_0292.jpg 1920w\" sizes=\"(max-width: 1024px) 100vw, 1024px\" \/><figcaption class=\"wp-element-caption\"><em>Alunos do ensino m\u00e9dio da Association os Volunt\u00e1rios da Esperan\u00e7a - Burkina Faso<\/em><\/figcaption><\/figure>\n<\/div>\n\n\n<p class=\"translation-block\">\u00c9 necess\u00e1rio primeiro <em>Entender os direitos da crian\u00e7a no ambiente digital<\/em>, mas tamb\u00e9m <em>capacitar as crian\u00e7as africanas para aprender e maximizar o uso da Internet, incorporando pr\u00e1ticas hol\u00edsticas de seguran\u00e7a<\/em>. Os direitos da crian\u00e7a est\u00e3o consagrados na Conven\u00e7\u00e3o sobre os Direitos da Crian\u00e7a. O Comit\u00ea dos Direitos da Crian\u00e7a (CRC) da ONU, que monitora a implementa\u00e7\u00e3o da <strong>a<\/strong> <strong>Conven\u00e7\u00e3o, definiu as maneiras pelas quais jovens e crian\u00e7as devem ser tratados no mundo digital e como seus direitos devem ser protegidos.<\/strong><\/p>\n\n\n\n<p class=\"translation-block\">As Na\u00e7\u00f5es Unidas em seu relat\u00f3rio de 2021 recomendaram que <strong><em>Estados tomem medidas fortes, incluindo legisla\u00e7\u00e3o, para proteger as crian\u00e7as de conte\u00fado prejudicial e enganoso<\/em><\/strong>. As crian\u00e7as tamb\u00e9m devem <strong><em>ser protegidas de todas as formas de viol\u00eancia<\/em><\/strong> que ocorrem no ambiente digital, incluindo <strong><em>tr\u00e1fico de crian\u00e7as, viol\u00eancia de g\u00eanero, agress\u00e3o cibern\u00e9tica, ataques cibern\u00e9ticos e guerra de informa\u00e7\u00e3o<\/em><\/strong>. No cerne da prote\u00e7\u00e3o das crian\u00e7as<strong><em>, os pais, a Igreja e as institui\u00e7\u00f5es de ensino<\/em><\/strong> carregam o maior fardo. Um estudo do UNICEF em 2021 constatou que a <strong>falta de exposi\u00e7\u00e3o \u00e0 internet pelos pais limita sua capacidade de orientar adequadamente os filhos sobre o uso e seguran\u00e7a da internet<\/strong>. \u201cDois ter\u00e7os das <strong><em>crian\u00e7as que usam a Internet n\u00e3o foram ensinadas a se manter seguras online<\/em><\/strong>\u201d, disse o estudo, enquanto <strong><em>57% das crian\u00e7as tiveram compartilharam suas informa\u00e7\u00f5es pessoais<\/em><\/strong> com estranhos, <strong><em>42% relataram ter acessado imagens ou v\u00eddeos sexuais<\/em><\/strong> em seus feeds de m\u00eddia.<\/p>\n\n\n<div class=\"wp-block-image\">\n<figure class=\"aligncenter size-large\"><img decoding=\"async\" width=\"1024\" height=\"683\" src=\"https:\/\/ajan.africa\/wp-content\/uploads\/2023\/06\/FpFzEXzXwAA9h5I-1024x683.jpeg\" alt=\"\" class=\"wp-image-13230\" srcset=\"https:\/\/ajan.africa\/wp-content\/uploads\/2023\/06\/FpFzEXzXwAA9h5I-1024x683.jpeg 1024w, https:\/\/ajan.africa\/wp-content\/uploads\/2023\/06\/FpFzEXzXwAA9h5I-300x200.jpeg 300w, https:\/\/ajan.africa\/wp-content\/uploads\/2023\/06\/FpFzEXzXwAA9h5I-768x512.jpeg 768w, https:\/\/ajan.africa\/wp-content\/uploads\/2023\/06\/FpFzEXzXwAA9h5I-1536x1024.jpeg 1536w, https:\/\/ajan.africa\/wp-content\/uploads\/2023\/06\/FpFzEXzXwAA9h5I-18x12.jpeg 18w, https:\/\/ajan.africa\/wp-content\/uploads\/2023\/06\/FpFzEXzXwAA9h5I.jpeg 1920w\" sizes=\"(max-width: 1024px) 100vw, 1024px\" \/><figcaption class=\"wp-element-caption\"><em>Alunos do Groupe Scolaire Kagugu, Ruanda<\/em><\/figcaption><\/figure>\n<\/div>\n\n\n<p class=\"translation-block\">Em 10<sup><\/sup> de mar\u00e7o de 2023, o <em>Conselho de Direitos Humanos realizou a primeira parte de sua reuni\u00e3o anual de dia inteiro<\/em> sobre os direitos da crian\u00e7a sobre o tema dos <em>direitos da crian\u00e7a e o ambiente digital<\/em>. Volker T\u00fcrk, Alto Comissariado das Na\u00e7\u00f5es Unidas para os Direitos Humanos, disse que embora o mundo digital ainda estivesse em seus prim\u00f3rdios, a <strong><em>divis\u00e3o digital<\/em><\/strong><em> significava um n\u00famero impressionante de 2,2 bilh\u00f5es de crian\u00e7as e jovens com menos de 25 anos em todo o mundo ainda n\u00e3o tinham acesso \u00e0 Internet em casa<\/em>. <strong><em>Talvez seja hora de refor\u00e7ar o acesso universal \u00e0 Internet como um direito humano, e n\u00e3o apenas um privil\u00e9gio.<\/em><\/strong>\u00a0 Mesmo com essa proposi\u00e7\u00e3o, os palestrantes ainda observaram que o dano potencial do Internet n\u00e3o poderia ser negado. <em>As crian\u00e7as corriam o risco de muitas amea\u00e7as da Internet<\/em>, incluindo <em>exposi\u00e7\u00e3o a pornografia infantil e imagens indecentes e, portanto, todas as partes interessadas precisavam se esfor\u00e7ar para criar ambientes online que permitissem que as crian\u00e7as interagissem e crescessem, longe de h\u00e1bitos online nocivos e viciantes<\/em> ou compara\u00e7\u00e3o implac\u00e1vel com seus pares.<\/p>\n\n\n\n<p class=\"translation-block\">Em 2019, a <strong><em>Comiss\u00e3o Africana de Direitos Humanos e dos Povos<\/em><\/strong><em> adotou a Declara\u00e7\u00e3o de Princ\u00edpios sobre Liberdade de Express\u00e3o e Acesso \u00e0 Informa\u00e7\u00e3o na \u00c1frica<\/em> que chama mediante <strong><em>Estados a adotar leis, pol\u00edticas e outras medidas para promover o acesso acess\u00edvel \u00e0 internet para crian\u00e7as que as equipa com habilidades de alfabetiza\u00e7\u00e3o digital<\/em><\/strong> <strong><em>para educa\u00e7\u00e3o online e seguran\u00e7a, protege-os de danos on-line, protege sua privacidade e identidade e prev\u00ea o dever dos intermedi\u00e1rios da Internet de remover rapidamente o conte\u00fado on-line que representa perigo<\/em><\/strong> <em>ou pode ser prejudicial<\/em>. A Declara\u00e7\u00e3o tamb\u00e9m <strong><em>pro\u00edbe o compartilhamento prejudicial de informa\u00e7\u00f5es pessoais, como material de abuso sexual infantil.<\/em><\/strong><\/p>\n\n\n<div class=\"wp-block-image\">\n<figure class=\"aligncenter size-full\"><img loading=\"lazy\" decoding=\"async\" width=\"1024\" height=\"768\" src=\"https:\/\/ajan.africa\/wp-content\/uploads\/2023\/06\/WhatsApp-Image-2023-03-30-at-09.45.46-13.jpg\" alt=\"\" class=\"wp-image-13237\" srcset=\"https:\/\/ajan.africa\/wp-content\/uploads\/2023\/06\/WhatsApp-Image-2023-03-30-at-09.45.46-13.jpg 1024w, https:\/\/ajan.africa\/wp-content\/uploads\/2023\/06\/WhatsApp-Image-2023-03-30-at-09.45.46-13-300x225.jpg 300w, https:\/\/ajan.africa\/wp-content\/uploads\/2023\/06\/WhatsApp-Image-2023-03-30-at-09.45.46-13-768x576.jpg 768w, https:\/\/ajan.africa\/wp-content\/uploads\/2023\/06\/WhatsApp-Image-2023-03-30-at-09.45.46-13-16x12.jpg 16w\" sizes=\"(max-width: 1024px) 100vw, 1024px\" \/><figcaption class=\"wp-element-caption\"><em>Alunos do Ocer Campion Col\u00e9gio Jesu\u00edta, Uganda<\/em><\/figcaption><\/figure>\n<\/div>\n\n\n<p class=\"translation-block\">Com a declara\u00e7\u00e3o acima adotada, <em>Crian\u00e7as e jovens t\u00eam o direito de serem ouvidos sobre as quest\u00f5es que afetam suas vidas, seja educa\u00e7\u00e3o ou mudan\u00e7as clim\u00e1ticas e est\u00e3o tentando fazer isso atrav\u00e9s do espa\u00e7o digital<\/em>. \u201c<strong>Quando crian\u00e7as e jovens falam, o mundo deve ouvir<\/strong>\u201d, disse Charlotte Petri Gornitzka, vice-diretora executiva do UNICEF. \u201cSeja seus pa\u00edses ricos ou pobres, em guerra ou em paz, suas demandas s\u00e3o as mesmas: mais voz nas decis\u00f5es que os afetam, um planeta mais saud\u00e1vel e melhores oportunidades. Em um momento em que tantas esperan\u00e7as foram frustradas devido a uma pandemia violenta e aumento da pobreza, isso n\u00e3o \u00e9 pedir muito.\u201d<\/p>\n\n\n\n<p class=\"translation-block\">O papel da Igreja Cat\u00f3lica \u00e9 t\u00e3o grande quando se trata de <strong><em>caminhar com os jovens<\/em><\/strong> <strong><em>(4<sup>th<\/sup> Universal Apost\u00f3lica Prefer\u00eancias (UAP),<\/em><\/strong> a incerteza dos relacionamentos na era digital, a diminui\u00e7\u00e3o das oportunidades de trabalho, o crescimento da viol\u00eancia pol\u00edtica, a discrimina\u00e7\u00e3o, a degrada\u00e7\u00e3o do meio ambiente. Tudo isso dificulta que os jovens encontrar um caminho onde possam construir rela\u00e7\u00f5es pessoais e familiares solid\u00e1rias com base em s\u00f3lidos fundamentos espirituais e financeiros. A transforma\u00e7\u00e3o do mundo \u00e9 uma exig\u00eancia fundamental tamb\u00e9m do nosso tempo. <em>A esta necessidade pretendem os Jesu\u00edtas, atrav\u00e9s do Magist\u00e9rio social da Igreja Cat\u00f3lica oferecer as respostas exigidas pelos sinais dos tempos, apontando sobretudo para o amor rec\u00edproco entre os seres humanos, perante Deus, como o mais poderoso instrumento de mudan\u00e7a, a n\u00edvel pessoal e social<\/em>. o amor, de fato, participando do amor infinito de Deus, \u00e9 a aut\u00eantica finalidade da humanidade, hist\u00f3rica e transcendente. Portanto, <em>\u201co progresso terreno deve ser cuidadosamente distinguido do crescimento do reino de Cristo. No entanto, na medida em que o primeiro pode contribuir para a melhor ordena\u00e7\u00e3o da sociedade humana, \u00e9 de interesse vital para o reino de Deus\u201d<\/em>.<\/p>\n\n\n<div class=\"wp-block-image\">\n<figure class=\"aligncenter size-large\"><img loading=\"lazy\" decoding=\"async\" width=\"1024\" height=\"577\" src=\"https:\/\/ajan.africa\/wp-content\/uploads\/2023\/06\/DSC06199-1024x577.jpg\" alt=\"Our young people from Upendo Unit, St Josephs Development Programmes, Kangemi, Nairobi, Kenya\" class=\"wp-image-13232\" srcset=\"https:\/\/ajan.africa\/wp-content\/uploads\/2023\/06\/DSC06199-1024x577.jpg 1024w, https:\/\/ajan.africa\/wp-content\/uploads\/2023\/06\/DSC06199-300x169.jpg 300w, https:\/\/ajan.africa\/wp-content\/uploads\/2023\/06\/DSC06199-768x432.jpg 768w, https:\/\/ajan.africa\/wp-content\/uploads\/2023\/06\/DSC06199-1536x865.jpg 1536w, https:\/\/ajan.africa\/wp-content\/uploads\/2023\/06\/DSC06199-18x10.jpg 18w, https:\/\/ajan.africa\/wp-content\/uploads\/2023\/06\/DSC06199-274x155.jpg 274w, https:\/\/ajan.africa\/wp-content\/uploads\/2023\/06\/DSC06199.jpg 1920w\" sizes=\"(max-width: 1024px) 100vw, 1024px\" \/><figcaption class=\"wp-element-caption\"><em>Nossos jovens da Upendo Unit, Programas de Desenvolvimento de S\u00e3o Jos\u00e9, Kangemi<\/em>,<em> Nairobi, Kenya<\/em><\/figcaption><\/figure>\n<\/div>\n\n\n<p class=\"translation-block\">Para uma gera\u00e7\u00e3o jovem de sucesso no s\u00e9culo <sup>st<\/sup> 21, devemos <strong><em>iniciar conversas com crian\u00e7as e jovens sobre o uso respons\u00e1vel do espa\u00e7o tecnol\u00f3gico<\/em><\/strong>. A Internet, e tamb\u00e9m o mundo online, \u00e9 muito vasta, sem fronteiras e dif\u00edcil de controlar. Portanto, nossa <strong><em>\u00fanica melhor op\u00e7\u00e3o \u00e9 atrav\u00e9s do desenvolvimento integral dos jovens, proporcionando-lhes uma educa\u00e7\u00e3o que tenha uma forma\u00e7\u00e3o hol\u00edstica, acompanhamento espiritual e conscientiza\u00e7\u00e3o de nossas crian\u00e7as e jovens, para capacit\u00e1-los <\/em><\/strong>acessar o mundo online e utilizar as diversas plataformas de forma respons\u00e1vel. Em 2014, o tema deste dia foi \u201cUma educa\u00e7\u00e3o amiga da crian\u00e7a, de qualidade, gratuita e obrigat\u00f3ria para todas as crian\u00e7as em \u00c1frica\u201d. Acho que \u00e9 isso que falta hoje. Construir uma sociedade que cuida, protege e capacita, equipa nossas crian\u00e7as e jovens de dentro para que nenhuma for\u00e7a externa os destrua. Deixemo-nos inspirar pelo esp\u00edrito do <em>ubuntu<\/em>, cuidando dos mais vulner\u00e1veis como n\u00f3s, nossas crian\u00e7as e jovens. Mais saud\u00e1veis eles s\u00e3o, saud\u00e1veis n\u00f3s tamb\u00e9m.<\/p>\n\n\n\n<p><strong>Pe. Matambura Ismael, SJ<\/strong><\/p>\n\n\n\n<p>AJAN, Diretor.<\/p>","protected":false},"excerpt":{"rendered":"<p>16TH JUNE 2023 The Rights of the Child in the digital environment Since 1991 the Organisation of African Unity (OUA), initiated the African child Day on 16th June to honour the lives of those children of Soweto who protested poor quality of education and to raise awareness on the education<\/p>\n<p><a class=\"sd-more sd-all-trans\" href=\"https:\/\/ajan.africa\/pt\/international-day-of-the-african-child-2023\/#more-13221\">consulte Mais informa\u00e7\u00e3o<\/a><\/p>","protected":false},"author":5,"featured_media":13225,"comment_status":"closed","ping_status":"open","sticky":false,"template":"","format":"standard","meta":{"om_disable_all_campaigns":false,"_monsterinsights_skip_tracking":false,"_monsterinsights_sitenote_active":false,"_monsterinsights_sitenote_note":"","_monsterinsights_sitenote_category":0,"footnotes":""},"categories":[60,98],"tags":[],"class_list":["post-13221","post","type-post","status-publish","format-standard","has-post-thumbnail","hentry","category-ajan-network-articles","category-ajan-news-articles"],"aioseo_notices":[],"_links":{"self":[{"href":"https:\/\/ajan.africa\/pt\/wp-json\/wp\/v2\/posts\/13221","targetHints":{"allow":["GET"]}}],"collection":[{"href":"https:\/\/ajan.africa\/pt\/wp-json\/wp\/v2\/posts"}],"about":[{"href":"https:\/\/ajan.africa\/pt\/wp-json\/wp\/v2\/types\/post"}],"author":[{"embeddable":true,"href":"https:\/\/ajan.africa\/pt\/wp-json\/wp\/v2\/users\/5"}],"replies":[{"embeddable":true,"href":"https:\/\/ajan.africa\/pt\/wp-json\/wp\/v2\/comments?post=13221"}],"version-history":[{"count":0,"href":"https:\/\/ajan.africa\/pt\/wp-json\/wp\/v2\/posts\/13221\/revisions"}],"wp:featuredmedia":[{"embeddable":true,"href":"https:\/\/ajan.africa\/pt\/wp-json\/wp\/v2\/media\/13225"}],"wp:attachment":[{"href":"https:\/\/ajan.africa\/pt\/wp-json\/wp\/v2\/media?parent=13221"}],"wp:term":[{"taxonomy":"category","embeddable":true,"href":"https:\/\/ajan.africa\/pt\/wp-json\/wp\/v2\/categories?post=13221"},{"taxonomy":"post_tag","embeddable":true,"href":"https:\/\/ajan.africa\/pt\/wp-json\/wp\/v2\/tags?post=13221"}],"curies":[{"name":"wp","href":"https:\/\/api.w.org\/{rel}","templated":true}]}}