{"id":13716,"date":"2023-12-01T11:55:46","date_gmt":"2023-12-01T11:55:46","guid":{"rendered":"https:\/\/ajan.africa\/?p=13716"},"modified":"2023-12-07T06:50:56","modified_gmt":"2023-12-07T06:50:56","slug":"la-formation-ahappy-porte-sur-le-besoin-humain-de-se-connaitre-de-connaitre-le-monde-et-les-gens","status":"publish","type":"post","link":"https:\/\/ajan.africa\/pt\/la-formation-ahappy-porte-sur-le-besoin-humain-de-se-connaitre-de-connaitre-le-monde-et-les-gens\/","title":{"rendered":"La formation AHAPPY porte sur le besoin humain de se conna\u00eetre, de conna\u00eetre le monde et les gens."},"content":{"rendered":"<p>Du 30 octobre au 3 novembre, nous avons une formation sur le VIH, les IST au Burkina. Lors de ces journ\u00e9es, nous avons red\u00e9couvert \u00e0 quel point le monde est malade de ces IST et d&#8217;un d\u00e9sordre \u00e9motionnelle, un d\u00e9sordre dans l&#8217;\u00e9ducation sexuelle des plus jeunes surtout. Nous avons vu que le monde a besoin de soins d&#8217;urgence. Le monde a besoin de Dieu, d&#8217;une \u00e9ducation de base sans complexe et chaque homme doit decouvrir ses propres dimensions humaines, ses forces et faiblesses pour contribuer \u00e0 construire un monde plus responsable, sain o\u00f9 il fait bon vivre avec Dieu au centre de l&#8217;action humaine.<\/p>\n\n\n\n<figure class=\"wp-block-image size-full\"><img fetchpriority=\"high\" decoding=\"async\" width=\"1024\" height=\"768\" src=\"https:\/\/ajan.africa\/wp-content\/uploads\/2023\/12\/WhatsApp-Image-2023-12-06-at-22.45.58.jpeg\" alt=\"Le P. Ismael Matambura SJ., directeur d'AJAN guide les participants \u00e0 travers une session pendant la formation AHAPPY\" class=\"wp-image-13751\" srcset=\"https:\/\/ajan.africa\/wp-content\/uploads\/2023\/12\/WhatsApp-Image-2023-12-06-at-22.45.58.jpeg 1024w, https:\/\/ajan.africa\/wp-content\/uploads\/2023\/12\/WhatsApp-Image-2023-12-06-at-22.45.58-300x225.jpeg 300w, https:\/\/ajan.africa\/wp-content\/uploads\/2023\/12\/WhatsApp-Image-2023-12-06-at-22.45.58-768x576.jpeg 768w, https:\/\/ajan.africa\/wp-content\/uploads\/2023\/12\/WhatsApp-Image-2023-12-06-at-22.45.58-16x12.jpeg 16w\" sizes=\"(max-width: 1024px) 100vw, 1024px\" \/><figcaption class=\"wp-element-caption\"><em>Le P. Ismael Matambura SJ., directeur d&#8217;AJAN guide les participants \u00e0 travers une session pendant la formation AHAPPY<\/em><\/figcaption><\/figure>\n\n\n\n<p>C&#8217;\u00e9tait une occasion pour nous donner les ingr\u00e9dients pour \u00eatre un bon coach, un bon leader, un bon disciple.<\/p>\n\n\n\n<p>C&#8217;\u00e9tait une formation intense sur l&#8217;homme qui doit se conna\u00eetre, conna\u00eetre le monde pour vivre avec les autres et rendre le monde heureux.<\/p>\n\n\n\n<figure class=\"wp-block-image size-full\"><img decoding=\"async\" width=\"1024\" height=\"768\" src=\"https:\/\/ajan.africa\/wp-content\/uploads\/2023\/12\/WhatsApp-Image-2023-12-06-at-22.42.31.jpeg\" alt=\"Hien J. Richard (chemise blanche) avec d'autres participants lors de la session de formation AHAPPY au Burkina Faso\" class=\"wp-image-13747\" srcset=\"https:\/\/ajan.africa\/wp-content\/uploads\/2023\/12\/WhatsApp-Image-2023-12-06-at-22.42.31.jpeg 1024w, https:\/\/ajan.africa\/wp-content\/uploads\/2023\/12\/WhatsApp-Image-2023-12-06-at-22.42.31-300x225.jpeg 300w, https:\/\/ajan.africa\/wp-content\/uploads\/2023\/12\/WhatsApp-Image-2023-12-06-at-22.42.31-768x576.jpeg 768w, https:\/\/ajan.africa\/wp-content\/uploads\/2023\/12\/WhatsApp-Image-2023-12-06-at-22.42.31-16x12.jpeg 16w\" sizes=\"(max-width: 1024px) 100vw, 1024px\" \/><figcaption class=\"wp-element-caption\"><em>Hien J. Richard (chemise blanche) avec d&#8217;autres participants lors de la session de formation AHAPPY au Burkina Faso<\/em><\/figcaption><\/figure>\n\n\n\n<p>Je peux me souvenir de ceci: les relations humaines ont un nom et le sexe intervient dans les liens conjugaux ; la capote est une fausse solution; Les jeunes sont les plus expos\u00e9s au VIH et IST par le manque d&#8217;\u00e9coute, leur soif effr\u00e9n\u00e9e de d\u00e9couverte; il y a au moins 9 millions de personnes non prises en charge par les services de r\u00e9f\u00e9rences VIH\/Sida; les ARV sont des m\u00e9dicaments qu&#8217;on ach\u00e8te en r\u00e9alit\u00e9, quand on tient \u00e0 sa virginit\u00e9, on ne peut se permettre de la perdre banalement pour obtenir un poste; La fid\u00e9lit\u00e9, la virginit\u00e9 est bien r\u00e9elle et d&#8217;actualit\u00e9; Il faut traiter les fl\u00e9aux sociaux \u00e0 la racine, \u00e0 la source; les arbres \u00e0 probl\u00e8mes ; etc il faut commencer \u00e0 agir dans ce qui fait son bien. Et c&#8217;est ce dernier point qui m&#8217;a beaucoup touch\u00e9. Plusieurs fois j&#8217;ai agi sous la peur du regard des uns et des autres. D\u00e9sormais je ferai quelque-chose de bien pour moi.<\/p>\n\n\n\n<figure class=\"wp-block-image size-full\"><img decoding=\"async\" width=\"1024\" height=\"768\" src=\"https:\/\/ajan.africa\/wp-content\/uploads\/2023\/12\/WhatsApp-Image-2023-12-06-at-22.46.38.jpeg\" alt=\"Hien J. Richard (chemise blanche) avec des coll\u00e8gues lors d'une s\u00e9ance de pr\u00e9sentation de groupe\" class=\"wp-image-13752\" srcset=\"https:\/\/ajan.africa\/wp-content\/uploads\/2023\/12\/WhatsApp-Image-2023-12-06-at-22.46.38.jpeg 1024w, https:\/\/ajan.africa\/wp-content\/uploads\/2023\/12\/WhatsApp-Image-2023-12-06-at-22.46.38-300x225.jpeg 300w, https:\/\/ajan.africa\/wp-content\/uploads\/2023\/12\/WhatsApp-Image-2023-12-06-at-22.46.38-768x576.jpeg 768w, https:\/\/ajan.africa\/wp-content\/uploads\/2023\/12\/WhatsApp-Image-2023-12-06-at-22.46.38-16x12.jpeg 16w\" sizes=\"(max-width: 1024px) 100vw, 1024px\" \/><figcaption class=\"wp-element-caption\"><em>Hien J. Richard (chemise blanche) avec des coll\u00e8gues lors d&#8217;une s\u00e9ance de pr\u00e9sentation de groupe<\/em><\/figcaption><\/figure>\n\n\n\n<p>Malgr\u00e9 le temps serr\u00e9, on a appris comme des enfants dans le jeu, comme des adultes dans des partages d&#8217;exp\u00e9riences et des d\u00e9bats de tailles. Mais nous avons eu des ma\u00eetres, des professionnels, des experts qui ont su diriger tout cela dans la construction d&#8217;un monde heureux o\u00f9 les hommes vivent en harmonie.<\/p>\n\n\n\n<p>Merci \u00e0 Isma\u00ebl, merci \u00e0 Patricia, merci \u00e0 \u00c9loge, merci \u00e0 F\u00e9licienne, Merci \u00e0 AJAN et \u00e0 ABE. Et merci \u00e0 chacun de nous..<\/p>\n\n\n\n<p>DIEU VEILLE SUR NOUS TOUS. AMEN<\/p>\n\n\n\n<p>D\u00e9sormais je travaillerai \u00e0 mettre en pratique ce que je sais et \u00e0 agir pour mon bien, ma vie.<\/p>\n\n\n\n<p><em>Par,<\/em><\/p>\n\n\n\n<p><strong>Hien J. Richard.<\/strong><\/p>\n\n\n\n<p>Nouveau Formateur AHAPPY, Burkina Faso.<\/p>","protected":false},"excerpt":{"rendered":"<p>Du 30 octobre au 3 novembre, nous avons une formation sur le VIH, les IST au Burkina. Lors de ces journ\u00e9es, nous avons red\u00e9couvert \u00e0 quel point le monde est malade de ces IST et d&#8217;un d\u00e9sordre \u00e9motionnelle, un d\u00e9sordre dans l&#8217;\u00e9ducation sexuelle des plus jeunes surtout. Nous avons vu<\/p>\n<p><a class=\"sd-more sd-all-trans\" href=\"https:\/\/ajan.africa\/pt\/la-formation-ahappy-porte-sur-le-besoin-humain-de-se-connaitre-de-connaitre-le-monde-et-les-gens\/#more-13716\">consulte Mais informa\u00e7\u00e3o<\/a><\/p>","protected":false},"author":5,"featured_media":13733,"comment_status":"closed","ping_status":"open","sticky":false,"template":"","format":"standard","meta":{"om_disable_all_campaigns":false,"_monsterinsights_skip_tracking":false,"_monsterinsights_sitenote_active":false,"_monsterinsights_sitenote_note":"","_monsterinsights_sitenote_category":0,"footnotes":""},"categories":[109],"tags":[],"class_list":["post-13716","post","type-post","status-publish","format-standard","has-post-thumbnail","hentry","category-testimonials"],"aioseo_notices":[],"_links":{"self":[{"href":"https:\/\/ajan.africa\/pt\/wp-json\/wp\/v2\/posts\/13716","targetHints":{"allow":["GET"]}}],"collection":[{"href":"https:\/\/ajan.africa\/pt\/wp-json\/wp\/v2\/posts"}],"about":[{"href":"https:\/\/ajan.africa\/pt\/wp-json\/wp\/v2\/types\/post"}],"author":[{"embeddable":true,"href":"https:\/\/ajan.africa\/pt\/wp-json\/wp\/v2\/users\/5"}],"replies":[{"embeddable":true,"href":"https:\/\/ajan.africa\/pt\/wp-json\/wp\/v2\/comments?post=13716"}],"version-history":[{"count":0,"href":"https:\/\/ajan.africa\/pt\/wp-json\/wp\/v2\/posts\/13716\/revisions"}],"wp:featuredmedia":[{"embeddable":true,"href":"https:\/\/ajan.africa\/pt\/wp-json\/wp\/v2\/media\/13733"}],"wp:attachment":[{"href":"https:\/\/ajan.africa\/pt\/wp-json\/wp\/v2\/media?parent=13716"}],"wp:term":[{"taxonomy":"category","embeddable":true,"href":"https:\/\/ajan.africa\/pt\/wp-json\/wp\/v2\/categories?post=13716"},{"taxonomy":"post_tag","embeddable":true,"href":"https:\/\/ajan.africa\/pt\/wp-json\/wp\/v2\/tags?post=13716"}],"curies":[{"name":"wp","href":"https:\/\/api.w.org\/{rel}","templated":true}]}}