{"id":14873,"date":"2024-08-01T07:05:41","date_gmt":"2024-08-01T07:05:41","guid":{"rendered":"https:\/\/ajan.africa\/?p=14873"},"modified":"2024-08-05T09:50:02","modified_gmt":"2024-08-05T09:50:02","slug":"unaids-2024-report-highlights-critical-hiv-disparity-among-young-women-in-sub-saharan-africa","status":"publish","type":"post","link":"https:\/\/ajan.africa\/pt\/unaids-2024-report-highlights-critical-hiv-disparity-among-young-women-in-sub-saharan-africa\/","title":{"rendered":"Relat\u00f3rio da ONUSIDA 2024 destaca disparidade cr\u00edtica em rela\u00e7\u00e3o ao VIH entre mulheres jovens na \u00c1frica Subsariana"},"content":{"rendered":"<p>A new report released by UNAIDS in the month of July shows that the HIV incidence among adolescent girls and young women (ages 15-24) is alarmingly more than three times higher than that among their male counterparts in many countries in sub-Saharan Africa. This stark disparity, revealed in the UNAIDS Report titled<a href=\"https:\/\/www.unaids.org\/en\/resources\/documents\/2024\/global-aids-update-2024\"> <strong>&#8220;The Urgency of Now: AIDS at a Crossroads \u2014 2024 Global AIDS Update,&#8221;<\/strong><\/a> demands our immediate attention and action.<\/p>\n\n\n\n<p>As mulheres e as raparigas na \u00c1frica Subsariana representaram uns surpreendentes 62% de todas as novas infec\u00e7\u00f5es por VIH, enquanto mais de 73% das novas infec\u00e7\u00f5es noutras regi\u00f5es ocorreram entre homens e rapazes. Todas as semanas, 4.000 raparigas adolescentes e mulheres jovens com idades entre os 15 e os 24 anos foram infetadas pelo VIH em todo o mundo em 2023, sendo 3.100 destas infe\u00e7\u00f5es na \u00c1frica Subsariana. Embora as novas infec\u00e7\u00f5es por VIH entre as crian\u00e7as tenham diminu\u00eddo 62% desde 2010, o progresso estagnou nos \u00faltimos anos. As metas 95\u201395\u201395 para as crian\u00e7as dos 0 aos 14 anos foram de 66%, 86% e 84%, respetivamente, em compara\u00e7\u00e3o com 91%, 91% e 94% entre as mulheres.<\/p>\n\n\n\n<figure class=\"wp-block-image size-large\"><img fetchpriority=\"high\" decoding=\"async\" width=\"1024\" height=\"683\" src=\"https:\/\/ajan.africa\/wp-content\/uploads\/2024\/08\/DSC_6669-SYM-OCT-22-1024x683.jpg\" alt=\"\" class=\"wp-image-14887\" srcset=\"https:\/\/ajan.africa\/wp-content\/uploads\/2024\/08\/DSC_6669-SYM-OCT-22-1024x683.jpg 1024w, https:\/\/ajan.africa\/wp-content\/uploads\/2024\/08\/DSC_6669-SYM-OCT-22-300x200.jpg 300w, https:\/\/ajan.africa\/wp-content\/uploads\/2024\/08\/DSC_6669-SYM-OCT-22-768x512.jpg 768w, https:\/\/ajan.africa\/wp-content\/uploads\/2024\/08\/DSC_6669-SYM-OCT-22-18x12.jpg 18w, https:\/\/ajan.africa\/wp-content\/uploads\/2024\/08\/DSC_6669-SYM-OCT-22.jpg 1200w\" sizes=\"(max-width: 1024px) 100vw, 1024px\" \/><figcaption class=\"wp-element-caption\"><em>O Servi\u00e7o Yezu Mwiza (SYM) no Burundi presta servi\u00e7os m\u00f3veis de sa\u00fade \u00e0s mulheres das aldeias, acompanhando as pessoas que vivem com VIH.<\/em><\/figcaption><\/figure>\n\n\n\n<p>As desigualdades de g\u00e9nero, o acesso diferenciado aos servi\u00e7os e a viol\u00eancia sexual aumentam a vulnerabilidade das mulheres ao VIH, e as mulheres, especialmente as mulheres mais jovens, s\u00e3o biologicamente mais suscept\u00edveis ao VIH. De acordo com a ONUSIDA, estima-se que 1,3 milh\u00f5es de pessoas tenham sido infectadas pelo VIH em 2023, tr\u00eas vezes mais do que a meta de menos de 370 000 at\u00e9 2025. Embora tenha havido um progresso acentuado na \u00c1frica Subsariana, pela primeira vez, em 2023, mais de metade das novas infec\u00e7\u00f5es por VIH ocorreram fora da \u00c1frica Subsariana. Os jovens, em particular, continuam a enfrentar barreiras no acesso ao VIH e aos servi\u00e7os de sa\u00fade sexual e reprodutiva, incluindo a educa\u00e7\u00e3o sexual abrangente e adequada \u00e0 idade. Mais de um ter\u00e7o (36%) dos adolescentes mais velhos, com idades entre os 15 e os 19 anos, que viviam com VIH n\u00e3o estavam em tratamento em 2023. Estas disparidades real\u00e7am a necessidade urgente de interven\u00e7\u00f5es espec\u00edficas e de esfor\u00e7os renovados para combater o VIH\/SIDA.<\/p>\n\n\n\n<p>UNICEF calculates that 34 million girls in sub-Saharan Africa are out of secondary school. According to the Global Education Monitoring (GEM) Report 2023, in all regions in Africa, there are more girls out of school at the secondary level than boys, with gender disparities worsening as children move up to higher levels of education in favor of boys over girls. In sub-Saharan Africa, less than half of adolescent girls complete secondary education, their percentage standing at 42% and there has been no progress at all in closing this gap in the past 20 years.&nbsp; Sub-Saharan Africa is the region furthest from parity at the expense of girls, with no progress since 2011 at the lower secondary level and since 2014 in upper secondary.<\/p>\n\n\n\n<p>O relat\u00f3rio da ONUSIDA refere que \u201cA resposta global \u00e0 SIDA est\u00e1 numa encruzilhada\u201d, com o sucesso ou fracasso dependendo da forma como \u201cos l\u00edderes religiosos e as comunidades religiosas podem desafiar as normas, atitudes e pr\u00e1ticas sociais que perpetuam as desigualdades, tais como a viol\u00eancia sexual e baseada no g\u00e9nero ou estigma e discrimina\u00e7\u00e3o.\u201d As organiza\u00e7\u00f5es religiosas, que prestam 30 a 70 por cento dos servi\u00e7os de cuidados de sa\u00fade em certos pa\u00edses africanos, t\u00eam um alcance e uma influ\u00eancia significativos. No entanto, o estigma e a discrimina\u00e7\u00e3o continuam a ser grandes obst\u00e1culos \u00e0 erradica\u00e7\u00e3o da SIDA como uma amea\u00e7a \u00e0 sa\u00fade p\u00fablica at\u00e9 2030, especialmente nestes contextos.<\/p>\n\n\n\n<p>Al\u00e9m disso, o relat\u00f3rio revela que em 15 dos 19 pa\u00edses que reportaram \u00e0 ONUSIDA nos \u00faltimos cinco anos, mais de 10 por cento das pessoas que injectam drogas evitaram os servi\u00e7os de sa\u00fade no ano passado devido ao estigma e \u00e0 discrimina\u00e7\u00e3o.<\/p>\n\n\n\n<p>Em \u00c1frica, a AJAN, uma rede de Jesu\u00edtas e seus colaboradores na \u00c1frica Subsariana, tem enfrentado activamente os desafios colocados pelo VIH e pela SIDA. A AJAN trabalha com 20 centros de base em 18 pa\u00edses, prestando um conjunto de servi\u00e7os, incluindo aconselhamento pastoral, cuidados domicili\u00e1rios, actividades geradoras de rendimento e apoio educativo, m\u00e9dico e nutricional. Crucial para os seus esfor\u00e7os \u00e9 a preven\u00e7\u00e3o do VIH, que promovem atrav\u00e9s da educa\u00e7\u00e3o baseada em valores, da preven\u00e7\u00e3o da transmiss\u00e3o de m\u00e3e para filho e de servi\u00e7os de testagem, com especial enfoque nos jovens.<\/p>\n\n\n\n<div class=\"wp-block-group is-nowrap is-layout-flex wp-container-core-group-is-layout-ad2f72ca wp-block-group-is-layout-flex\">\n<figure class=\"wp-block-image size-full\"><img decoding=\"async\" width=\"532\" height=\"268\" src=\"https:\/\/ajan.africa\/wp-content\/uploads\/2024\/08\/Sensibilisation-en-milieu-extra-scolaire.jpg\" alt=\"\" class=\"wp-image-14897\" srcset=\"https:\/\/ajan.africa\/wp-content\/uploads\/2024\/08\/Sensibilisation-en-milieu-extra-scolaire.jpg 532w, https:\/\/ajan.africa\/wp-content\/uploads\/2024\/08\/Sensibilisation-en-milieu-extra-scolaire-300x151.jpg 300w, https:\/\/ajan.africa\/wp-content\/uploads\/2024\/08\/Sensibilisation-en-milieu-extra-scolaire-18x9.jpg 18w, https:\/\/ajan.africa\/wp-content\/uploads\/2024\/08\/Sensibilisation-en-milieu-extra-scolaire-266x135.jpg 266w\" sizes=\"(max-width: 532px) 100vw, 532px\" \/><\/figure>\n\n\n\n<figure class=\"wp-block-image size-large is-resized\"><img decoding=\"async\" width=\"1024\" height=\"461\" src=\"https:\/\/ajan.africa\/wp-content\/uploads\/2024\/08\/Depistage3-1024x461.jpg\" alt=\"\" class=\"wp-image-14896\" style=\"width:427px;height:auto\" srcset=\"https:\/\/ajan.africa\/wp-content\/uploads\/2024\/08\/Depistage3-1024x461.jpg 1024w, https:\/\/ajan.africa\/wp-content\/uploads\/2024\/08\/Depistage3-300x135.jpg 300w, https:\/\/ajan.africa\/wp-content\/uploads\/2024\/08\/Depistage3-768x346.jpg 768w, https:\/\/ajan.africa\/wp-content\/uploads\/2024\/08\/Depistage3-18x8.jpg 18w, https:\/\/ajan.africa\/wp-content\/uploads\/2024\/08\/Depistage3.jpg 1160w\" sizes=\"(max-width: 1024px) 100vw, 1024px\" \/><\/figure>\n<\/div>\n\n\n\n<p><em>O Centro Sociaux Loyola (CSL) no Togo, um dos centros de base da AJAN, acompanha pessoas vulner\u00e1veis, mulheres jovens, jovens e pessoas que vivem com VIH (PVVIH), realizando testes de sensibiliza\u00e7\u00e3o, sensibiliza\u00e7\u00e3o e sensibiliza\u00e7\u00e3o para o VIH.<\/em><\/p>\n\n\n\n<p class=\"translation-block\">O Pe. Jos\u00e9 Minaku SJ., Presidente da Confer\u00eancia Jesu\u00edta de \u00c1frica e Madag\u00e1scar (JCAM), durante a Assembleia Geral da AJAN 2023 afirmou: \u201cApesar das adversidades que enfrentamos, como os efeitos devastadores do VIH\/SIDA e outros problemas de sa\u00fade causados \u200b\u200bpela pobreza extrema , mantemo-nos firmes na nossa determina\u00e7\u00e3o em encontrar solu\u00e7\u00f5es. A nossa resili\u00eancia \u00e9 uma prova do nosso esp\u00edrito determinado e vamos perseverar. Esta luta apela a <em>\u201cos cora\u00e7\u00f5es humanos a abrirem-se, a n\u00e3o permanecerem atr\u00e1s das certezas intelectuais e culturais\u201d<\/em> (Jean Vanier, Pref\u00e1cio \u00e0 Fragilidade). Devemos considerar os dados objetivos para imaginar novas estrat\u00e9gias e ter sucesso. A nossa viagem continua apesar dos obst\u00e1culos que temos pela frente. A procura pelos nossos servi\u00e7os cresce e devemos continuar firmes na prossecu\u00e7\u00e3o desta causa. Sejamos um farol de esperan\u00e7a, iluminando a escurid\u00e3o e mantendo sempre o nosso objetivo final \u00e0 vista.\u201d<\/p>\n\n\n\n<p>Ao refletir sobre o plano estrat\u00e9gico da AJAN 2021-2025, durante a Assembleia da AJAN 2024, o Pe. Ismael Matambura SJ, Diretor da AJAN, afirmou: \u201cAs mulheres jovens e as raparigas s\u00e3o as mais afetadas entre estes indiv\u00edduos, e os jovens tamb\u00e9m s\u00e3o respons\u00e1veis \u200b\u200bpor uma parte significativa das novas infe\u00e7\u00f5es pelo VIH. A nossa miss\u00e3o \u00e9 garantir que protegemos os jovens e que podemos apoiar o que eles est\u00e3o a fazer em termos de criatividade e iniciativa. N\u00e3o \u00e9 uma op\u00e7\u00e3o, mas uma obriga\u00e7\u00e3o para n\u00f3s focarmo-nos nos jovens.\u201d<\/p>\n\n\n\n<figure class=\"wp-block-image size-full\"><img loading=\"lazy\" decoding=\"async\" width=\"999\" height=\"661\" src=\"https:\/\/ajan.africa\/wp-content\/uploads\/2024\/08\/SYM-3-OCT-22.jpg\" alt=\"\" class=\"wp-image-14890\" srcset=\"https:\/\/ajan.africa\/wp-content\/uploads\/2024\/08\/SYM-3-OCT-22.jpg 999w, https:\/\/ajan.africa\/wp-content\/uploads\/2024\/08\/SYM-3-OCT-22-300x198.jpg 300w, https:\/\/ajan.africa\/wp-content\/uploads\/2024\/08\/SYM-3-OCT-22-768x508.jpg 768w, https:\/\/ajan.africa\/wp-content\/uploads\/2024\/08\/SYM-3-OCT-22-18x12.jpg 18w\" sizes=\"(max-width: 999px) 100vw, 999px\" \/><figcaption class=\"wp-element-caption\"><em>O Servi\u00e7o Yezu Mwiza (SYM) no Burundi, um dos centros de base da AJAN, realiza testes de VIH e acompanha as Pessoas que Vivem com VIH (PVVIH) no Burundi. <\/em><\/figcaption><\/figure>\n\n\n\n<p>Hoje somos recordados da \u00eanfase do Papa Francisco na solidariedade em Fratelli Tutti, \u201ccuidar da vulnerabilidade, dos membros vulner\u00e1veis \u200b\u200bdas nossas fam\u00edlias, da nossa sociedade, do nosso povo; ao referir-se \u00e0 par\u00e1bola do bom samaritano; A par\u00e1bola apresenta eloquentemente a decis\u00e3o b\u00e1sica que precisamos de tomar para reconstruir o nosso mundo ferido. Perante tanta dor e sofrimento, a nossa \u00fanica sa\u00edda \u00e9 imitar o Bom Samaritano. Qualquer outra decis\u00e3o faria de n\u00f3s um dos ladr\u00f5es ou um dos que passaram sem demonstrar compaix\u00e3o pelo sofrimento do homem \u00e0 beira da estrada. The parable shows us how a community can be rebuilt by men and women who identify with the vulnerability of others, who reject the creation of a society of exclusion, and act instead as neighbours, lifting up and rehabilitating the fallen for the sake of the common bom. Ao mesmo tempo, alerta-nos para a atitude daqueles que pensam apenas em si mesmos e n\u00e3o assumem as inevit\u00e1veis \u200b\u200bresponsabilidades da vida tal como ela \u00e9.<\/p>\n\n\n\n<p>Embora a resposta global \u00e0 SIDA se situe numa encruzilhada; A AJAN continua a incutir esperan\u00e7a naqueles que se sentem desesperados, oferecendo assim esperan\u00e7a a \u00c1frica como um todo. Em colabora\u00e7\u00e3o com os nossos parceiros, continuamos a chegar aos que est\u00e3o \u00e0 margem e aos que nos procuram em busca de ajuda. Somos chamados a aprofundar os nossos la\u00e7os com os jovens e os vulner\u00e1veis, abra\u00e7ando a resili\u00eancia e o otimismo para um futuro cheio de esperan\u00e7a.<\/p>\n\n\n\n<p class=\"translation-block\">Clique para ver a <strong><a href=\"https:\/\/ajan.africa\/pt\/3d-flip-book\/hiv-global-fact-sheet-2024\/\" target=\"_self\">Ficha informativa da ONUSIDA 2024&lt;\/ a <\/strong><\/p>\n\n\n\n<p class=\"translation-block\">Clique para ver o <strong><a href=\"https:\/\/ajan.africa\/pt\/3d-flip-book\/hiv-statistics-global-and-regional-trends-unicef-data-2024\/\" target=\"_self\">Estat\u00edsticas Regionais do VIH da UNICEF 2024<\/a><\/strong><\/p>\n\n\n\n<p class=\"has-text-align-right translation-block\"><strong>Por<\/strong>, Dennis Owuoche<\/p>\n\n\n\n<p class=\"has-text-align-right\">Respons\u00e1vel de Comunica\u00e7\u00f5es, AJAN<\/p>","protected":false},"excerpt":{"rendered":"<p>A new report released by UNAIDS in the month of July shows that the HIV incidence among adolescent girls and young women (ages 15-24) is alarmingly more than three times higher than that among their male counterparts in many countries in sub-Saharan Africa. This stark disparity, revealed in the UNAIDS<\/p>\n<p><a class=\"sd-more sd-all-trans\" href=\"https:\/\/ajan.africa\/pt\/unaids-2024-report-highlights-critical-hiv-disparity-among-young-women-in-sub-saharan-africa\/#more-14873\">consulte Mais informa\u00e7\u00e3o<\/a><\/p>","protected":false},"author":155,"featured_media":14876,"comment_status":"closed","ping_status":"open","sticky":false,"template":"","format":"standard","meta":{"om_disable_all_campaigns":false,"_monsterinsights_skip_tracking":false,"_monsterinsights_sitenote_active":false,"_monsterinsights_sitenote_note":"","_monsterinsights_sitenote_category":0,"footnotes":""},"categories":[132],"tags":[],"class_list":["post-14873","post","type-post","status-publish","format-standard","has-post-thumbnail","hentry","category-hiv-aids-updates"],"aioseo_notices":[],"_links":{"self":[{"href":"https:\/\/ajan.africa\/pt\/wp-json\/wp\/v2\/posts\/14873","targetHints":{"allow":["GET"]}}],"collection":[{"href":"https:\/\/ajan.africa\/pt\/wp-json\/wp\/v2\/posts"}],"about":[{"href":"https:\/\/ajan.africa\/pt\/wp-json\/wp\/v2\/types\/post"}],"author":[{"embeddable":true,"href":"https:\/\/ajan.africa\/pt\/wp-json\/wp\/v2\/users\/155"}],"replies":[{"embeddable":true,"href":"https:\/\/ajan.africa\/pt\/wp-json\/wp\/v2\/comments?post=14873"}],"version-history":[{"count":0,"href":"https:\/\/ajan.africa\/pt\/wp-json\/wp\/v2\/posts\/14873\/revisions"}],"wp:featuredmedia":[{"embeddable":true,"href":"https:\/\/ajan.africa\/pt\/wp-json\/wp\/v2\/media\/14876"}],"wp:attachment":[{"href":"https:\/\/ajan.africa\/pt\/wp-json\/wp\/v2\/media?parent=14873"}],"wp:term":[{"taxonomy":"category","embeddable":true,"href":"https:\/\/ajan.africa\/pt\/wp-json\/wp\/v2\/categories?post=14873"},{"taxonomy":"post_tag","embeddable":true,"href":"https:\/\/ajan.africa\/pt\/wp-json\/wp\/v2\/tags?post=14873"}],"curies":[{"name":"wp","href":"https:\/\/api.w.org\/{rel}","templated":true}]}}