{"id":15280,"date":"2024-09-26T08:21:45","date_gmt":"2024-09-26T08:21:45","guid":{"rendered":"https:\/\/ajan.africa\/?p=15280"},"modified":"2024-09-26T09:12:19","modified_gmt":"2024-09-26T09:12:19","slug":"madagascars-youth-lead-the-charge-pioneering-green-entrepreneurship-for-a-sustainable-future","status":"publish","type":"post","link":"https:\/\/ajan.africa\/pt\/madagascars-youth-lead-the-charge-pioneering-green-entrepreneurship-for-a-sustainable-future\/","title":{"rendered":"Os jovens de Madag\u00e1scar lideram o ataque: pioneirismo no empreendedorismo verde para um futuro sustent\u00e1vel"},"content":{"rendered":"<p>De 12 a 17 de setembro de 2024, teve lugar um vibrante programa de forma\u00e7\u00e3o sobre empreendedorismo verde na aldeia de Aina Benasandratra, Madag\u00e1scar. Organizado pelo Centre Arrupe, Madag\u00e1scar (CA MDG), a forma\u00e7\u00e3o cont\u00ednua de 4 dias fez parte do Projecto (Educa\u00e7\u00e3o para a Vida e o Ambiente (LIFEE) alinhado com o Tempo da Cria\u00e7\u00e3o, que decorre de 4 de Setembro a 4 de Outubro de 2024. O evento teve como objetivo promover o conceito de economia circular, incentivando simultaneamente os jovens a empenharem-se na promo\u00e7\u00e3o de uma economia verde.<\/p>\n\n\n\n<figure class=\"wp-block-image size-large\"><img fetchpriority=\"high\" decoding=\"async\" width=\"1024\" height=\"683\" src=\"https:\/\/ajan.africa\/wp-content\/uploads\/2024\/09\/459392176_843428474579729_5595323174575130737_n-1024x683.jpg\" alt=\"\" class=\"wp-image-15283\" srcset=\"https:\/\/ajan.africa\/wp-content\/uploads\/2024\/09\/459392176_843428474579729_5595323174575130737_n-1024x683.jpg 1024w, https:\/\/ajan.africa\/wp-content\/uploads\/2024\/09\/459392176_843428474579729_5595323174575130737_n-300x200.jpg 300w, https:\/\/ajan.africa\/wp-content\/uploads\/2024\/09\/459392176_843428474579729_5595323174575130737_n-768x512.jpg 768w, https:\/\/ajan.africa\/wp-content\/uploads\/2024\/09\/459392176_843428474579729_5595323174575130737_n-1536x1024.jpg 1536w, https:\/\/ajan.africa\/wp-content\/uploads\/2024\/09\/459392176_843428474579729_5595323174575130737_n-18x12.jpg 18w, https:\/\/ajan.africa\/wp-content\/uploads\/2024\/09\/459392176_843428474579729_5595323174575130737_n.jpg 1920w\" sizes=\"(max-width: 1024px) 100vw, 1024px\" \/><\/figure>\n\n\n\n<p>A forma\u00e7\u00e3o reuniu jovens representantes de sete associa\u00e7\u00f5es comprometidas com o desenvolvimento sustent\u00e1vel, provenientes de cinco regi\u00f5es diferentes de Madag\u00e1scar: Menabe, Analanjirofo, Analamanga, Atsimo Andrefana e Boeny. Estes participantes foram imersos numa experi\u00eancia de aprendizagem transformadora que lhes proporcionou as compet\u00eancias, o conhecimento e a inspira\u00e7\u00e3o para impulsionar iniciativas empresariais ecol\u00f3gicas nas suas comunidades.<\/p>\n\n\n\n<h3 class=\"wp-block-heading\"><strong><strong>Dia 1: Estabelecer as bases para a inova\u00e7\u00e3o verde<\/strong><\/strong><\/h3>\n\n\n\n<p class=\"translation-block\">O primeiro dia, 12 de setembro de 2024, come\u00e7ou com discuss\u00f5es fundamentais centradas no <strong>desenvolvimento sustent\u00e1vel<\/strong> e nos <strong>Objetivos de Desenvolvimento Sustent\u00e1vel (ODS) das Na\u00e7\u00f5es Unidas<\/strong>. Os participantes foram apresentados a conceitos-chave como a <strong>economia circular<\/strong> e a <strong>economia verde<\/strong>, juntamente com uma explora\u00e7\u00e3o da <strong>inova\u00e7\u00e3o ecol\u00f3gica<\/strong> e do empreendedorismo verde. Estas sess\u00f5es foram facilitadas por especialistas, incluindo Maeva Randriamisely, Gestora de Investiga\u00e7\u00e3o e Documenta\u00e7\u00e3o da MDG CA, Henintsoa Nary Mihamina, Gestora de Projectos de Ambiente e Desenvolvimento Sustent\u00e1vel, Patricia Tahirindray, Coordenadora do Programa, e Efa Ralonantoandro, Gestora do Programa para o Ambiente e Desenvolvimento Sustent\u00e1vel.<\/p>\n\n\n\n<div class=\"wp-block-group is-nowrap is-layout-flex wp-container-core-group-is-layout-ad2f72ca wp-block-group-is-layout-flex\">\n<figure class=\"wp-block-image size-large\"><img decoding=\"async\" width=\"1024\" height=\"678\" src=\"https:\/\/ajan.africa\/wp-content\/uploads\/2024\/09\/459252222_843428097913100_8522228085578835593_n-1024x678.jpg\" alt=\"\" class=\"wp-image-15284\" srcset=\"https:\/\/ajan.africa\/wp-content\/uploads\/2024\/09\/459252222_843428097913100_8522228085578835593_n-1024x678.jpg 1024w, https:\/\/ajan.africa\/wp-content\/uploads\/2024\/09\/459252222_843428097913100_8522228085578835593_n-300x199.jpg 300w, https:\/\/ajan.africa\/wp-content\/uploads\/2024\/09\/459252222_843428097913100_8522228085578835593_n-768x508.jpg 768w, https:\/\/ajan.africa\/wp-content\/uploads\/2024\/09\/459252222_843428097913100_8522228085578835593_n-1536x1017.jpg 1536w, https:\/\/ajan.africa\/wp-content\/uploads\/2024\/09\/459252222_843428097913100_8522228085578835593_n-18x12.jpg 18w, https:\/\/ajan.africa\/wp-content\/uploads\/2024\/09\/459252222_843428097913100_8522228085578835593_n.jpg 1920w\" sizes=\"(max-width: 1024px) 100vw, 1024px\" \/><\/figure>\n\n\n\n<figure class=\"wp-block-image size-large\"><img decoding=\"async\" width=\"1024\" height=\"683\" src=\"https:\/\/ajan.africa\/wp-content\/uploads\/2024\/09\/459692221_843428894579687_848111965901692762_n-1024x683.jpg\" alt=\"\" class=\"wp-image-15286\" srcset=\"https:\/\/ajan.africa\/wp-content\/uploads\/2024\/09\/459692221_843428894579687_848111965901692762_n-1024x683.jpg 1024w, https:\/\/ajan.africa\/wp-content\/uploads\/2024\/09\/459692221_843428894579687_848111965901692762_n-300x200.jpg 300w, https:\/\/ajan.africa\/wp-content\/uploads\/2024\/09\/459692221_843428894579687_848111965901692762_n-768x512.jpg 768w, https:\/\/ajan.africa\/wp-content\/uploads\/2024\/09\/459692221_843428894579687_848111965901692762_n-1536x1024.jpg 1536w, https:\/\/ajan.africa\/wp-content\/uploads\/2024\/09\/459692221_843428894579687_848111965901692762_n-18x12.jpg 18w, https:\/\/ajan.africa\/wp-content\/uploads\/2024\/09\/459692221_843428894579687_848111965901692762_n.jpg 1920w\" sizes=\"(max-width: 1024px) 100vw, 1024px\" \/><\/figure>\n<\/div>\n\n\n\n<h3 class=\"wp-block-heading\"><strong><strong>Dia 2: Construir Modelos de Neg\u00f3cio Sustent\u00e1veis<\/strong><\/strong><\/h3>\n\n\n\n<p class=\"translation-block\">No segundo dia, o foco passou a ser a <strong>projeta\u00e7\u00e3o de modelos de neg\u00f3cio sustent\u00e1veis<\/strong> e a elimina\u00e7\u00e3o das barreiras \u00e0 inova\u00e7\u00e3o social. A sess\u00e3o da manh\u00e3, liderada por Patricia Tahirindray e Fidele Randriamananjara, desafiou os participantes a pensar criticamente sobre os obst\u00e1culos e as oportunidades de cria\u00e7\u00e3o de neg\u00f3cios ecol\u00f3gicos. A sess\u00e3o foi seguida de apresenta\u00e7\u00f5es inspiradoras da Sra. Faravololona Rasamimanana, Presidente da Vohitra Environment, e da Sra. Aina Rakotomalala, Gestora de Projetos da Andao Company, que partilharam estrat\u00e9gias pr\u00e1ticas para o <strong>empreendedorismo ecol\u00f3gico<\/strong>.<\/p>\n\n\n\n<p class=\"translation-block\">Da parte da tarde, os participantes foram cativados pela <strong>Ga\u00eblle Randriamanana<\/strong>, Fundadora e CEO da STCV, que partilhou o seu percurso pessoal no empreendedorismo verde. A sua hist\u00f3ria de sucesso motivou os participantes, mostrando-lhes que construir neg\u00f3cios sustent\u00e1veis \u200b\u200b\u00e9 vi\u00e1vel e gratificante. O dia terminou com uma sess\u00e3o sobre <strong>mecanismos de financiamento<\/strong> para iniciativas clim\u00e1ticas, liderada por Efa Ravelonantoandro e Henintsoa Nary Mihamina, ajudando os participantes a compreender os recursos financeiros dispon\u00edveis para projetos ecol\u00f3gicos.<\/p>\n\n\n\n<figure class=\"wp-block-image size-large\"><img loading=\"lazy\" decoding=\"async\" width=\"1024\" height=\"678\" src=\"https:\/\/ajan.africa\/wp-content\/uploads\/2024\/09\/459990074_844038674518709_9041541191933933629_n-1-1024x678.jpg\" alt=\"\" class=\"wp-image-15287\" srcset=\"https:\/\/ajan.africa\/wp-content\/uploads\/2024\/09\/459990074_844038674518709_9041541191933933629_n-1-1024x678.jpg 1024w, https:\/\/ajan.africa\/wp-content\/uploads\/2024\/09\/459990074_844038674518709_9041541191933933629_n-1-300x199.jpg 300w, https:\/\/ajan.africa\/wp-content\/uploads\/2024\/09\/459990074_844038674518709_9041541191933933629_n-1-768x508.jpg 768w, https:\/\/ajan.africa\/wp-content\/uploads\/2024\/09\/459990074_844038674518709_9041541191933933629_n-1-1536x1017.jpg 1536w, https:\/\/ajan.africa\/wp-content\/uploads\/2024\/09\/459990074_844038674518709_9041541191933933629_n-1-18x12.jpg 18w, https:\/\/ajan.africa\/wp-content\/uploads\/2024\/09\/459990074_844038674518709_9041541191933933629_n-1.jpg 1920w\" sizes=\"(max-width: 1024px) 100vw, 1024px\" \/><\/figure>\n\n\n\n<div class=\"wp-block-group is-nowrap is-layout-flex wp-container-core-group-is-layout-ad2f72ca wp-block-group-is-layout-flex\">\n<figure class=\"wp-block-image size-large\"><img loading=\"lazy\" decoding=\"async\" width=\"1024\" height=\"678\" src=\"https:\/\/ajan.africa\/wp-content\/uploads\/2024\/09\/460022024_844039241185319_5489331262329995961_n-1024x678.jpg\" alt=\"\" class=\"wp-image-15292\" srcset=\"https:\/\/ajan.africa\/wp-content\/uploads\/2024\/09\/460022024_844039241185319_5489331262329995961_n-1024x678.jpg 1024w, https:\/\/ajan.africa\/wp-content\/uploads\/2024\/09\/460022024_844039241185319_5489331262329995961_n-300x199.jpg 300w, https:\/\/ajan.africa\/wp-content\/uploads\/2024\/09\/460022024_844039241185319_5489331262329995961_n-768x508.jpg 768w, https:\/\/ajan.africa\/wp-content\/uploads\/2024\/09\/460022024_844039241185319_5489331262329995961_n-1536x1017.jpg 1536w, https:\/\/ajan.africa\/wp-content\/uploads\/2024\/09\/460022024_844039241185319_5489331262329995961_n-18x12.jpg 18w, https:\/\/ajan.africa\/wp-content\/uploads\/2024\/09\/460022024_844039241185319_5489331262329995961_n.jpg 1920w\" sizes=\"(max-width: 1024px) 100vw, 1024px\" \/><\/figure>\n\n\n\n<figure class=\"wp-block-image size-large\"><img loading=\"lazy\" decoding=\"async\" width=\"1024\" height=\"678\" src=\"https:\/\/ajan.africa\/wp-content\/uploads\/2024\/09\/459523575_844039284518648_4915785436137228080_n-1024x678.jpg\" alt=\"\" class=\"wp-image-15289\" srcset=\"https:\/\/ajan.africa\/wp-content\/uploads\/2024\/09\/459523575_844039284518648_4915785436137228080_n-1024x678.jpg 1024w, https:\/\/ajan.africa\/wp-content\/uploads\/2024\/09\/459523575_844039284518648_4915785436137228080_n-300x199.jpg 300w, https:\/\/ajan.africa\/wp-content\/uploads\/2024\/09\/459523575_844039284518648_4915785436137228080_n-768x508.jpg 768w, https:\/\/ajan.africa\/wp-content\/uploads\/2024\/09\/459523575_844039284518648_4915785436137228080_n-1536x1017.jpg 1536w, https:\/\/ajan.africa\/wp-content\/uploads\/2024\/09\/459523575_844039284518648_4915785436137228080_n-18x12.jpg 18w, https:\/\/ajan.africa\/wp-content\/uploads\/2024\/09\/459523575_844039284518648_4915785436137228080_n.jpg 1920w\" sizes=\"(max-width: 1024px) 100vw, 1024px\" \/><\/figure>\n<\/div>\n\n\n\n<h3 class=\"wp-block-heading\"><strong><strong>Dia 3: Aperfei\u00e7oar os Projetos Empresariais Verdes<\/strong><\/strong><\/h3>\n\n\n\n<p class=\"translation-block\">No terceiro dia, a forma\u00e7\u00e3o passou para atividades mais pr\u00e1ticas, \u00e0 medida que os participantes se concentravam em refinar os seus projetos de empreendedorismo verde. Os facilitadores \u2013 Patricia Tahirindray, Fidele Randriamananjara e Efa Ravelonantoandro \u2013 guiaram-nos atrav\u00e9s de ferramentas e metodologias essenciais, como a <strong>pesquisa de mercado<\/strong>, a <strong>metodologia Lean Startup<\/strong>, a <strong>Lean Canvas <\/strong> e <strong>Produto M\u00ednimo Vi\u00e1vel (MVP)<\/strong> conceitos fundamentais da Ac\u00e7\u00e3o Jesu\u00edta de Empreendedorismo Juvenil da AJAN (JYSEA). Estas t\u00e9cnicas pr\u00e1ticas dotaram os jovens empreendedores dos meios para conceberem e executarem eficazmente as suas ideias de neg\u00f3cio.<\/p>\n\n\n\n<figure class=\"wp-block-image size-large\"><img loading=\"lazy\" decoding=\"async\" width=\"1024\" height=\"683\" src=\"https:\/\/ajan.africa\/wp-content\/uploads\/2024\/09\/460047522_845619774360599_5901575675949412318_n-1024x683.jpg\" alt=\"\" class=\"wp-image-15290\" srcset=\"https:\/\/ajan.africa\/wp-content\/uploads\/2024\/09\/460047522_845619774360599_5901575675949412318_n-1024x683.jpg 1024w, https:\/\/ajan.africa\/wp-content\/uploads\/2024\/09\/460047522_845619774360599_5901575675949412318_n-300x200.jpg 300w, https:\/\/ajan.africa\/wp-content\/uploads\/2024\/09\/460047522_845619774360599_5901575675949412318_n-768x512.jpg 768w, https:\/\/ajan.africa\/wp-content\/uploads\/2024\/09\/460047522_845619774360599_5901575675949412318_n-1536x1024.jpg 1536w, https:\/\/ajan.africa\/wp-content\/uploads\/2024\/09\/460047522_845619774360599_5901575675949412318_n-18x12.jpg 18w, https:\/\/ajan.africa\/wp-content\/uploads\/2024\/09\/460047522_845619774360599_5901575675949412318_n.jpg 1920w\" sizes=\"(max-width: 1024px) 100vw, 1024px\" \/><\/figure>\n\n\n\n<p class=\"translation-block\">O dia terminou com uma missa reflexiva centrada na <strong>Laudato Si<\/strong>, a enc\u00edclica do Papa Francisco sobre o cuidado da nossa casa comum, lembrando aos participantes a dimens\u00e3o espiritual do seu trabalho na salvaguarda do ambiente, ligando os objectivos de desenvolvimento sustent\u00e1vel aos objectivos ambientais.<\/p>\n\n\n\n<figure class=\"wp-block-image size-large\"><img loading=\"lazy\" decoding=\"async\" width=\"1024\" height=\"683\" src=\"https:\/\/ajan.africa\/wp-content\/uploads\/2024\/09\/459640317_843429704579606_2450788623703888428_n-1024x683.jpg\" alt=\"\" class=\"wp-image-15291\" srcset=\"https:\/\/ajan.africa\/wp-content\/uploads\/2024\/09\/459640317_843429704579606_2450788623703888428_n-1024x683.jpg 1024w, https:\/\/ajan.africa\/wp-content\/uploads\/2024\/09\/459640317_843429704579606_2450788623703888428_n-300x200.jpg 300w, https:\/\/ajan.africa\/wp-content\/uploads\/2024\/09\/459640317_843429704579606_2450788623703888428_n-768x512.jpg 768w, https:\/\/ajan.africa\/wp-content\/uploads\/2024\/09\/459640317_843429704579606_2450788623703888428_n-1536x1024.jpg 1536w, https:\/\/ajan.africa\/wp-content\/uploads\/2024\/09\/459640317_843429704579606_2450788623703888428_n-18x12.jpg 18w, https:\/\/ajan.africa\/wp-content\/uploads\/2024\/09\/459640317_843429704579606_2450788623703888428_n.jpg 1920w\" sizes=\"(max-width: 1024px) 100vw, 1024px\" \/><\/figure>\n\n\n\n<h3 class=\"wp-block-heading\"><strong><strong>Dia 4: Garantir Parcerias e Financiamento para um Futuro Verde<\/strong><\/strong><\/h3>\n\n\n\n<p class=\"translation-block\">O \u00faltimo dia, 16 de setembro de 2024, foi todo sobre <strong>financiamento, parcerias e inova\u00e7\u00e3o<\/strong>. Os participantes aprofundaram temas como a <strong>an\u00e1lise de risco<\/strong> e travaram um debate animado sobre o <strong>mercado de carbono<\/strong>. \u00c0 tarde, apresentaram os seus modelos de neg\u00f3cio eco-inovadores, cada projecto demonstrando um forte compromisso com o desenvolvimento sustent\u00e1vel e uma economia mais verde.<\/p>\n\n\n\n<figure class=\"wp-block-image size-large\"><img loading=\"lazy\" decoding=\"async\" width=\"1024\" height=\"678\" src=\"https:\/\/ajan.africa\/wp-content\/uploads\/2024\/09\/459416197_844039031185340_5290302227763510506_n-1-1024x678.jpg\" alt=\"\" class=\"wp-image-15288\" srcset=\"https:\/\/ajan.africa\/wp-content\/uploads\/2024\/09\/459416197_844039031185340_5290302227763510506_n-1-1024x678.jpg 1024w, https:\/\/ajan.africa\/wp-content\/uploads\/2024\/09\/459416197_844039031185340_5290302227763510506_n-1-300x199.jpg 300w, https:\/\/ajan.africa\/wp-content\/uploads\/2024\/09\/459416197_844039031185340_5290302227763510506_n-1-768x508.jpg 768w, https:\/\/ajan.africa\/wp-content\/uploads\/2024\/09\/459416197_844039031185340_5290302227763510506_n-1-1536x1017.jpg 1536w, https:\/\/ajan.africa\/wp-content\/uploads\/2024\/09\/459416197_844039031185340_5290302227763510506_n-1-18x12.jpg 18w, https:\/\/ajan.africa\/wp-content\/uploads\/2024\/09\/459416197_844039031185340_5290302227763510506_n-1.jpg 1920w\" sizes=\"(max-width: 1024px) 100vw, 1024px\" \/><\/figure>\n\n\n\n<p>A forma\u00e7\u00e3o terminou com uma celebra\u00e7\u00e3o festiva. Uma tradicional noite, seguida de entrega de certificados, marcou n\u00e3o s\u00f3 o final do programa, mas o in\u00edcio de uma nova aventura para estes jovens empreendedores. A sua viagem de quatro dias refor\u00e7ou a sua capacidade de enfrentar os desafios ambientais e promover o desenvolvimento sustent\u00e1vel nas suas comunidades.<\/p>\n\n\n\n<h3 class=\"wp-block-heading\"><strong><strong>Rumo a um futuro mais verde<\/strong><\/strong><\/h3>\n\n\n\n<p>Esta iniciativa representa um movimento poderoso em direc\u00e7\u00e3o a uma economia mais verde e mais amiga do ambiente. A forma\u00e7\u00e3o, a troca de ideias e o empenho demonstrados pelos jovens participantes contribuir\u00e3o, sem d\u00favida, para moldar um futuro sustent\u00e1vel para Madag\u00e1scar e n\u00e3o s\u00f3.<\/p>\n\n\n\n<p><strong><strong>Juntos, caminhamos para um futuro onde o empreendedorismo verde e o desenvolvimento sustent\u00e1vel abrem caminho para mudan\u00e7as duradouras.<\/strong><\/strong><\/p>\n\n\n\n<p class=\"has-text-align-right\"><em>De,<\/em> <strong>Communication Team<\/strong>,<\/p>\n\n\n\n<p class=\"has-text-align-right\">Centre Arrupe, Madagascar (CA-MDG).<\/p>","protected":false},"excerpt":{"rendered":"<p>From September 12 to 17, 2024, a vibrant training program on green entrepreneurship took place in the village of Aina Benasandratra, Madagascar. Organized by Centre Arrupe, Madagascar (CA MDG), the 4-day continuous training was part of the (Life and Environment Education (LIFEE) Project aligned with the Season of Creation, which<\/p>\n<p><a class=\"sd-more sd-all-trans\" href=\"https:\/\/ajan.africa\/pt\/madagascars-youth-lead-the-charge-pioneering-green-entrepreneurship-for-a-sustainable-future\/#more-15280\">consulte Mais informa\u00e7\u00e3o<\/a><\/p>","protected":false},"author":5,"featured_media":15285,"comment_status":"closed","ping_status":"open","sticky":false,"template":"","format":"standard","meta":{"om_disable_all_campaigns":false,"_monsterinsights_skip_tracking":false,"_monsterinsights_sitenote_active":false,"_monsterinsights_sitenote_note":"","_monsterinsights_sitenote_category":0,"footnotes":""},"categories":[98],"tags":[],"class_list":["post-15280","post","type-post","status-publish","format-standard","has-post-thumbnail","hentry","category-ajan-news-articles"],"aioseo_notices":[],"_links":{"self":[{"href":"https:\/\/ajan.africa\/pt\/wp-json\/wp\/v2\/posts\/15280","targetHints":{"allow":["GET"]}}],"collection":[{"href":"https:\/\/ajan.africa\/pt\/wp-json\/wp\/v2\/posts"}],"about":[{"href":"https:\/\/ajan.africa\/pt\/wp-json\/wp\/v2\/types\/post"}],"author":[{"embeddable":true,"href":"https:\/\/ajan.africa\/pt\/wp-json\/wp\/v2\/users\/5"}],"replies":[{"embeddable":true,"href":"https:\/\/ajan.africa\/pt\/wp-json\/wp\/v2\/comments?post=15280"}],"version-history":[{"count":0,"href":"https:\/\/ajan.africa\/pt\/wp-json\/wp\/v2\/posts\/15280\/revisions"}],"wp:featuredmedia":[{"embeddable":true,"href":"https:\/\/ajan.africa\/pt\/wp-json\/wp\/v2\/media\/15285"}],"wp:attachment":[{"href":"https:\/\/ajan.africa\/pt\/wp-json\/wp\/v2\/media?parent=15280"}],"wp:term":[{"taxonomy":"category","embeddable":true,"href":"https:\/\/ajan.africa\/pt\/wp-json\/wp\/v2\/categories?post=15280"},{"taxonomy":"post_tag","embeddable":true,"href":"https:\/\/ajan.africa\/pt\/wp-json\/wp\/v2\/tags?post=15280"}],"curies":[{"name":"wp","href":"https:\/\/api.w.org\/{rel}","templated":true}]}}