{"id":15393,"date":"2024-11-04T08:57:55","date_gmt":"2024-11-04T08:57:55","guid":{"rendered":"https:\/\/ajan.africa\/?p=15393"},"modified":"2024-11-04T11:06:18","modified_gmt":"2024-11-04T11:06:18","slug":"building-brotherhood-and-academic-success-at-sjdp-nairobi-kenya-a-week-of-growth-and-support-for-young-men","status":"publish","type":"post","link":"https:\/\/ajan.africa\/pt\/building-brotherhood-and-academic-success-at-sjdp-nairobi-kenya-a-week-of-growth-and-support-for-young-men\/","title":{"rendered":"Construir a Irmandade e o Sucesso Acad\u00e9mico no SJDP, Nairobi, Qu\u00e9nia: Uma Semana de Crescimento e Apoio aos Jovens"},"content":{"rendered":"<p>De 4 a 10 de novembro de 2024, os Programas de Desenvolvimento de S\u00e3o Jos\u00e9 (SJDP) realizaram atividades impactantes centradas no apoio aos rapazes e na abordagem dos seus desafios \u00fanicos. O ponto alto foi o F\u00f3rum de Rapazes realizado no fim de semana \u2013 uma sess\u00e3o dedicada onde rapazes do ensino secund\u00e1rio se reuniram para se conectarem, discutirem abertamente as suas lutas e oferecerem apoio m\u00fatuo. O evento foi vibrante e repleto de camaradagem, promovendo um forte sentimento de fraternidade e criando um espa\u00e7o seguro para os jovens serem ouvidos e compreendidos.<\/p>\n\n\n<div class=\"wp-block-image\">\n<figure class=\"aligncenter size-full\"><img fetchpriority=\"high\" decoding=\"async\" width=\"619\" height=\"371\" src=\"https:\/\/ajan.africa\/wp-content\/uploads\/2024\/11\/Screenshot-2024-10-11-103140.webp\" alt=\"\" class=\"wp-image-15394\" srcset=\"https:\/\/ajan.africa\/wp-content\/uploads\/2024\/11\/Screenshot-2024-10-11-103140.webp 619w, https:\/\/ajan.africa\/wp-content\/uploads\/2024\/11\/Screenshot-2024-10-11-103140-300x180.webp 300w, https:\/\/ajan.africa\/wp-content\/uploads\/2024\/11\/Screenshot-2024-10-11-103140-18x12.webp 18w, https:\/\/ajan.africa\/wp-content\/uploads\/2024\/11\/Screenshot-2024-10-11-103140-366x220.webp 366w\" sizes=\"(max-width: 619px) 100vw, 619px\" \/><\/figure>\n<\/div>\n\n\n<p><em>Foi um momento para recordar como os nossos meninos da escola secund\u00e1ria t\u00e9cnica de S\u00e3o Jos\u00e9 tiveram uma sess\u00e3o interativa no f\u00f3rum de Masculinidade Positiva facilitada pelo irm\u00e3o Martine.<\/em><\/p>\n\n\n\n<div class=\"wp-block-group is-nowrap is-layout-flex wp-container-core-group-is-layout-ad2f72ca wp-block-group-is-layout-flex\"><div class=\"wp-block-image\">\n<figure class=\"aligncenter size-full\"><img decoding=\"async\" width=\"635\" height=\"382\" src=\"https:\/\/ajan.africa\/wp-content\/uploads\/2024\/11\/Screenshot-2024-10-11-103149.webp\" alt=\"\" class=\"wp-image-15395\" srcset=\"https:\/\/ajan.africa\/wp-content\/uploads\/2024\/11\/Screenshot-2024-10-11-103149.webp 635w, https:\/\/ajan.africa\/wp-content\/uploads\/2024\/11\/Screenshot-2024-10-11-103149-300x180.webp 300w, https:\/\/ajan.africa\/wp-content\/uploads\/2024\/11\/Screenshot-2024-10-11-103149-18x12.webp 18w, https:\/\/ajan.africa\/wp-content\/uploads\/2024\/11\/Screenshot-2024-10-11-103149-366x220.webp 366w\" sizes=\"(max-width: 635px) 100vw, 635px\" \/><\/figure>\n<\/div>\n\n\n<figure class=\"wp-block-image size-full\"><img decoding=\"async\" width=\"638\" height=\"383\" src=\"https:\/\/ajan.africa\/wp-content\/uploads\/2024\/11\/Screenshot-2024-10-11-103157.webp\" alt=\"\" class=\"wp-image-15399\" srcset=\"https:\/\/ajan.africa\/wp-content\/uploads\/2024\/11\/Screenshot-2024-10-11-103157.webp 638w, https:\/\/ajan.africa\/wp-content\/uploads\/2024\/11\/Screenshot-2024-10-11-103157-300x180.webp 300w, https:\/\/ajan.africa\/wp-content\/uploads\/2024\/11\/Screenshot-2024-10-11-103157-18x12.webp 18w, https:\/\/ajan.africa\/wp-content\/uploads\/2024\/11\/Screenshot-2024-10-11-103157-366x220.webp 366w\" sizes=\"(max-width: 638px) 100vw, 638px\" \/><\/figure>\n<\/div>\n\n\n\n<p class=\"has-text-align-center translation-block\">Imagem 1: <em>Os rapazes tamb\u00e9m foram acompanhados pelos nossos professores para liderar o tema do dia.<\/em> Imagem 2: <em>Cabo de Guerra:<\/em> <em>Um Teste de For\u00e7a e Esp\u00edrito de equipa dos meninos.<\/em><\/p>\n\n\n\n<p>A nossa Santa Missa semanal continua a ser uma pedra angular querida, oferecendo aos participantes um tempo de reflex\u00e3o e renova\u00e7\u00e3o espiritual. Este encontro serve como um momento de ancoragem no meio das suas vidas ocupadas, refor\u00e7ando a \u00eanfase do programa no crescimento espiritual.<\/p>\n\n\n\n<div class=\"wp-block-media-text is-stacked-on-mobile\"><figure class=\"wp-block-media-text__media\"><img loading=\"lazy\" decoding=\"async\" width=\"584\" height=\"385\" src=\"https:\/\/ajan.africa\/wp-content\/uploads\/2024\/11\/Screenshot-2024-10-11-103208-1.webp\" alt=\"\" class=\"wp-image-15396 size-full\" srcset=\"https:\/\/ajan.africa\/wp-content\/uploads\/2024\/11\/Screenshot-2024-10-11-103208-1.webp 584w, https:\/\/ajan.africa\/wp-content\/uploads\/2024\/11\/Screenshot-2024-10-11-103208-1-300x198.webp 300w, https:\/\/ajan.africa\/wp-content\/uploads\/2024\/11\/Screenshot-2024-10-11-103208-1-18x12.webp 18w\" sizes=\"(max-width: 584px) 100vw, 584px\" \/><\/figure><div class=\"wp-block-media-text__content\">\n<p><em>Santa Missa semanal como pilar da nossa alimenta\u00e7\u00e3o espiritual, na qual participamos semanalmente todas as quartas-feiras.<\/em><\/p>\n<\/div><\/div>\n\n\n\n<p class=\"has-text-align-left\">Com o aproximar do final do semestre, o SJDP est\u00e1 focado em ajudar os nossos alunos do Form Four a preparar-se para os exames KCSE. Estabelecemos grupos de estudo e sess\u00f5es de orienta\u00e7\u00e3o para promover a colabora\u00e7\u00e3o e a aprendizagem entre pares. Al\u00e9m disso, o SJDP est\u00e1 a oferecer workshops de al\u00edvio do stress para apoiar o seu bem-estar durante este per\u00edodo intenso. Na Saint Joseph, estamos empenhados numa abordagem hol\u00edstica que atenda \u00e0s necessidades espirituais e acad\u00e9micas, capacitando os alunos para o sucesso acad\u00e9mico e, ao mesmo tempo, promovendo rela\u00e7\u00f5es significativas e de apoio.<\/p>\n\n\n\n<p class=\"has-text-align-right\"><em> Por<\/em>, <strong>Eugine Nyakundi<\/strong><\/p>\n\n\n\n<p class=\"has-text-align-right\">Communications Office, SJDP.<\/p>","protected":false},"excerpt":{"rendered":"<p>From November 4th to 10th, 2024, Saint Joseph Development Programmes (SJDP) carried out impactful activities centered on supporting young boys and addressing their unique challenges. The highlight was the Boys Forum held over the weekend\u2014a dedicated session where secondary school boys came together to connect, openly discuss their struggles, and<\/p>\n<p><a class=\"sd-more sd-all-trans\" href=\"https:\/\/ajan.africa\/pt\/building-brotherhood-and-academic-success-at-sjdp-nairobi-kenya-a-week-of-growth-and-support-for-young-men\/#more-15393\">consulte Mais informa\u00e7\u00e3o<\/a><\/p>","protected":false},"author":5,"featured_media":15397,"comment_status":"closed","ping_status":"open","sticky":false,"template":"","format":"standard","meta":{"om_disable_all_campaigns":false,"_monsterinsights_skip_tracking":false,"_monsterinsights_sitenote_active":false,"_monsterinsights_sitenote_note":"","_monsterinsights_sitenote_category":0,"footnotes":""},"categories":[98],"tags":[],"class_list":["post-15393","post","type-post","status-publish","format-standard","has-post-thumbnail","hentry","category-ajan-news-articles"],"aioseo_notices":[],"_links":{"self":[{"href":"https:\/\/ajan.africa\/pt\/wp-json\/wp\/v2\/posts\/15393","targetHints":{"allow":["GET"]}}],"collection":[{"href":"https:\/\/ajan.africa\/pt\/wp-json\/wp\/v2\/posts"}],"about":[{"href":"https:\/\/ajan.africa\/pt\/wp-json\/wp\/v2\/types\/post"}],"author":[{"embeddable":true,"href":"https:\/\/ajan.africa\/pt\/wp-json\/wp\/v2\/users\/5"}],"replies":[{"embeddable":true,"href":"https:\/\/ajan.africa\/pt\/wp-json\/wp\/v2\/comments?post=15393"}],"version-history":[{"count":0,"href":"https:\/\/ajan.africa\/pt\/wp-json\/wp\/v2\/posts\/15393\/revisions"}],"wp:featuredmedia":[{"embeddable":true,"href":"https:\/\/ajan.africa\/pt\/wp-json\/wp\/v2\/media\/15397"}],"wp:attachment":[{"href":"https:\/\/ajan.africa\/pt\/wp-json\/wp\/v2\/media?parent=15393"}],"wp:term":[{"taxonomy":"category","embeddable":true,"href":"https:\/\/ajan.africa\/pt\/wp-json\/wp\/v2\/categories?post=15393"},{"taxonomy":"post_tag","embeddable":true,"href":"https:\/\/ajan.africa\/pt\/wp-json\/wp\/v2\/tags?post=15393"}],"curies":[{"name":"wp","href":"https:\/\/api.w.org\/{rel}","templated":true}]}}