{"id":15890,"date":"2024-11-30T23:00:00","date_gmt":"2024-11-30T23:00:00","guid":{"rendered":"https:\/\/ajan.africa\/?p=15890"},"modified":"2024-11-30T19:20:08","modified_gmt":"2024-11-30T19:20:08","slug":"world-aids-day-2024-statement-from-the-president-of-the-jesuit-conference-of-africa-and-madagascar-jcam","status":"publish","type":"post","link":"https:\/\/ajan.africa\/pt\/world-aids-day-2024-statement-from-the-president-of-the-jesuit-conference-of-africa-and-madagascar-jcam\/","title":{"rendered":"Dia Mundial da SIDA 2024: Declara\u00e7\u00e3o do Presidente da Confer\u00eancia Jesu\u00edta de \u00c1frica e Madag\u00e1scar (JCAM)"},"content":{"rendered":"<h2 class=\"wp-block-heading has-text-align-center translation-block\"><strong>Siga o caminho <em>certo<\/em><\/strong><\/h2>\n\n\n\n<p>Caros amigos, colegas e parceiros em miss\u00e3o,<\/p>\n\n\n\n<p>Hoje assinala-se o Dia Mundial da SIDA, uma ocasi\u00e3o tradicionalmente celebrada pela Confer\u00eancia Jesu\u00edta de \u00c1frica e Madag\u00e1scar (JCAM) com uma declara\u00e7\u00e3o. Ao reflectirmos sobre este dia, devemos perguntar: que progressos foram feitos desde a nossa \u00faltima declara\u00e7\u00e3o? Os nossos anteriores gritos de ang\u00fastia foram ouvidos ou ecoaram sem serem ouvidos no vazio?<\/p>\n\n\n\n<p class=\"translation-block\">Este ano, a ONUSIDA escolheu o tema\u00a0<em>\u201cSeguir o Caminho dos Direitos\u201d<\/em>\u00a0para o Dia Mundial da SIDA. Estaremos ent\u00e3o no caminho errado? Se sim, h\u00e1 quanto tempo nos desvi\u00e1mos? Em vez de nos entregarmos a v\u00e3s especula\u00e7\u00f5es ou a queixas est\u00e9reis, aproveitemos este momento para fazer uma pausa e avaliar o ano que est\u00e1 a terminar. Tiremos-lhe motiva\u00e7\u00e3o e for\u00e7a renovadas para continuar a luta. Hoje, unimos as nossas vozes para refletir, renovar o compromisso e defender um caminho que defenda a dignidade e os direitos de cada indiv\u00edduo. Na verdade, a luta pela dignidade humana \u00e9 intermin\u00e1vel.<\/p>\n\n\n\n<p>Talvez se recordem que no dia 10 de dezembro de 2023, durante o 75\u00ba anivers\u00e1rio da Declara\u00e7\u00e3o Universal dos Direitos Humanos, o Papa Francisco apelou \u00e0 Igreja para manter o seu compromisso firme com os direitos humanos. Ele ofereceu ora\u00e7\u00f5es por todos aqueles que lutam por estes direitos, lembrando-nos da nossa responsabilidade colectiva.<\/p>\n\n\n\n<p>Desde o \u00faltimo Dia Mundial da SIDA, os factos t\u00eam-se mantido essencialmente inalterados. \u00c1frica continua a suportar o fardo mais pesado da epidemia do VIH, sendo respons\u00e1vel por mais de 60% das infec\u00e7\u00f5es globais. Esta dura realidade desafia-nos, enquanto Jesu\u00edtas, a colocar o servi\u00e7o \u00e0 f\u00e9, a promo\u00e7\u00e3o da justi\u00e7a e a defesa da dignidade humana no centro da nossa miss\u00e3o.<\/p>\n\n\n\n<p>A direc\u00e7\u00e3o indicada pela ONUSIDA promete beneficiar-nos? Este tema ressoa profundamente com a miss\u00e3o da Rede Jesu\u00edta Africana contra a SIDA (AJAN) de promover a justi\u00e7a e os direitos humanos, especialmente para as pessoas que vivem com o VIH e a SIDA e as pessoas vulner\u00e1veis a ele. Uma express\u00e3o pr\u00e1tica do compromisso da AJAN para com os direitos humanos \u00e9 evidente nas suas \u00e1reas de interven\u00e7\u00e3o, incluindo cuidados de sa\u00fade, educa\u00e7\u00e3o, redu\u00e7\u00e3o do estigma, forma\u00e7\u00e3o de jovens, inclus\u00e3o econ\u00f3mica e participa\u00e7\u00e3o comunit\u00e1ria, entre muitas outras.<\/p>\n\n\n\n<p>A nossa compreens\u00e3o dos direitos humanos vai al\u00e9m das pol\u00edticas, incorporando a trajet\u00f3ria de Jesus em Mateus 8:1-4 \u2013 um caminho para dissolver a aliena\u00e7\u00e3o, estender a m\u00e3o da compaix\u00e3o e ousar abra\u00e7ar o nosso conceito Ubuntu de bem comum: generosidade, reciprocidade e uni\u00e3o com aqueles que muitas vezes s\u00e3o esquecidos. Estamos convencidos de que qualquer ac\u00e7\u00e3o tomada no esp\u00edrito da compaix\u00e3o, com o objectivo do bem-estar humano, gerar\u00e1 respeito pelos direitos em todas as formas para todos.<\/p>\n\n\n\n<p>Embora a Igreja e os Jesu\u00edtas tenham caminhado especificamente ao lado das pessoas afectadas e infectadas pelo VIH, reconhecemos que a viagem est\u00e1 longe de terminar. De forma alarmante, assistimos a um ressurgimento de desafios que amea\u00e7am minar o progresso, criando novas vulnerabilidades, marginaliza\u00e7\u00e3o e exclus\u00e3o. Devemos construir estruturas que respeitem a dignidade divina e afirmem a sacralidade de cada vida. As nossas comunidades tamb\u00e9m devem ser capacitadas para exigir compaix\u00e3o, justi\u00e7a e responsabilidade dos seus l\u00edderes numa miss\u00e3o partilhada para elevar, incluir e honrar cada indiv\u00edduo.<\/p>\n\n\n\n<p>Neste Dia Mundial da SIDA, o meu cora\u00e7\u00e3o e as minhas ora\u00e7\u00f5es v\u00e3o para todos os homens, mulheres e crian\u00e7as resilientes, cujas vidas s\u00e3o uma luta constante devido ao VIH. Como Jesu\u00edtas, comprometemo-nos a caminhar com as nossas comunidades e a deixar que a compaix\u00e3o, a busca pela justi\u00e7a, os direitos humanos e a solidariedade guiem o nosso trabalho. Juntos, podemos acabar com a SIDA como uma amea\u00e7a \u00e0 sa\u00fade p\u00fablica, especialmente no nosso continente. O caminho justo afasta-se das ideologias dominantes deste mundo, optando, em vez disso, pela compaix\u00e3o e pelo compromisso genu\u00edno com a dignidade humana em todos os seus aspetos.<\/p>\n\n\n\n<p>Com cada b\u00ean\u00e7\u00e3o,<\/p>\n\n\n\n<p>O Pe. Jos\u00e9 MINAKU, Presidente do SJ.<\/p>","protected":false},"excerpt":{"rendered":"<p>Take the right path Dear Friends, Colleagues, and Partners in Mission, Today marks World AIDS Day, an occasion traditionally observed by the Jesuit Conference of Africa and Madagascar (JCAM) with a statement. As we reflect on this day, we must ask: what progress has been made since our last declaration?<\/p>\n<p><a class=\"sd-more sd-all-trans\" href=\"https:\/\/ajan.africa\/pt\/world-aids-day-2024-statement-from-the-president-of-the-jesuit-conference-of-africa-and-madagascar-jcam\/#more-15890\">consulte Mais informa\u00e7\u00e3o<\/a><\/p>","protected":false},"author":162,"featured_media":15892,"comment_status":"closed","ping_status":"open","sticky":false,"template":"","format":"standard","meta":{"om_disable_all_campaigns":false,"_monsterinsights_skip_tracking":false,"_monsterinsights_sitenote_active":false,"_monsterinsights_sitenote_note":"","_monsterinsights_sitenote_category":0,"footnotes":""},"categories":[125],"tags":[],"class_list":["post-15890","post","type-post","status-publish","format-standard","has-post-thumbnail","hentry","category-world-aids-day"],"aioseo_notices":[],"_links":{"self":[{"href":"https:\/\/ajan.africa\/pt\/wp-json\/wp\/v2\/posts\/15890","targetHints":{"allow":["GET"]}}],"collection":[{"href":"https:\/\/ajan.africa\/pt\/wp-json\/wp\/v2\/posts"}],"about":[{"href":"https:\/\/ajan.africa\/pt\/wp-json\/wp\/v2\/types\/post"}],"author":[{"embeddable":true,"href":"https:\/\/ajan.africa\/pt\/wp-json\/wp\/v2\/users\/162"}],"replies":[{"embeddable":true,"href":"https:\/\/ajan.africa\/pt\/wp-json\/wp\/v2\/comments?post=15890"}],"version-history":[{"count":0,"href":"https:\/\/ajan.africa\/pt\/wp-json\/wp\/v2\/posts\/15890\/revisions"}],"wp:featuredmedia":[{"embeddable":true,"href":"https:\/\/ajan.africa\/pt\/wp-json\/wp\/v2\/media\/15892"}],"wp:attachment":[{"href":"https:\/\/ajan.africa\/pt\/wp-json\/wp\/v2\/media?parent=15890"}],"wp:term":[{"taxonomy":"category","embeddable":true,"href":"https:\/\/ajan.africa\/pt\/wp-json\/wp\/v2\/categories?post=15890"},{"taxonomy":"post_tag","embeddable":true,"href":"https:\/\/ajan.africa\/pt\/wp-json\/wp\/v2\/tags?post=15890"}],"curies":[{"name":"wp","href":"https:\/\/api.w.org\/{rel}","templated":true}]}}