{"id":17251,"date":"2025-07-01T11:38:42","date_gmt":"2025-07-01T11:38:42","guid":{"rendered":"https:\/\/ajan.africa\/?p=17251"},"modified":"2025-07-01T11:41:49","modified_gmt":"2025-07-01T11:41:49","slug":"empowering-young-people-by-championing-the-dignity-and-rights-of-the-african-child","status":"publish","type":"post","link":"https:\/\/ajan.africa\/pt\/empowering-young-people-by-championing-the-dignity-and-rights-of-the-african-child\/","title":{"rendered":"Empoderar os jovens defendendo a dignidade e os direitos da crian\u00e7a africana"},"content":{"rendered":"<p>Nesta edi\u00e7\u00e3o de junho de 2025 da AJANews, a AJAN junta-se ao resto do mundo na comemora\u00e7\u00e3o do Dia Internacional da Crian\u00e7a Africana, comemorado a 16 de junho. Este dia oferece uma oportunidade para celebrar a resili\u00eancia e o progresso das crian\u00e7as africanas, ao mesmo tempo que reflecte sobre os seus direitos fundamentais \u00e0 seguran\u00e7a, \u00e0 dignidade e \u00e0 oportunidade, especialmente perante a adversidade.<\/p>\n\n\n\n<p>O tema continental deste ano, <strong>\u201cPlaneamento e Or\u00e7amento para os Direitos da Crian\u00e7a\u201d<\/strong> encontrou uma express\u00e3o local marcante no valor central da AJAN de promover a \"Vida Plena\". Embora a alimenta\u00e7\u00e3o e o abrigo sejam corretamente priorizados em caso de emerg\u00eancia, a educa\u00e7\u00e3o deve ser tratada com a mesma urg\u00eancia. Por qu\u00ea? Porque a educa\u00e7\u00e3o n\u00e3o se resume a aprender, \u00e9 uma interven\u00e7\u00e3o que salva vidas.<\/p>\n\n\n\n<p>Apesar dos progressos alcan\u00e7ados no sentido de um or\u00e7amento orientado para a crian\u00e7a, a educa\u00e7\u00e3o continua a ser subfinanciada, especialmente em situa\u00e7\u00f5es de emerg\u00eancia. Isto \u00e9 inaceit\u00e1vel. No s\u00e9culo XXI, o acesso a uma educa\u00e7\u00e3o gratuita, inclusiva e de qualidade nunca deveria ser negoci\u00e1vel. <strong>S<\/strong><strong><em>as escolas s\u00e3o mais do que salas de aula, s\u00e3o espa\u00e7os seguros onde as crian\u00e7as se curam, crescem e recuperam a sua inf\u00e2ncia<\/em><\/strong><strong>. <\/strong>Quando investimos na educa\u00e7\u00e3o, investimos na quebra de ciclos de pobreza e conflito, capacitando as crian\u00e7as para reconstruir as suas comunidades.<\/p>\n\n\n\n<p>Na AJAN, reconhecemos que, sem acesso \u00e0 educa\u00e7\u00e3o, as crian\u00e7as em crise s\u00e3o muito mais vulner\u00e1veis \u200b\u200ba uma s\u00e9rie de desafios, incluindo o trabalho infantil, os casamentos precoces, as rela\u00e7\u00f5es sexuais antes do casamento e, em \u00faltima an\u00e1lise, a perda de todo o seu potencial. A educa\u00e7\u00e3o n\u00e3o \u00e9 apenas um direito b\u00e1sico, mas uma ferramenta poderosa que equipa os jovens com o conhecimento, os valores e as oportunidades de que necessitam para construir um futuro melhor para si pr\u00f3prios e para as suas comunidades.<\/p>\n\n\n\n<p>Inspirando-se na Doutrina Social da Igreja, a AJAN defende a dignidade de cada crian\u00e7a e defende o seu direito ao desenvolvimento integral. Acreditamos que a educa\u00e7\u00e3o \u00e9 um pilar fundamental na forma\u00e7\u00e3o de indiv\u00edduos respons\u00e1veis, empoderados e moralmente fundamentados. Guiados pelos princ\u00edpios da solidariedade, do bem comum e da op\u00e7\u00e3o preferencial pelos pobres, procuramos criar espa\u00e7os seguros e inclusivos onde os jovens possam crescer intelectual, emocional e espiritualmente, independentemente das suas circunst\u00e2ncias.<\/p>\n\n\n\n<p>Ao celebrarmos a Crian\u00e7a Africana pelos passos que deu, recordamos a \u201cmensagem prof\u00e9tica\u201d que o falecido Papa Francisco transmitiu durante a sua visita pastoral \u00e0 Rep\u00fablica Democr\u00e1tica do Congo (RDC). <em>\u201cNunca desista dos seus sonhos, nunca enterre completamente uma voca\u00e7\u00e3o e nunca aceite a derrota. Continue a procurar formas, pelo menos parciais ou imperfeitas, de viver aquilo que discerniu ser a sua verdadeira voca\u00e7\u00e3o.\u201d (\u2013 <\/em>Pope Francis, Christus Vivit, 2019, no. 272)<em>&nbsp; Uma das riquezas de \u00c1frica \u00e9 a intelig\u00eancia agu\u00e7ada dos seus jovens. Que o vosso empenho nos estudos contribua para o desenvolvimento humano e integral da sociedade.\u201d&nbsp;<\/em><\/p>\n\n\n\n<p>21 de junho \u2013 Festa de S\u00e3o Lu\u00eds Gonzaga. Comemoramos na Igreja Cat\u00f3lica a vida de S\u00e3o Lu\u00eds Gonzaga, padroeiro e protetor da rede AJAN. A sua vida destaca-se como um poderoso s\u00edmbolo de compaix\u00e3o, servi\u00e7o altru\u00edsta e dedica\u00e7\u00e3o inabal\u00e1vel aos doentes, aos vulner\u00e1veis \u200b\u200be aos marginalizados. Que o seu exemplo continue a inspirar os jovens a construir um mundo mais justo e compassivo, que salvaguarde a dignidade de todos, especialmente dos mais vulner\u00e1veis.<\/p>\n\n\n\n<p>Neste esp\u00edrito, convidamo-lo a explorar as hist\u00f3rias da nossa edi\u00e7\u00e3o de junho, onde destacamos o feedback inspirador de jovens representantes do St. Joseph Development Programmes\u2013Kangemi (SJDP) e do Centre Arrupe Madagascar (CA-MDG), que participaram na 8\u00aa Confer\u00eancia Anual de \u00c1frica sobre Empreendedorismo Social (AACOSE), na Celebra\u00e7\u00e3o do Dia de S\u00e3o Lu\u00eds na Escola Secund\u00e1ria St. Als, em Nairobi, no Qu\u00e9nia, na Monitoriza\u00e7\u00e3o das atividades do Programa AHAPPY nas escolas parceiras pelo Jesuit Urumuri Centre (JUC), no Ruanda, da comemora\u00e7\u00e3o do Dia Internacional da Crian\u00e7a Africana pelo SJDP, em Kangemi, no Qu\u00e9nia, bem como da participa\u00e7\u00e3o dos jovens na Confer\u00eancia da P\u00e1scoa e na Forma\u00e7\u00e3o de Lideran\u00e7a, uma iniciativa levada a cabo pelo gabinete de desenvolvimento integral da juventude no Zimbabu\u00e9 e das actividades de forma\u00e7\u00e3o de compet\u00eancias para jovens na Par\u00f3quia Cat\u00f3lica da Sagrada Fam\u00edlia, na Lib\u00e9ria.\u00a0<\/p>\n\n\n\n<p class=\"has-text-align-right translation-block\"><strong>Por<\/strong>, Dennis Owuoche<\/p>\n\n\n\n<p class=\"has-text-align-right\">Respons\u00e1vel de Comunica\u00e7\u00f5es, AJAN<\/p>","protected":false},"excerpt":{"rendered":"<p>In this June 2025 issue of AJANews, AJAN joins the rest of the world in commemorating the International Day of the African Child, observed on 16th June. This day offers an opportunity to celebrate the resilience and progress of African children while also reflecting on their fundamental rights to safety,<\/p>\n<p><a class=\"sd-more sd-all-trans\" href=\"https:\/\/ajan.africa\/pt\/empowering-young-people-by-championing-the-dignity-and-rights-of-the-african-child\/#more-17251\">consulte Mais informa\u00e7\u00e3o<\/a><\/p>","protected":false},"author":155,"featured_media":17253,"comment_status":"closed","ping_status":"open","sticky":false,"template":"","format":"standard","meta":{"om_disable_all_campaigns":false,"_monsterinsights_skip_tracking":false,"_monsterinsights_sitenote_active":false,"_monsterinsights_sitenote_note":"","_monsterinsights_sitenote_category":0,"footnotes":""},"categories":[98],"tags":[],"class_list":["post-17251","post","type-post","status-publish","format-standard","has-post-thumbnail","hentry","category-ajan-news-articles"],"aioseo_notices":[],"_links":{"self":[{"href":"https:\/\/ajan.africa\/pt\/wp-json\/wp\/v2\/posts\/17251","targetHints":{"allow":["GET"]}}],"collection":[{"href":"https:\/\/ajan.africa\/pt\/wp-json\/wp\/v2\/posts"}],"about":[{"href":"https:\/\/ajan.africa\/pt\/wp-json\/wp\/v2\/types\/post"}],"author":[{"embeddable":true,"href":"https:\/\/ajan.africa\/pt\/wp-json\/wp\/v2\/users\/155"}],"replies":[{"embeddable":true,"href":"https:\/\/ajan.africa\/pt\/wp-json\/wp\/v2\/comments?post=17251"}],"version-history":[{"count":0,"href":"https:\/\/ajan.africa\/pt\/wp-json\/wp\/v2\/posts\/17251\/revisions"}],"wp:featuredmedia":[{"embeddable":true,"href":"https:\/\/ajan.africa\/pt\/wp-json\/wp\/v2\/media\/17253"}],"wp:attachment":[{"href":"https:\/\/ajan.africa\/pt\/wp-json\/wp\/v2\/media?parent=17251"}],"wp:term":[{"taxonomy":"category","embeddable":true,"href":"https:\/\/ajan.africa\/pt\/wp-json\/wp\/v2\/categories?post=17251"},{"taxonomy":"post_tag","embeddable":true,"href":"https:\/\/ajan.africa\/pt\/wp-json\/wp\/v2\/tags?post=17251"}],"curies":[{"name":"wp","href":"https:\/\/api.w.org\/{rel}","templated":true}]}}