{"id":17894,"date":"2025-09-23T07:20:41","date_gmt":"2025-09-23T07:20:41","guid":{"rendered":"https:\/\/ajan.africa\/?p=17894"},"modified":"2025-10-07T07:06:41","modified_gmt":"2025-10-07T07:06:41","slug":"ajan-general-assembly-2025-kick-off-in-nairobi-with-a-call-to-transformation-and-hope","status":"publish","type":"post","link":"https:\/\/ajan.africa\/pt\/ajan-general-assembly-2025-kick-off-in-nairobi-with-a-call-to-transformation-and-hope\/","title":{"rendered":"Assembleia Geral da AJAN 2025; Capacita\u00e7\u00e3o para a Miss\u00e3o Sustent\u00e1vel e Colabora\u00e7\u00e3o dentro da Rede AJAN"},"content":{"rendered":"<p class=\"translation-block\">A Assembleia Geral de 2025 da Rede Jesu\u00edta Africana contra a SIDA (AJAN), realizada em Nairobi, no Qu\u00e9nia, reuniu jesu\u00edtas, colaboradores e parceiros de 17 pa\u00edses africanos para reflectir, planear e fortalecer a sua miss\u00e3o partilhada. A Assembleia, que decorreu de 22 a 26 de setembro de 2025, teve como tema \"Conectados para a Vida e o Bem-Estar: Moldar a Nossa Miss\u00e3o Comum em \u00c1frica\".<\/p>\n\n\n\n<p class=\"translation-block\">A Assembleia foi oficialmente aberta pelo <strong>Pe. Jos\u00e9 Minaku SJ, Presidente da Confer\u00eancia Jesu\u00edta da \u00c1frica e Madag\u00e1scar (JCAM)<\/strong>, que tamb\u00e9m presidiu a Missa de abertura. Na sua reflex\u00e3o sobre o Evangelho de hoje em <strong>Lucas 8:16-18<\/strong>, o Pe. Minaku lembrou aos participantes as palavras de Cristo: <em>\u201cNingu\u00e9m acende uma l\u00e2mpada para escond\u00ea-la\u2026 mas coloca-a no candelabro para que os que entram vejam a luz.\u201d<\/em><\/p>\n\n\n\n<figure class=\"wp-block-gallery has-nested-images columns-default is-cropped wp-block-gallery-1 is-layout-flex wp-block-gallery-is-layout-flex\">\n<figure class=\"wp-block-image size-large\"><img fetchpriority=\"high\" decoding=\"async\" width=\"1024\" height=\"577\" data-id=\"17900\" src=\"https:\/\/ajan.africa\/wp-content\/uploads\/2025\/09\/DSC03557-1024x577.jpg\" alt=\"\" class=\"wp-image-17900\" srcset=\"https:\/\/ajan.africa\/wp-content\/uploads\/2025\/09\/DSC03557-1024x577.jpg 1024w, https:\/\/ajan.africa\/wp-content\/uploads\/2025\/09\/DSC03557-300x169.jpg 300w, https:\/\/ajan.africa\/wp-content\/uploads\/2025\/09\/DSC03557-768x432.jpg 768w, https:\/\/ajan.africa\/wp-content\/uploads\/2025\/09\/DSC03557-1536x865.jpg 1536w, https:\/\/ajan.africa\/wp-content\/uploads\/2025\/09\/DSC03557-18x10.jpg 18w, https:\/\/ajan.africa\/wp-content\/uploads\/2025\/09\/DSC03557-274x155.jpg 274w, https:\/\/ajan.africa\/wp-content\/uploads\/2025\/09\/DSC03557.jpg 1920w\" sizes=\"(max-width: 1024px) 100vw, 1024px\" \/><figcaption class=\"wp-element-caption translation-block\"><em><strong>O Padre Jos\u00e9 Minaku SJ, Presidente da Confer\u00eancia Jesu\u00edta de \u00c1frica e Madag\u00e1scar (JCAM),<\/strong> presidiu \u00e0 Missa de abertura.<\/em><\/figcaption><\/figure>\n<\/figure>\n\n\n\n<p class=\"translation-block\">Na sua reflex\u00e3o, o Pe. Minaku chamou os participantes a deixar que este Evangelho guie o seu caminho durante a Assembleia. Ele os convidou a refletir profundamente sobre o novo Plano Estrat\u00e9gico da AJAN, a voltar \u00e0 sua identidade e miss\u00e3o, e a responder \u00e0 quest\u00e3o essencial: <em>Quem somos exatamente?<\/em> Ele descreveu o Evangelho como um \u201cchamado \u00e0 restaura\u00e7\u00e3o\u201d, especialmente num mundo ferido pela escurid\u00e3o. \u201cUsemos este tempo para nos restaurar como pessoas comprometidas com a miss\u00e3o da AJAN. As pequenas coisas que estamos a fazer est\u00e3o a fazer a diferen\u00e7a, e devemos ser gratos e orgulhosos delas\u201d, disse ele.<\/p>\n\n\n\n<p class=\"translation-block\">Ele continuou lembrando aos participantes que lhes foi confiada a tarefa de manter a luz da esperan\u00e7a acesa. <em>\u201cEstamos sendo encarregados de manter a luz acesa e de transmiti-la \u00e0 pr\u00f3xima gera\u00e7\u00e3o. A luz n\u00e3o nos pertence \u2014 ela pertence a Deus.\u201d<\/em><\/p>\n\n\n\n<figure class=\"wp-block-image size-large\"><img decoding=\"async\" width=\"1024\" height=\"577\" src=\"https:\/\/ajan.africa\/wp-content\/uploads\/2025\/09\/DSC03524-1024x577.jpg\" alt=\"\" class=\"wp-image-17901\" srcset=\"https:\/\/ajan.africa\/wp-content\/uploads\/2025\/09\/DSC03524-1024x577.jpg 1024w, https:\/\/ajan.africa\/wp-content\/uploads\/2025\/09\/DSC03524-300x169.jpg 300w, https:\/\/ajan.africa\/wp-content\/uploads\/2025\/09\/DSC03524-768x432.jpg 768w, https:\/\/ajan.africa\/wp-content\/uploads\/2025\/09\/DSC03524-1536x865.jpg 1536w, https:\/\/ajan.africa\/wp-content\/uploads\/2025\/09\/DSC03524-18x10.jpg 18w, https:\/\/ajan.africa\/wp-content\/uploads\/2025\/09\/DSC03524-274x155.jpg 274w, https:\/\/ajan.africa\/wp-content\/uploads\/2025\/09\/DSC03524.jpg 1920w\" sizes=\"(max-width: 1024px) 100vw, 1024px\" \/><figcaption class=\"wp-element-caption\"><em>Participantes da Assembleia Geral da AJAN durante a missa de abertura.<\/em><\/figcaption><\/figure>\n\n\n\n<p class=\"translation-block\">No seu discurso de abertura, ao dar as boas-vindas a todos os participantes, o Pe. Ismael Matambura SJ, Diretor da AJAN, inspirou-se nas palavras do Superior Geral da Companhia de Jesus, lembrando aos participantes que a miss\u00e3o jesu\u00edta n\u00e3o \u00e9 apenas servir, mas promover uma transforma\u00e7\u00e3o duradoura nas comunidades. \"O nosso apelo a um impacto sustent\u00e1vel est\u00e1 enraizado na nossa tradi\u00e7\u00e3o inaciana, convidando-nos a procurar o bem maior em todas as nossas obras\", afirmou. Citando Mateus 5:16, encorajou os participantes a deixarem brilhar a sua luz para que os seus esfor\u00e7os possam dar frutos durante gera\u00e7\u00f5es.<\/p>\n\n\n\n<figure class=\"wp-block-image size-large\"><img decoding=\"async\" width=\"1024\" height=\"577\" src=\"https:\/\/ajan.africa\/wp-content\/uploads\/2025\/09\/DSC03608-1024x577.jpg\" alt=\"\" class=\"wp-image-17898\" srcset=\"https:\/\/ajan.africa\/wp-content\/uploads\/2025\/09\/DSC03608-1024x577.jpg 1024w, https:\/\/ajan.africa\/wp-content\/uploads\/2025\/09\/DSC03608-300x169.jpg 300w, https:\/\/ajan.africa\/wp-content\/uploads\/2025\/09\/DSC03608-768x432.jpg 768w, https:\/\/ajan.africa\/wp-content\/uploads\/2025\/09\/DSC03608-1536x865.jpg 1536w, https:\/\/ajan.africa\/wp-content\/uploads\/2025\/09\/DSC03608-18x10.jpg 18w, https:\/\/ajan.africa\/wp-content\/uploads\/2025\/09\/DSC03608-274x155.jpg 274w, https:\/\/ajan.africa\/wp-content\/uploads\/2025\/09\/DSC03608.jpg 1920w\" sizes=\"(max-width: 1024px) 100vw, 1024px\" \/><figcaption class=\"wp-element-caption translation-block\"><em><strong>Pe. Ismael Matambura SJ, Diretor da AJAN<\/strong> dando o seu discurso de abertura na Assembleia Geral 2025 da AJAN.<\/em><\/figcaption><\/figure>\n\n\n\n<figure class=\"wp-block-image size-large\"><img loading=\"lazy\" decoding=\"async\" width=\"1024\" height=\"577\" src=\"https:\/\/ajan.africa\/wp-content\/uploads\/2025\/09\/DSC03603-1024x577.jpg\" alt=\"\" class=\"wp-image-17910\" srcset=\"https:\/\/ajan.africa\/wp-content\/uploads\/2025\/09\/DSC03603-1024x577.jpg 1024w, https:\/\/ajan.africa\/wp-content\/uploads\/2025\/09\/DSC03603-300x169.jpg 300w, https:\/\/ajan.africa\/wp-content\/uploads\/2025\/09\/DSC03603-768x432.jpg 768w, https:\/\/ajan.africa\/wp-content\/uploads\/2025\/09\/DSC03603-1536x865.jpg 1536w, https:\/\/ajan.africa\/wp-content\/uploads\/2025\/09\/DSC03603-18x10.jpg 18w, https:\/\/ajan.africa\/wp-content\/uploads\/2025\/09\/DSC03603-274x155.jpg 274w, https:\/\/ajan.africa\/wp-content\/uploads\/2025\/09\/DSC03603.jpg 1920w\" sizes=\"(max-width: 1024px) 100vw, 1024px\" \/><\/figure>\n\n\n\n<p>O primeiro dia contou com um programa de forma\u00e7\u00e3o para os diretores da AJAN, com foco nos jovens, na mudan\u00e7a de mentalidades, na lideran\u00e7a, na inova\u00e7\u00e3o, no empreendedorismo, na sustentabilidade e na mobiliza\u00e7\u00e3o de recursos nas organiza\u00e7\u00f5es religiosas.<\/p>\n\n\n\n<p class=\"translation-block\">A sess\u00e3o de Capacita\u00e7\u00e3o dos Diretores foi marcada por apresenta\u00e7\u00f5es perspicazes que deram o mote \u00e0 Assembleia. A Senhora Mary Wanjugu liderou a primeira sess\u00e3o sobre \"Mentalidade para a Inova\u00e7\u00e3o, Responsabilidade e Sustentabilidade\", onde enfatizou a import\u00e2ncia de cultivar o pensamento adaptativo, a criatividade e a responsabilidade como motores essenciais para o crescimento a longo prazo das organiza\u00e7\u00f5es religiosas. Esta incentivou os diretores a encararem os desafios como oportunidades de transforma\u00e7\u00e3o e a desenvolverem o sentido de responsabilidade nas suas equipas e comunidades.<\/p>\n\n\n\n<figure class=\"wp-block-image size-large\"><img loading=\"lazy\" decoding=\"async\" width=\"1024\" height=\"577\" src=\"https:\/\/ajan.africa\/wp-content\/uploads\/2025\/09\/DSC03700-1024x577.jpg\" alt=\"\" class=\"wp-image-17902\" srcset=\"https:\/\/ajan.africa\/wp-content\/uploads\/2025\/09\/DSC03700-1024x577.jpg 1024w, https:\/\/ajan.africa\/wp-content\/uploads\/2025\/09\/DSC03700-300x169.jpg 300w, https:\/\/ajan.africa\/wp-content\/uploads\/2025\/09\/DSC03700-768x432.jpg 768w, https:\/\/ajan.africa\/wp-content\/uploads\/2025\/09\/DSC03700-1536x865.jpg 1536w, https:\/\/ajan.africa\/wp-content\/uploads\/2025\/09\/DSC03700-18x10.jpg 18w, https:\/\/ajan.africa\/wp-content\/uploads\/2025\/09\/DSC03700-274x155.jpg 274w, https:\/\/ajan.africa\/wp-content\/uploads\/2025\/09\/DSC03700.jpg 1920w\" sizes=\"(max-width: 1024px) 100vw, 1024px\" \/><figcaption class=\"wp-element-caption translation-block\"><strong>A Sra. Mary Wanjugu<\/strong> liderou a primeira sess\u00e3o sobre <em>\u201cMentalidade para a Inova\u00e7\u00e3o, Propriedade e Sustentabilidade\u201d<\/em><\/figcaption><\/figure>\n\n\n\n<div class=\"wp-block-group is-nowrap is-layout-flex wp-container-core-group-is-layout-ad2f72ca wp-block-group-is-layout-flex\">\n<figure class=\"wp-block-image size-large\"><img loading=\"lazy\" decoding=\"async\" width=\"1024\" height=\"577\" src=\"https:\/\/ajan.africa\/wp-content\/uploads\/2025\/09\/DSC03715-1024x577.jpg\" alt=\"\" class=\"wp-image-17903\" srcset=\"https:\/\/ajan.africa\/wp-content\/uploads\/2025\/09\/DSC03715-1024x577.jpg 1024w, https:\/\/ajan.africa\/wp-content\/uploads\/2025\/09\/DSC03715-300x169.jpg 300w, https:\/\/ajan.africa\/wp-content\/uploads\/2025\/09\/DSC03715-768x432.jpg 768w, https:\/\/ajan.africa\/wp-content\/uploads\/2025\/09\/DSC03715-1536x865.jpg 1536w, https:\/\/ajan.africa\/wp-content\/uploads\/2025\/09\/DSC03715-18x10.jpg 18w, https:\/\/ajan.africa\/wp-content\/uploads\/2025\/09\/DSC03715-274x155.jpg 274w, https:\/\/ajan.africa\/wp-content\/uploads\/2025\/09\/DSC03715.jpg 1920w\" sizes=\"(max-width: 1024px) 100vw, 1024px\" \/><\/figure>\n\n\n\n<figure class=\"wp-block-image size-large\"><img loading=\"lazy\" decoding=\"async\" width=\"1024\" height=\"577\" src=\"https:\/\/ajan.africa\/wp-content\/uploads\/2025\/09\/DSC03720-1024x577.jpg\" alt=\"\" class=\"wp-image-17904\" srcset=\"https:\/\/ajan.africa\/wp-content\/uploads\/2025\/09\/DSC03720-1024x577.jpg 1024w, https:\/\/ajan.africa\/wp-content\/uploads\/2025\/09\/DSC03720-300x169.jpg 300w, https:\/\/ajan.africa\/wp-content\/uploads\/2025\/09\/DSC03720-768x432.jpg 768w, https:\/\/ajan.africa\/wp-content\/uploads\/2025\/09\/DSC03720-1536x865.jpg 1536w, https:\/\/ajan.africa\/wp-content\/uploads\/2025\/09\/DSC03720-18x10.jpg 18w, https:\/\/ajan.africa\/wp-content\/uploads\/2025\/09\/DSC03720-274x155.jpg 274w, https:\/\/ajan.africa\/wp-content\/uploads\/2025\/09\/DSC03720.jpg 1920w\" sizes=\"(max-width: 1024px) 100vw, 1024px\" \/><\/figure>\n<\/div>\n\n\n\n<p class=\"translation-block\">Mais tarde, <strong>Mr. Gerald Owino<\/strong> facilitou uma sess\u00e3o sobre <em>\u201cYouth: Project Implementation, Capturing Impact, and Fundraising.\u201d<\/em> Ele destacou estrat\u00e9gias pr\u00e1ticas para envolver os jovens de forma significativa nos projetos, desenhar programas que respondam \u00e0s suas realidades e desenvolver ferramentas para medir e comunicar o impacto. Tamb\u00e9m sublinhou o papel da mobiliza\u00e7\u00e3o de recursos, particularmente atrav\u00e9s de iniciativas centradas na juventude, como meio de garantir a sustentabilidade e ampliar a miss\u00e3o da AJAN em toda a \u00c1frica.<\/p>\n\n\n\n<figure class=\"wp-block-image size-large\"><img loading=\"lazy\" decoding=\"async\" width=\"1024\" height=\"577\" src=\"https:\/\/ajan.africa\/wp-content\/uploads\/2025\/09\/DSC03848-1024x577.jpg\" alt=\"\" class=\"wp-image-17905\" srcset=\"https:\/\/ajan.africa\/wp-content\/uploads\/2025\/09\/DSC03848-1024x577.jpg 1024w, https:\/\/ajan.africa\/wp-content\/uploads\/2025\/09\/DSC03848-300x169.jpg 300w, https:\/\/ajan.africa\/wp-content\/uploads\/2025\/09\/DSC03848-768x432.jpg 768w, https:\/\/ajan.africa\/wp-content\/uploads\/2025\/09\/DSC03848-1536x865.jpg 1536w, https:\/\/ajan.africa\/wp-content\/uploads\/2025\/09\/DSC03848-18x10.jpg 18w, https:\/\/ajan.africa\/wp-content\/uploads\/2025\/09\/DSC03848-274x155.jpg 274w, https:\/\/ajan.africa\/wp-content\/uploads\/2025\/09\/DSC03848.jpg 1920w\" sizes=\"(max-width: 1024px) 100vw, 1024px\" \/><figcaption class=\"wp-element-caption translation-block\"><strong>O Sr. Gerald Owino<\/strong> facilitou uma sess\u00e3o sobre <em>\u201cJuventude: Implementa\u00e7\u00e3o de Projectos, Angaria\u00e7\u00e3o de Impacto e Angaria\u00e7\u00e3o de Fundos\u201d.<\/em><\/figcaption><\/figure>\n\n\n\n<div class=\"wp-block-group is-nowrap is-layout-flex wp-container-core-group-is-layout-ad2f72ca wp-block-group-is-layout-flex\">\n<figure class=\"wp-block-image size-large\"><img loading=\"lazy\" decoding=\"async\" width=\"1024\" height=\"577\" src=\"https:\/\/ajan.africa\/wp-content\/uploads\/2025\/09\/DSC03882-1024x577.jpg\" alt=\"\" class=\"wp-image-17908\" srcset=\"https:\/\/ajan.africa\/wp-content\/uploads\/2025\/09\/DSC03882-1024x577.jpg 1024w, https:\/\/ajan.africa\/wp-content\/uploads\/2025\/09\/DSC03882-300x169.jpg 300w, https:\/\/ajan.africa\/wp-content\/uploads\/2025\/09\/DSC03882-768x432.jpg 768w, https:\/\/ajan.africa\/wp-content\/uploads\/2025\/09\/DSC03882-1536x865.jpg 1536w, https:\/\/ajan.africa\/wp-content\/uploads\/2025\/09\/DSC03882-18x10.jpg 18w, https:\/\/ajan.africa\/wp-content\/uploads\/2025\/09\/DSC03882-274x155.jpg 274w, https:\/\/ajan.africa\/wp-content\/uploads\/2025\/09\/DSC03882.jpg 1920w\" sizes=\"(max-width: 1024px) 100vw, 1024px\" \/><\/figure>\n\n\n\n<figure class=\"wp-block-image size-large\"><img loading=\"lazy\" decoding=\"async\" width=\"1024\" height=\"577\" src=\"https:\/\/ajan.africa\/wp-content\/uploads\/2025\/09\/DSC03908-1024x577.jpg\" alt=\"\" class=\"wp-image-17909\" srcset=\"https:\/\/ajan.africa\/wp-content\/uploads\/2025\/09\/DSC03908-1024x577.jpg 1024w, https:\/\/ajan.africa\/wp-content\/uploads\/2025\/09\/DSC03908-300x169.jpg 300w, https:\/\/ajan.africa\/wp-content\/uploads\/2025\/09\/DSC03908-768x432.jpg 768w, https:\/\/ajan.africa\/wp-content\/uploads\/2025\/09\/DSC03908-1536x865.jpg 1536w, https:\/\/ajan.africa\/wp-content\/uploads\/2025\/09\/DSC03908-18x10.jpg 18w, https:\/\/ajan.africa\/wp-content\/uploads\/2025\/09\/DSC03908-274x155.jpg 274w, https:\/\/ajan.africa\/wp-content\/uploads\/2025\/09\/DSC03908.jpg 1920w\" sizes=\"(max-width: 1024px) 100vw, 1024px\" \/><\/figure>\n<\/div>\n\n\n\n<p>O segundo dia da Forma\u00e7\u00e3o de Capacita\u00e7\u00e3o dos Diretores da AJAN na Assembleia Geral em Nairobi foi nada menos que transformador. Desde o in\u00edcio, o mote foi dado com uma missa e uma ora\u00e7\u00e3o de abertura conduzidas pelo escol\u00e1stico Cyrus Habib, SJ, que convidou os participantes a centrarem o seu percurso de lideran\u00e7a no discernimento e na f\u00e9.<\/p>\n\n\n\n<p>A sess\u00e3o matinal com a Sra. Esther Mwaniki lembrou a todos que a lideran\u00e7a nas OBFs n\u00e3o pode permanecer est\u00e1tica. Num mundo de mudan\u00e7as r\u00e1pidas, os l\u00edderes precisam de inovar \u2014 n\u00e3o apenas na tecnologia, mas tamb\u00e9m na forma como abordam as necessidades da comunidade. O seu apelo foi claro: a inova\u00e7\u00e3o \u00e9 sobre imagina\u00e7\u00e3o, resili\u00eancia e a coragem de reimaginar velhos problemas de novas formas.<\/p>\n\n\n\n<figure class=\"wp-block-image size-large\"><img loading=\"lazy\" decoding=\"async\" width=\"1024\" height=\"577\" src=\"https:\/\/ajan.africa\/wp-content\/uploads\/2025\/09\/DSC03933-1024x577.jpg\" alt=\"\" class=\"wp-image-17943\" srcset=\"https:\/\/ajan.africa\/wp-content\/uploads\/2025\/09\/DSC03933-1024x577.jpg 1024w, https:\/\/ajan.africa\/wp-content\/uploads\/2025\/09\/DSC03933-300x169.jpg 300w, https:\/\/ajan.africa\/wp-content\/uploads\/2025\/09\/DSC03933-768x432.jpg 768w, https:\/\/ajan.africa\/wp-content\/uploads\/2025\/09\/DSC03933-1536x865.jpg 1536w, https:\/\/ajan.africa\/wp-content\/uploads\/2025\/09\/DSC03933-18x10.jpg 18w, https:\/\/ajan.africa\/wp-content\/uploads\/2025\/09\/DSC03933-274x155.jpg 274w, https:\/\/ajan.africa\/wp-content\/uploads\/2025\/09\/DSC03933.jpg 1920w\" sizes=\"(max-width: 1024px) 100vw, 1024px\" \/><\/figure>\n\n\n\n<div class=\"wp-block-group is-nowrap is-layout-flex wp-container-core-group-is-layout-ad2f72ca wp-block-group-is-layout-flex\">\n<figure class=\"wp-block-image size-large\"><img loading=\"lazy\" decoding=\"async\" width=\"1024\" height=\"577\" src=\"https:\/\/ajan.africa\/wp-content\/uploads\/2025\/09\/DSC03960-1024x577.jpg\" alt=\"\" class=\"wp-image-17941\" srcset=\"https:\/\/ajan.africa\/wp-content\/uploads\/2025\/09\/DSC03960-1024x577.jpg 1024w, https:\/\/ajan.africa\/wp-content\/uploads\/2025\/09\/DSC03960-300x169.jpg 300w, https:\/\/ajan.africa\/wp-content\/uploads\/2025\/09\/DSC03960-768x432.jpg 768w, https:\/\/ajan.africa\/wp-content\/uploads\/2025\/09\/DSC03960-1536x865.jpg 1536w, https:\/\/ajan.africa\/wp-content\/uploads\/2025\/09\/DSC03960-18x10.jpg 18w, https:\/\/ajan.africa\/wp-content\/uploads\/2025\/09\/DSC03960-274x155.jpg 274w, https:\/\/ajan.africa\/wp-content\/uploads\/2025\/09\/DSC03960.jpg 1920w\" sizes=\"(max-width: 1024px) 100vw, 1024px\" \/><\/figure>\n\n\n\n<figure class=\"wp-block-image size-large\"><img loading=\"lazy\" decoding=\"async\" width=\"1024\" height=\"577\" src=\"https:\/\/ajan.africa\/wp-content\/uploads\/2025\/09\/DSC03947-1024x577.jpg\" alt=\"\" class=\"wp-image-17942\" srcset=\"https:\/\/ajan.africa\/wp-content\/uploads\/2025\/09\/DSC03947-1024x577.jpg 1024w, https:\/\/ajan.africa\/wp-content\/uploads\/2025\/09\/DSC03947-300x169.jpg 300w, https:\/\/ajan.africa\/wp-content\/uploads\/2025\/09\/DSC03947-768x432.jpg 768w, https:\/\/ajan.africa\/wp-content\/uploads\/2025\/09\/DSC03947-1536x865.jpg 1536w, https:\/\/ajan.africa\/wp-content\/uploads\/2025\/09\/DSC03947-18x10.jpg 18w, https:\/\/ajan.africa\/wp-content\/uploads\/2025\/09\/DSC03947-274x155.jpg 274w, https:\/\/ajan.africa\/wp-content\/uploads\/2025\/09\/DSC03947.jpg 1920w\" sizes=\"(max-width: 1024px) 100vw, 1024px\" \/><\/figure>\n<\/div>\n\n\n\n<p>A Sra. Muthoni Kanga mudou ent\u00e3o a conversa para a sustentabilidade, encorajando os diretores a abra\u00e7ar o potencial dos empreendimentos sociais. Muitas vezes, as OBF dependem fortemente de financiamento externo. Ela apresentou uma vis\u00e3o de centros inspirados pela f\u00e9 que tamb\u00e9m servem como empreendimentos criativos \u2014 autossustent\u00e1veis, orientados para uma miss\u00e3o e capazes de fornecer solu\u00e7\u00f5es duradouras \u00e0s comunidades que servem.<\/p>\n\n\n\n<figure class=\"wp-block-image size-large\"><img loading=\"lazy\" decoding=\"async\" width=\"1024\" height=\"577\" src=\"https:\/\/ajan.africa\/wp-content\/uploads\/2025\/09\/DSC03969-1024x577.jpg\" alt=\"\" class=\"wp-image-17944\" srcset=\"https:\/\/ajan.africa\/wp-content\/uploads\/2025\/09\/DSC03969-1024x577.jpg 1024w, https:\/\/ajan.africa\/wp-content\/uploads\/2025\/09\/DSC03969-300x169.jpg 300w, https:\/\/ajan.africa\/wp-content\/uploads\/2025\/09\/DSC03969-768x432.jpg 768w, https:\/\/ajan.africa\/wp-content\/uploads\/2025\/09\/DSC03969-1536x865.jpg 1536w, https:\/\/ajan.africa\/wp-content\/uploads\/2025\/09\/DSC03969-18x10.jpg 18w, https:\/\/ajan.africa\/wp-content\/uploads\/2025\/09\/DSC03969-274x155.jpg 274w, https:\/\/ajan.africa\/wp-content\/uploads\/2025\/09\/DSC03969.jpg 1920w\" sizes=\"(max-width: 1024px) 100vw, 1024px\" \/><figcaption class=\"wp-element-caption\"><em>Senhora Muthoni Kanga a partilhar com os participantes a sua apresenta\u00e7\u00e3o sobre Empreendedorismo Social e FBO.<\/em><\/figcaption><\/figure>\n\n\n\n<div class=\"wp-block-group is-nowrap is-layout-flex wp-container-core-group-is-layout-ad2f72ca wp-block-group-is-layout-flex\">\n<figure class=\"wp-block-image size-large\"><img loading=\"lazy\" decoding=\"async\" width=\"1024\" height=\"577\" src=\"https:\/\/ajan.africa\/wp-content\/uploads\/2025\/09\/DSC04027-1024x577.jpg\" alt=\"\" class=\"wp-image-17948\" srcset=\"https:\/\/ajan.africa\/wp-content\/uploads\/2025\/09\/DSC04027-1024x577.jpg 1024w, https:\/\/ajan.africa\/wp-content\/uploads\/2025\/09\/DSC04027-300x169.jpg 300w, https:\/\/ajan.africa\/wp-content\/uploads\/2025\/09\/DSC04027-768x432.jpg 768w, https:\/\/ajan.africa\/wp-content\/uploads\/2025\/09\/DSC04027-1536x865.jpg 1536w, https:\/\/ajan.africa\/wp-content\/uploads\/2025\/09\/DSC04027-18x10.jpg 18w, https:\/\/ajan.africa\/wp-content\/uploads\/2025\/09\/DSC04027-274x155.jpg 274w, https:\/\/ajan.africa\/wp-content\/uploads\/2025\/09\/DSC04027.jpg 1920w\" sizes=\"(max-width: 1024px) 100vw, 1024px\" \/><\/figure>\n\n\n\n<figure class=\"wp-block-image size-large\"><img loading=\"lazy\" decoding=\"async\" width=\"1024\" height=\"577\" src=\"https:\/\/ajan.africa\/wp-content\/uploads\/2025\/09\/DSC03981-1024x577.jpg\" alt=\"\" class=\"wp-image-17947\" srcset=\"https:\/\/ajan.africa\/wp-content\/uploads\/2025\/09\/DSC03981-1024x577.jpg 1024w, https:\/\/ajan.africa\/wp-content\/uploads\/2025\/09\/DSC03981-300x169.jpg 300w, https:\/\/ajan.africa\/wp-content\/uploads\/2025\/09\/DSC03981-768x432.jpg 768w, https:\/\/ajan.africa\/wp-content\/uploads\/2025\/09\/DSC03981-1536x865.jpg 1536w, https:\/\/ajan.africa\/wp-content\/uploads\/2025\/09\/DSC03981-18x10.jpg 18w, https:\/\/ajan.africa\/wp-content\/uploads\/2025\/09\/DSC03981-274x155.jpg 274w, https:\/\/ajan.africa\/wp-content\/uploads\/2025\/09\/DSC03981.jpg 1920w\" sizes=\"(max-width: 1024px) 100vw, 1024px\" \/><\/figure>\n<\/div>\n\n\n\n<p class=\"translation-block\">O ponto alto da tarde veio da Sra. Samantha Waki \u200b\u200b\u200b\u200be Chris Lowney, que falaram sobre <em>Lideran\u00e7a Heroica<\/em>, enraizada nos valores inacianos. Desafiaram os participantes a irem al\u00e9m dos antigos estere\u00f3tipos de lideran\u00e7a como poder e controlo. Em vez disso, convidaram os diretores a pensar na lideran\u00e7a como um servi\u00e7o \u2014 medido pela forma como eleva os outros, gera responsabilidade e desenvolve resili\u00eancia.<\/p>\n\n\n\n<figure class=\"wp-block-image size-large\"><img loading=\"lazy\" decoding=\"async\" width=\"1024\" height=\"577\" src=\"https:\/\/ajan.africa\/wp-content\/uploads\/2025\/09\/DSC04052-1024x577.jpg\" alt=\"\" class=\"wp-image-17949\" srcset=\"https:\/\/ajan.africa\/wp-content\/uploads\/2025\/09\/DSC04052-1024x577.jpg 1024w, https:\/\/ajan.africa\/wp-content\/uploads\/2025\/09\/DSC04052-300x169.jpg 300w, https:\/\/ajan.africa\/wp-content\/uploads\/2025\/09\/DSC04052-768x432.jpg 768w, https:\/\/ajan.africa\/wp-content\/uploads\/2025\/09\/DSC04052-1536x865.jpg 1536w, https:\/\/ajan.africa\/wp-content\/uploads\/2025\/09\/DSC04052-18x10.jpg 18w, https:\/\/ajan.africa\/wp-content\/uploads\/2025\/09\/DSC04052-274x155.jpg 274w, https:\/\/ajan.africa\/wp-content\/uploads\/2025\/09\/DSC04052.jpg 1920w\" sizes=\"(max-width: 1024px) 100vw, 1024px\" \/><\/figure>\n\n\n\n<p>A mensagem de Chris Lowney de \"beber profundamente da sua pr\u00f3pria fonte\" ressoou profundamente. Lembrou ao grupo que a verdadeira lideran\u00e7a come\u00e7a com a liberdade interior, a reflex\u00e3o e a coragem. Como o pr\u00f3prio afirmou: \"A lideran\u00e7a \u00e9 tornar os outros melhores em resultado da sua presen\u00e7a \u2014 e garantir que o impacto perdura na sua aus\u00eancia\".<\/p>\n\n\n\n<p>O dia terminou com discuss\u00f5es em grupo e uma reflex\u00e3o de encerramento, onde os participantes foram desafiados a considerar como poderiam aplicar o conhecimento adquirido nos seus pr\u00f3prios contextos \u2014 seja nutrindo a lideran\u00e7a juvenil, repensando a mobiliza\u00e7\u00e3o de recursos ou incorporando uma cultura de reflex\u00e3o inaciana na pr\u00e1tica di\u00e1ria. Utilizando a estrutura de an\u00e1lise PESTEL, os participantes discutiram em grupos como os fatores identificados afetam os seus respetivos contextos e partilharam insights sobre poss\u00edveis respostas. Foi um exerc\u00edcio significativo que deixou os participantes com muito para refletir enquanto se preparavam para o Dia 3.<\/p>\n\n\n\n<figure class=\"wp-block-image size-large\"><img loading=\"lazy\" decoding=\"async\" width=\"1024\" height=\"577\" src=\"https:\/\/ajan.africa\/wp-content\/uploads\/2025\/09\/DSC04057-1024x577.jpg\" alt=\"\" class=\"wp-image-17950\" srcset=\"https:\/\/ajan.africa\/wp-content\/uploads\/2025\/09\/DSC04057-1024x577.jpg 1024w, https:\/\/ajan.africa\/wp-content\/uploads\/2025\/09\/DSC04057-300x169.jpg 300w, https:\/\/ajan.africa\/wp-content\/uploads\/2025\/09\/DSC04057-768x432.jpg 768w, https:\/\/ajan.africa\/wp-content\/uploads\/2025\/09\/DSC04057-1536x865.jpg 1536w, https:\/\/ajan.africa\/wp-content\/uploads\/2025\/09\/DSC04057-18x10.jpg 18w, https:\/\/ajan.africa\/wp-content\/uploads\/2025\/09\/DSC04057-274x155.jpg 274w, https:\/\/ajan.africa\/wp-content\/uploads\/2025\/09\/DSC04057.jpg 1920w\" sizes=\"(max-width: 1024px) 100vw, 1024px\" \/><\/figure>\n\n\n\n<p>Os tr\u00eas dias seguintes da Assembleia conjugaram reflex\u00e3o estrat\u00e9gica, planeamento e forma\u00e7\u00e3o de equipas, culminando com a apresenta\u00e7\u00e3o do novo Plano Estrat\u00e9gico da AJAN e um ritual simb\u00f3lico de compromisso. Os pontos altos inclu\u00edram uma revis\u00e3o da miss\u00e3o e dos valores da AJAN, a elabora\u00e7\u00e3o de objetivos estrat\u00e9gicos, um exerc\u00edcio de forma\u00e7\u00e3o de equipas simbolizando a AJAN como uma ponte de esperan\u00e7a e a atribui\u00e7\u00e3o dos pr\u00e9mios aos vencedores do Concurso Jovem de Conto AHAPPY 2025.<\/p>\n\n\n\n<p class=\"has-text-align-right translation-block\"><strong>Por<\/strong>, Dennis Owuoche<\/p>\n\n\n\n<p class=\"has-text-align-right\">Respons\u00e1vel de Comunica\u00e7\u00f5es, AJAN<\/p>","protected":false},"excerpt":{"rendered":"<p>African Jesuit AIDS Network (AJAN) General Assembly 2025, which took place in Nairobi, Kenya, brought together Jesuits, collaborators, and partners from across 17 countries in Africa to reflect, plan, and strengthen their shared mission. The Assembly, which ran from September 22 to 26, 2025, carried the theme \u201cLinked for Life<\/p>\n<p><a class=\"sd-more sd-all-trans\" href=\"https:\/\/ajan.africa\/pt\/ajan-general-assembly-2025-kick-off-in-nairobi-with-a-call-to-transformation-and-hope\/#more-17894\">consulte Mais informa\u00e7\u00e3o<\/a><\/p>","protected":false},"author":155,"featured_media":17911,"comment_status":"closed","ping_status":"open","sticky":false,"template":"","format":"standard","meta":{"om_disable_all_campaigns":false,"_monsterinsights_skip_tracking":false,"_monsterinsights_sitenote_active":false,"_monsterinsights_sitenote_note":"","_monsterinsights_sitenote_category":0,"footnotes":""},"categories":[98],"tags":[],"class_list":["post-17894","post","type-post","status-publish","format-standard","has-post-thumbnail","hentry","category-ajan-news-articles"],"aioseo_notices":[],"_links":{"self":[{"href":"https:\/\/ajan.africa\/pt\/wp-json\/wp\/v2\/posts\/17894","targetHints":{"allow":["GET"]}}],"collection":[{"href":"https:\/\/ajan.africa\/pt\/wp-json\/wp\/v2\/posts"}],"about":[{"href":"https:\/\/ajan.africa\/pt\/wp-json\/wp\/v2\/types\/post"}],"author":[{"embeddable":true,"href":"https:\/\/ajan.africa\/pt\/wp-json\/wp\/v2\/users\/155"}],"replies":[{"embeddable":true,"href":"https:\/\/ajan.africa\/pt\/wp-json\/wp\/v2\/comments?post=17894"}],"version-history":[{"count":11,"href":"https:\/\/ajan.africa\/pt\/wp-json\/wp\/v2\/posts\/17894\/revisions"}],"predecessor-version":[{"id":17954,"href":"https:\/\/ajan.africa\/pt\/wp-json\/wp\/v2\/posts\/17894\/revisions\/17954"}],"wp:featuredmedia":[{"embeddable":true,"href":"https:\/\/ajan.africa\/pt\/wp-json\/wp\/v2\/media\/17911"}],"wp:attachment":[{"href":"https:\/\/ajan.africa\/pt\/wp-json\/wp\/v2\/media?parent=17894"}],"wp:term":[{"taxonomy":"category","embeddable":true,"href":"https:\/\/ajan.africa\/pt\/wp-json\/wp\/v2\/categories?post=17894"},{"taxonomy":"post_tag","embeddable":true,"href":"https:\/\/ajan.africa\/pt\/wp-json\/wp\/v2\/tags?post=17894"}],"curies":[{"name":"wp","href":"https:\/\/api.w.org\/{rel}","templated":true}]}}