{"id":18236,"date":"2025-10-24T12:08:33","date_gmt":"2025-10-24T12:08:33","guid":{"rendered":"https:\/\/ajan.africa\/?p=18236"},"modified":"2025-10-28T12:33:39","modified_gmt":"2025-10-28T12:33:39","slug":"owning-their-story-shaping-their-future-sjdp-kenya-inspires-young-men-to-lead-with-purpose","status":"publish","type":"post","link":"https:\/\/ajan.africa\/pt\/owning-their-story-shaping-their-future-sjdp-kenya-inspires-young-men-to-lead-with-purpose\/","title":{"rendered":"Ao assumirem o controlo das suas hist\u00f3rias e ao moldarem o seu futuro, a SJDP, no Qu\u00e9nia, inspira os jovens a liderar com um prop\u00f3sito."},"content":{"rendered":"<p class=\"translation-block\">No dia 23 de outubro de 2025, a Escola T\u00e9cnica Saint Joseph, em Kangemi, foi tomada por um clima de reflex\u00e3o, honestidade e fraternidade durante o inspirador F\u00f3rum Masculino, com o tema \u201cAssuma o Controlo da Sua Hist\u00f3ria\u201d. A sess\u00e3o, conduzida pelo Irm\u00e3o Martin, reuniu todos os funcion\u00e1rios e alunos do sexo masculino para uma conversa aberta e enriquecedora sobre identidade, responsabilidade e crescimento pessoal.<\/p>\n\n\n\n<figure class=\"wp-block-image size-large\"><img fetchpriority=\"high\" decoding=\"async\" width=\"1024\" height=\"683\" src=\"https:\/\/ajan.africa\/wp-content\/uploads\/2025\/10\/571359691_751516221242039_1953404451141664011_n-1024x683.jpg\" alt=\"\" class=\"wp-image-18239\" srcset=\"https:\/\/ajan.africa\/wp-content\/uploads\/2025\/10\/571359691_751516221242039_1953404451141664011_n-1024x683.jpg 1024w, https:\/\/ajan.africa\/wp-content\/uploads\/2025\/10\/571359691_751516221242039_1953404451141664011_n-300x200.jpg 300w, https:\/\/ajan.africa\/wp-content\/uploads\/2025\/10\/571359691_751516221242039_1953404451141664011_n-768x512.jpg 768w, https:\/\/ajan.africa\/wp-content\/uploads\/2025\/10\/571359691_751516221242039_1953404451141664011_n-1536x1024.jpg 1536w, https:\/\/ajan.africa\/wp-content\/uploads\/2025\/10\/571359691_751516221242039_1953404451141664011_n-18x12.jpg 18w, https:\/\/ajan.africa\/wp-content\/uploads\/2025\/10\/571359691_751516221242039_1953404451141664011_n.jpg 1920w\" sizes=\"(max-width: 1024px) 100vw, 1024px\" \/><\/figure>\n\n\n\n<p>O f\u00f3rum proporcionou um espa\u00e7o raro para os rapazes pararem e refletirem sobre quem s\u00e3o, quem desejam vir a ser e que valores orientam o seu percurso. Atrav\u00e9s de discuss\u00f5es interativas e reflex\u00f5es guiadas, os participantes exploraram aspetos essenciais da autoidentidade, disciplina, higiene pessoal e autodesenvolvimento, todos com o objetivo de os ajudar a assumir total responsabilidade pelas suas pr\u00f3prias hist\u00f3rias. O Ir. Martin encorajou os rapazes a olharem para dentro de si e a reconhecerem que cada vida \u00e9 uma hist\u00f3ria que est\u00e1 a ser escrita dia ap\u00f3s dia. Lembrou-lhes que \"assumir a sua pr\u00f3pria hist\u00f3ria\" significa abra\u00e7ar os cap\u00edtulos brilhantes e dif\u00edceis, celebrando os pr\u00f3prios pontos fortes e aprendendo com os erros. O crescimento, disse, vem da coragem de ser aut\u00eantico e da humildade de continuar a melhorar.<\/p>\n\n\n\n<figure class=\"wp-block-image size-large\"><img decoding=\"async\" width=\"1024\" height=\"683\" src=\"https:\/\/ajan.africa\/wp-content\/uploads\/2025\/10\/559221279_751516544575340_7081175976952012903_n-1024x683.jpg\" alt=\"\" class=\"wp-image-18240\" srcset=\"https:\/\/ajan.africa\/wp-content\/uploads\/2025\/10\/559221279_751516544575340_7081175976952012903_n-1024x683.jpg 1024w, https:\/\/ajan.africa\/wp-content\/uploads\/2025\/10\/559221279_751516544575340_7081175976952012903_n-300x200.jpg 300w, https:\/\/ajan.africa\/wp-content\/uploads\/2025\/10\/559221279_751516544575340_7081175976952012903_n-768x512.jpg 768w, https:\/\/ajan.africa\/wp-content\/uploads\/2025\/10\/559221279_751516544575340_7081175976952012903_n-1536x1024.jpg 1536w, https:\/\/ajan.africa\/wp-content\/uploads\/2025\/10\/559221279_751516544575340_7081175976952012903_n-18x12.jpg 18w, https:\/\/ajan.africa\/wp-content\/uploads\/2025\/10\/559221279_751516544575340_7081175976952012903_n.jpg 1920w\" sizes=\"(max-width: 1024px) 100vw, 1024px\" \/><\/figure>\n\n\n\n<p class=\"translation-block\">Ao longo da sess\u00e3o, a mensagem foi clara: a verdadeira maturidade come\u00e7a com o autoconhecimento e a disciplina. Os rapazes foram lembrados de que cada decis\u00e3o que tomam molda o tipo de homem em que se est\u00e3o a tornar. O Irm\u00e3o Martin enfatizou que <em>viver com prop\u00f3sito e integridade n\u00e3o se trata de perfei\u00e7\u00e3o, mas de consist\u00eancia, responsabilidade e respeito por si pr\u00f3prio e pelos outros<\/em>. Convidou-os a viver intencionalmente \u2014 a fazer escolhas que reflitam os seus valores e a tornarem-se homens que defendem o que \u00e9 certo, mesmo quando ningu\u00e9m est\u00e1 a olhar.<\/p>\n\n\n\n<p>A presen\u00e7a ativa de todos os funcion\u00e1rios do sexo masculino enriqueceu o f\u00f3rum. A sua participa\u00e7\u00e3o criou um esp\u00edrito de solidariedade e mentoria, permitindo aos rapazes vivenciar a for\u00e7a que adv\u00e9m da irmandade e da comunidade. Os professores partilharam as suas experi\u00eancias e reflex\u00f5es, oferecendo orienta\u00e7\u00e3o e incentivo. Esta intera\u00e7\u00e3o aproximou alunos e mentores, fomentando a confian\u00e7a e lembrando os rapazes que o crescimento \u00e9 melhor alcan\u00e7ado num ambiente acolhedor, onde se pode aprender, fazer perguntas e partilhar abertamente.<\/p>\n\n\n\n<figure class=\"wp-block-image size-large\"><img decoding=\"async\" width=\"1024\" height=\"683\" src=\"https:\/\/ajan.africa\/wp-content\/uploads\/2025\/10\/571141007_751516627908665_1832624005084584351_n-1024x683.jpg\" alt=\"\" class=\"wp-image-18241\" srcset=\"https:\/\/ajan.africa\/wp-content\/uploads\/2025\/10\/571141007_751516627908665_1832624005084584351_n-1024x683.jpg 1024w, https:\/\/ajan.africa\/wp-content\/uploads\/2025\/10\/571141007_751516627908665_1832624005084584351_n-300x200.jpg 300w, https:\/\/ajan.africa\/wp-content\/uploads\/2025\/10\/571141007_751516627908665_1832624005084584351_n-768x512.jpg 768w, https:\/\/ajan.africa\/wp-content\/uploads\/2025\/10\/571141007_751516627908665_1832624005084584351_n-1536x1024.jpg 1536w, https:\/\/ajan.africa\/wp-content\/uploads\/2025\/10\/571141007_751516627908665_1832624005084584351_n-18x12.jpg 18w, https:\/\/ajan.africa\/wp-content\/uploads\/2025\/10\/571141007_751516627908665_1832624005084584351_n.jpg 1920w\" sizes=\"(max-width: 1024px) 100vw, 1024px\" \/><\/figure>\n\n\n\n<p>Para a Saint Joseph Technical Senior School, este f\u00f3rum foi mais do que uma simples discuss\u00e3o; foi uma reafirma\u00e7\u00e3o da miss\u00e3o da escola de formar jovens respons\u00e1veis \u200b\u200be pautados por valores. A educa\u00e7\u00e3o aqui vai para al\u00e9m do \u00e2mbito acad\u00e9mico; procura formar o indiv\u00edduo na sua totalidade: mente, corpo e esp\u00edrito. Ao ajudar os alunos a apropriarem-se das suas hist\u00f3rias, a escola continua a nutrir uma gera\u00e7\u00e3o de jovens l\u00edderes confiantes, respeitadores e determinados, fundamentados na f\u00e9 e guiados pela consci\u00eancia.<\/p>\n\n\n\n<p class=\"translation-block\">No final da sess\u00e3o, os rapazes sa\u00edram com um renovado sentimento de confian\u00e7a e dire\u00e7\u00e3o. As reflex\u00f5es do dia ecoaram uma poderosa verdade: cada jovem \u00e9 o autor do seu pr\u00f3prio destino. Ao escolher assumir a responsabilidade pelos seus pensamentos, a\u00e7\u00f5es e crescimento, torna-se n\u00e3o apenas um estudante, mas um l\u00edder em forma\u00e7\u00e3o. O convite para \u201cAssumir a Responsabilidade pela Sua Hist\u00f3ria\u201d tornou-se um apelo para viver com integridade e coragem, lembrando a todos os presentes que a verdadeira lideran\u00e7a come\u00e7a por dentro.<\/p>\n\n\n\n<p class=\"has-text-align-right translation-block\">Por, <strong>Equipa de Comunica\u00e7\u00e3o<\/strong>,<\/p>\n\n\n\n<p class=\"has-text-align-right\">St. Joseph Development Programmes (SJDP), Kenya.<\/p>","protected":false},"excerpt":{"rendered":"<p>On 23rd October 2025, Saint Joseph Technical Senior School, Kangemi, came alive with an atmosphere of reflection, honesty, and brotherhood as the school held an inspiring Boys\u2019 Forum under the theme \u201cOwn Your Story.\u201d The session, facilitated by Br. Martin, brought together all male staff and students for an open<\/p>\n<p><a class=\"sd-more sd-all-trans\" href=\"https:\/\/ajan.africa\/pt\/owning-their-story-shaping-their-future-sjdp-kenya-inspires-young-men-to-lead-with-purpose\/#more-18236\">consulte Mais informa\u00e7\u00e3o<\/a><\/p>","protected":false},"author":5,"featured_media":18238,"comment_status":"closed","ping_status":"open","sticky":false,"template":"","format":"standard","meta":{"om_disable_all_campaigns":false,"_monsterinsights_skip_tracking":false,"_monsterinsights_sitenote_active":false,"_monsterinsights_sitenote_note":"","_monsterinsights_sitenote_category":0,"footnotes":""},"categories":[98],"tags":[],"class_list":["post-18236","post","type-post","status-publish","format-standard","has-post-thumbnail","hentry","category-ajan-news-articles"],"aioseo_notices":[],"_links":{"self":[{"href":"https:\/\/ajan.africa\/pt\/wp-json\/wp\/v2\/posts\/18236","targetHints":{"allow":["GET"]}}],"collection":[{"href":"https:\/\/ajan.africa\/pt\/wp-json\/wp\/v2\/posts"}],"about":[{"href":"https:\/\/ajan.africa\/pt\/wp-json\/wp\/v2\/types\/post"}],"author":[{"embeddable":true,"href":"https:\/\/ajan.africa\/pt\/wp-json\/wp\/v2\/users\/5"}],"replies":[{"embeddable":true,"href":"https:\/\/ajan.africa\/pt\/wp-json\/wp\/v2\/comments?post=18236"}],"version-history":[{"count":1,"href":"https:\/\/ajan.africa\/pt\/wp-json\/wp\/v2\/posts\/18236\/revisions"}],"predecessor-version":[{"id":18242,"href":"https:\/\/ajan.africa\/pt\/wp-json\/wp\/v2\/posts\/18236\/revisions\/18242"}],"wp:featuredmedia":[{"embeddable":true,"href":"https:\/\/ajan.africa\/pt\/wp-json\/wp\/v2\/media\/18238"}],"wp:attachment":[{"href":"https:\/\/ajan.africa\/pt\/wp-json\/wp\/v2\/media?parent=18236"}],"wp:term":[{"taxonomy":"category","embeddable":true,"href":"https:\/\/ajan.africa\/pt\/wp-json\/wp\/v2\/categories?post=18236"},{"taxonomy":"post_tag","embeddable":true,"href":"https:\/\/ajan.africa\/pt\/wp-json\/wp\/v2\/tags?post=18236"}],"curies":[{"name":"wp","href":"https:\/\/api.w.org\/{rel}","templated":true}]}}