{"id":19108,"date":"2025-12-10T11:45:26","date_gmt":"2025-12-10T11:45:26","guid":{"rendered":"https:\/\/ajan.africa\/?p=19108"},"modified":"2025-12-11T06:31:54","modified_gmt":"2025-12-11T06:31:54","slug":"mgr-munzihirwa-center-marks-world-aids-day-2025-with-dialogue-on-education-awareness-and-ending-stigma","status":"publish","type":"post","link":"https:\/\/ajan.africa\/pt\/mgr-munzihirwa-center-marks-world-aids-day-2025-with-dialogue-on-education-awareness-and-ending-stigma\/","title":{"rendered":"O Centro Mgr. Munzihirwa assinala o Dia Mundial da SIDA 2025 com um di\u00e1logo sobre educa\u00e7\u00e3o, sensibiliza\u00e7\u00e3o e o fim do estigma."},"content":{"rendered":"<p>Para assinalar o Dia Mundial da SIDA 2025, os aprendentes e os educadores do Centro Monseigneur Munzihirwa (CMM), em Kinshasa, na Rep\u00fablica Democr\u00e1tica do Congo (DRC), reuniram-se para uma discuss\u00e3o envolvente e esclarecedora com o Dr. Hugues Matwo, centrada no papel vital da educa\u00e7\u00e3o, do envolvimento comunit\u00e1rio e da redu\u00e7\u00e3o do estigma no combate \u00e0 epidemia do VIH\/SIDA. A sess\u00e3o, que teve lugar no dia 1 de dezembro, criou um espa\u00e7o de reflex\u00e3o e empoderamento que estava alinhado com o apelo global para promover a sensibiliza\u00e7\u00e3o, a preven\u00e7\u00e3o e o acesso ao tratamento.<\/p>\n\n\n\n<figure class=\"wp-block-image size-large\"><img fetchpriority=\"high\" decoding=\"async\" width=\"1024\" height=\"768\" src=\"https:\/\/ajan.africa\/wp-content\/uploads\/2025\/12\/WhatsApp-Image-2025-12-01-at-14.35.40-1024x768.jpeg\" alt=\"\" class=\"wp-image-19110\" srcset=\"https:\/\/ajan.africa\/wp-content\/uploads\/2025\/12\/WhatsApp-Image-2025-12-01-at-14.35.40-1024x768.jpeg 1024w, https:\/\/ajan.africa\/wp-content\/uploads\/2025\/12\/WhatsApp-Image-2025-12-01-at-14.35.40-300x225.jpeg 300w, https:\/\/ajan.africa\/wp-content\/uploads\/2025\/12\/WhatsApp-Image-2025-12-01-at-14.35.40-768x576.jpeg 768w, https:\/\/ajan.africa\/wp-content\/uploads\/2025\/12\/WhatsApp-Image-2025-12-01-at-14.35.40-16x12.jpeg 16w, https:\/\/ajan.africa\/wp-content\/uploads\/2025\/12\/WhatsApp-Image-2025-12-01-at-14.35.40.jpeg 1280w\" sizes=\"(max-width: 1024px) 100vw, 1024px\" \/><\/figure>\n\n\n\n<p>O Dr. Matwo destacou o poder transformador do conhecimento, lembrando aos participantes que a educa\u00e7\u00e3o continua a ser uma das ferramentas mais fortes no combate ao VIH e \u00e0 SIDA. Ao fornecer informa\u00e7\u00f5es corretas aos jovens, as comunidades podem desfazer conceitos errados e prejudiciais e capacitar os indiv\u00edduos a tomarem decis\u00f5es informadas sobre preven\u00e7\u00e3o, testagem e cuidados. Uma parte significativa do di\u00e1logo centrou-se na elimina\u00e7\u00e3o do estigma, uma barreira persistente que impede muitos de procurarem testagem ou tratamento. Os participantes discutiram como a discrimina\u00e7\u00e3o \u2014 seja nas fam\u00edlias, nas escolas ou na comunidade em geral \u2014 continua a dificultar o progresso, e por que construir uma cultura de compreens\u00e3o e apoio \u00e9 essencial.<\/p>\n\n\n\n<figure class=\"wp-block-image size-large\"><img decoding=\"async\" width=\"1024\" height=\"768\" src=\"https:\/\/ajan.africa\/wp-content\/uploads\/2025\/12\/WhatsApp-Image-2025-12-01-at-14.35.39-1024x768.jpeg\" alt=\"\" class=\"wp-image-19111\" srcset=\"https:\/\/ajan.africa\/wp-content\/uploads\/2025\/12\/WhatsApp-Image-2025-12-01-at-14.35.39-1024x768.jpeg 1024w, https:\/\/ajan.africa\/wp-content\/uploads\/2025\/12\/WhatsApp-Image-2025-12-01-at-14.35.39-300x225.jpeg 300w, https:\/\/ajan.africa\/wp-content\/uploads\/2025\/12\/WhatsApp-Image-2025-12-01-at-14.35.39-768x576.jpeg 768w, https:\/\/ajan.africa\/wp-content\/uploads\/2025\/12\/WhatsApp-Image-2025-12-01-at-14.35.39-16x12.jpeg 16w, https:\/\/ajan.africa\/wp-content\/uploads\/2025\/12\/WhatsApp-Image-2025-12-01-at-14.35.39.jpeg 1280w\" sizes=\"(max-width: 1024px) 100vw, 1024px\" \/><\/figure>\n\n\n\n<p>A conversa tamb\u00e9m destacou a necessidade de respostas inclusivas e orientadas pela comunidade. Para p\u00f4r fim \u00e0 epidemia, o Dr. Matwo enfatizou que \u00e9 necess\u00e1rio o esfor\u00e7o coletivo das institui\u00e7\u00f5es governamentais, das escolas, dos prestadores de cuidados de sa\u00fade, das fam\u00edlias e das comunidades locais trabalhando em conjunto para garantir que ningu\u00e9m, especialmente os mais vulner\u00e1veis, fique para tr\u00e1s. Os aprendentes foram encorajados a assumir a responsabilidade pela sua sa\u00fade atrav\u00e9s da testagem regular do VIH, enquanto as pessoas que vivem com o VIH foram lembradas da import\u00e2ncia de aderir \u00e0 terapia antirretroviral (ART) para alcan\u00e7ar a supress\u00e3o viral e viver vidas saud\u00e1veis e plenas.<\/p>\n\n\n\n<figure class=\"wp-block-image size-large\"><img decoding=\"async\" width=\"1024\" height=\"768\" src=\"https:\/\/ajan.africa\/wp-content\/uploads\/2025\/12\/WhatsApp-Image-2025-12-01-at-14.35.40-1-1024x768.jpeg\" alt=\"\" class=\"wp-image-19112\" srcset=\"https:\/\/ajan.africa\/wp-content\/uploads\/2025\/12\/WhatsApp-Image-2025-12-01-at-14.35.40-1-1024x768.jpeg 1024w, https:\/\/ajan.africa\/wp-content\/uploads\/2025\/12\/WhatsApp-Image-2025-12-01-at-14.35.40-1-300x225.jpeg 300w, https:\/\/ajan.africa\/wp-content\/uploads\/2025\/12\/WhatsApp-Image-2025-12-01-at-14.35.40-1-768x576.jpeg 768w, https:\/\/ajan.africa\/wp-content\/uploads\/2025\/12\/WhatsApp-Image-2025-12-01-at-14.35.40-1-16x12.jpeg 16w, https:\/\/ajan.africa\/wp-content\/uploads\/2025\/12\/WhatsApp-Image-2025-12-01-at-14.35.40-1.jpeg 1280w\" sizes=\"(max-width: 1024px) 100vw, 1024px\" \/><\/figure>\n\n\n\n<p>O evento do Dia Mundial da SIDA no Centro Mgr. Munzihirwa serviu como uma importante plataforma de aprendizagem e reflex\u00e3o. Reafirmou que a luta contra o VIH\/SIDA deve continuar para al\u00e9m de um \u00fanico dia comemorativo, atrav\u00e9s de sensibiliza\u00e7\u00e3o cont\u00ednua, solidariedade e colabora\u00e7\u00e3o \u2014 abrindo caminho para um futuro livre da SIDA.<\/p>\n\n\n\n<p class=\"has-text-align-right translation-block\"><em>Por,<\/em> <strong>Fr. S\u00e9verin Mukoko,<\/strong><\/p>\n\n\n\n<p class=\"has-text-align-right\">Diretor, Centro Monseigneur Munzihirwa (CMM).<\/p>","protected":false},"excerpt":{"rendered":"<p>To commemorate World AIDS Day 2025, learners and educators at the Centre Monseigneur Munzihirwa, (CMM), Kinshasa, Democratic Republic of the Congo (DRC) gathered for an engaging and insightful discussion with Dr. Hugues Matwo, focusing on the vital role of education, community involvement, and stigma reduction in ending the HIV\/AIDS epidemic.<\/p>\n<p><a class=\"sd-more sd-all-trans\" href=\"https:\/\/ajan.africa\/pt\/mgr-munzihirwa-center-marks-world-aids-day-2025-with-dialogue-on-education-awareness-and-ending-stigma\/#more-19108\">consulte Mais informa\u00e7\u00e3o<\/a><\/p>","protected":false},"author":5,"featured_media":19109,"comment_status":"closed","ping_status":"open","sticky":false,"template":"","format":"standard","meta":{"om_disable_all_campaigns":false,"_monsterinsights_skip_tracking":false,"_monsterinsights_sitenote_active":false,"_monsterinsights_sitenote_note":"","_monsterinsights_sitenote_category":0,"footnotes":""},"categories":[98,125],"tags":[],"class_list":["post-19108","post","type-post","status-publish","format-standard","has-post-thumbnail","hentry","category-ajan-news-articles","category-world-aids-day"],"aioseo_notices":[],"_links":{"self":[{"href":"https:\/\/ajan.africa\/pt\/wp-json\/wp\/v2\/posts\/19108","targetHints":{"allow":["GET"]}}],"collection":[{"href":"https:\/\/ajan.africa\/pt\/wp-json\/wp\/v2\/posts"}],"about":[{"href":"https:\/\/ajan.africa\/pt\/wp-json\/wp\/v2\/types\/post"}],"author":[{"embeddable":true,"href":"https:\/\/ajan.africa\/pt\/wp-json\/wp\/v2\/users\/5"}],"replies":[{"embeddable":true,"href":"https:\/\/ajan.africa\/pt\/wp-json\/wp\/v2\/comments?post=19108"}],"version-history":[{"count":2,"href":"https:\/\/ajan.africa\/pt\/wp-json\/wp\/v2\/posts\/19108\/revisions"}],"predecessor-version":[{"id":19136,"href":"https:\/\/ajan.africa\/pt\/wp-json\/wp\/v2\/posts\/19108\/revisions\/19136"}],"wp:featuredmedia":[{"embeddable":true,"href":"https:\/\/ajan.africa\/pt\/wp-json\/wp\/v2\/media\/19109"}],"wp:attachment":[{"href":"https:\/\/ajan.africa\/pt\/wp-json\/wp\/v2\/media?parent=19108"}],"wp:term":[{"taxonomy":"category","embeddable":true,"href":"https:\/\/ajan.africa\/pt\/wp-json\/wp\/v2\/categories?post=19108"},{"taxonomy":"post_tag","embeddable":true,"href":"https:\/\/ajan.africa\/pt\/wp-json\/wp\/v2\/tags?post=19108"}],"curies":[{"name":"wp","href":"https:\/\/api.w.org\/{rel}","templated":true}]}}