{"id":19173,"date":"2025-12-03T06:07:14","date_gmt":"2025-12-03T06:07:14","guid":{"rendered":"https:\/\/ajan.africa\/?p=19173"},"modified":"2025-12-16T07:10:22","modified_gmt":"2025-12-16T07:10:22","slug":"commemoration-of-world-aids-day-2025-in-madagascar-a-collective-mobilization","status":"publish","type":"post","link":"https:\/\/ajan.africa\/pt\/commemoration-of-world-aids-day-2025-in-madagascar-a-collective-mobilization\/","title":{"rendered":"Comemora\u00e7\u00e3o do Dia Mundial da Luta contra a AIDS 2025 em Madagascar: uma mobiliza\u00e7\u00e3o coletiva"},"content":{"rendered":"<p>O Dia Mundial da Luta contra a AIDS, celebrado todos os anos em 1\u00ba de dezembro, \u00e9 dedicado \u00e0 conscientiza\u00e7\u00e3o, \u00e0 mobiliza\u00e7\u00e3o e \u00e0 solidariedade, ao mesmo tempo em que lembra que os esfor\u00e7os de preven\u00e7\u00e3o, bem como a luta contra o estigma, devem ser refor\u00e7ados. Em Madagascar, o dia 1\u00ba de dezembro de 2025 foi marcado por uma cerim\u00f4nia oficial organizada pelo PNLS (Programme National de Lutte contre le SIDA) em Ambohibemasoandro, Antananarivo, na presen\u00e7a das autoridades p\u00fablicas, parceiros, organiza\u00e7\u00f5es da sociedade civil e unidades de sa\u00fade.<\/p>\n\n\n\n<figure class=\"wp-block-image size-large\"><img fetchpriority=\"high\" decoding=\"async\" width=\"768\" height=\"1024\" src=\"https:\/\/ajan.africa\/wp-content\/uploads\/2025\/12\/20251201_100609-768x1024.jpg\" alt=\"\" class=\"wp-image-19177\" srcset=\"https:\/\/ajan.africa\/wp-content\/uploads\/2025\/12\/20251201_100609-768x1024.jpg 768w, https:\/\/ajan.africa\/wp-content\/uploads\/2025\/12\/20251201_100609-225x300.jpg 225w, https:\/\/ajan.africa\/wp-content\/uploads\/2025\/12\/20251201_100609-1152x1536.jpg 1152w, https:\/\/ajan.africa\/wp-content\/uploads\/2025\/12\/20251201_100609-9x12.jpg 9w, https:\/\/ajan.africa\/wp-content\/uploads\/2025\/12\/20251201_100609.jpg 1440w\" sizes=\"(max-width: 768px) 100vw, 768px\" \/><\/figure>\n\n\n\n<p><strong>Uma cerim\u00f4nia oficial, um sinal de compromisso<\/strong><br>A cerim\u00f4nia foi uma oportunidade para recordar os esfor\u00e7os j\u00e1 realizados na luta contra o HIV e a AIDS, bem como os desafios que ainda persistem em termos de preven\u00e7\u00e3o, aten\u00e7\u00e3o integral, testagem e apoio psicossocial. Os discursos oficiais destacaram a necessidade de fortalecer a colabora\u00e7\u00e3o entre o Estado, as organiza\u00e7\u00f5es da sociedade civil e os doadores, a fim de proporcionar uma resposta eficaz e sustent\u00e1vel \u00e0 quest\u00e3o da dignidade humana.<br>The presence of government authorities, including the Minister of Public Health and representatives of elected Members of Parliament, demonstrated the commitment of public authorities to maintaining the fight against HIV and AIDS among national public health priorities. The presence of the WHO representative in Madagascar at the ceremony suggests unwavering support from this institution.<\/p>\n\n\n\n<p><strong>CA MDG presente, um stand para se dar a conhecer<\/strong><br>O Centre Arrupe Madagascar (CA MDG) participou da comemora\u00e7\u00e3o por meio de um stand dedicado \u00e0s organiza\u00e7\u00f5es religiosas, coorganizado por duas denomina\u00e7\u00f5es crist\u00e3s: a Igreja Reformada e a Igreja Cat\u00f3lica, representada pelo Centre Arrupe.<br>Ao longo do dia, muitas pessoas visitaram o stand. As trocas com os visitantes permitiram avaliar o quanto as quest\u00f5es relacionadas ao HIV e \u00e0 AIDS continuam sendo relevantes. As discuss\u00f5es concentraram-se frequentemente na preven\u00e7\u00e3o, no medo da testagem, na persist\u00eancia do estigma e na necessidade de um acompanhamento humano e comunit\u00e1rio. O stand tornou-se, assim, um verdadeiro espa\u00e7o de encontro e escuta.<br>Os representantes do CA MDG partilharam experi\u00eancias de campo com os jovens, nomeadamente por meio do programa AJAN HIV and AIDS Prevention Programme for the Youth (AHAPPY), bem como com as fam\u00edlias atrav\u00e9s do EVA (\u00c9ducation \u00e0 la Vie et \u00e0 l\u2019Amour), entre outros. Esses testemunhos destacaram a import\u00e2ncia de uma abordagem baseada em valores, fundamentada no respeito pela dignidade de cada pessoa, na confian\u00e7a e na educa\u00e7\u00e3o.<\/p>\n\n\n\n<p><strong>Trocas prop\u00edcias \u00e0 colabora\u00e7\u00e3o<\/strong><br>A visita da Ministra ao stand foi um momento particularmente significativo. A troca simples e direta permitiu aos representantes do CA MDG apresentar brevemente suas a\u00e7\u00f5es e as realidades observadas no terreno. Ao visitar o stand, ela p\u00f4de assim conhecer o papel desempenhado pelas organiza\u00e7\u00f5es religiosas.<br>Todos os presentes no stand expressaram o desejo de n\u00e3o agir de forma isolada. As trocas informais entre os atores religiosos destacaram a mesma necessidade: unir for\u00e7as, compartilhar experi\u00eancias e construir a\u00e7\u00f5es conjuntas mais vis\u00edveis e impactantes.<br>Considerando que uma iniciativa anterior liderada pelo CNLS (Comit\u00e9 National de lutte contre le SIDA), destinada a estabelecer uma coaliz\u00e3o de organiza\u00e7\u00f5es da sociedade civil, havia fracassado ap\u00f3s a dissolu\u00e7\u00e3o dessa estrutura, o Dia Mundial da Luta contra a AIDS deste ano reacendeu a ideia de que, mesmo com recursos modestos, \u00e9 poss\u00edvel recome\u00e7ar de onde se est\u00e1, com o que se tem \u2014 e que nunca \u00e9 tarde demais para retomar o di\u00e1logo.<\/p>\n\n\n\n<figure class=\"wp-block-image size-large\"><img decoding=\"async\" width=\"1024\" height=\"768\" src=\"https:\/\/ajan.africa\/wp-content\/uploads\/2025\/12\/20251201_112457-1024x768.jpg\" alt=\"\" class=\"wp-image-19178\" srcset=\"https:\/\/ajan.africa\/wp-content\/uploads\/2025\/12\/20251201_112457-1024x768.jpg 1024w, https:\/\/ajan.africa\/wp-content\/uploads\/2025\/12\/20251201_112457-300x225.jpg 300w, https:\/\/ajan.africa\/wp-content\/uploads\/2025\/12\/20251201_112457-768x576.jpg 768w, https:\/\/ajan.africa\/wp-content\/uploads\/2025\/12\/20251201_112457-1536x1152.jpg 1536w, https:\/\/ajan.africa\/wp-content\/uploads\/2025\/12\/20251201_112457-16x12.jpg 16w, https:\/\/ajan.africa\/wp-content\/uploads\/2025\/12\/20251201_112457.jpg 1920w\" sizes=\"(max-width: 1024px) 100vw, 1024px\" \/><figcaption class=\"wp-element-caption\"><em>A visita da Ministra ao stand das organiza\u00e7\u00f5es religiosas, coorganizado por duas denomina\u00e7\u00f5es crist\u00e3s: a Igreja Reformada e a Igreja Cat\u00f3lica, representada pelo Centre Arrupe Madagascar.<\/em><\/figcaption><\/figure>\n\n\n\n<p><strong>Um dia que devolve significado ao compromisso coletivo<\/strong><br>Para al\u00e9m do seu car\u00e1ter oficial, a comemora\u00e7\u00e3o de 1\u00ba de dezembro de 2025 em Ambohibemasoandro foi uma oportunidade para compartilhar experi\u00eancias e realidades de campo. Ela lembrou aos participantes que a luta contra o HIV e a AIDS se constr\u00f3i dia ap\u00f3s dia, por meio de gestos simples, presen\u00e7a constante e compromisso sincero ao lado das pessoas afetadas.<br>Para o Centre Arrupe Madagascar, este dia refor\u00e7ou a convic\u00e7\u00e3o de que as organiza\u00e7\u00f5es religiosas t\u00eam um papel essencial na promo\u00e7\u00e3o de respostas mais humanas e sustent\u00e1veis ao HIV e \u00e0 AIDS.<\/p>\n\n\n\n<p class=\"has-text-align-right translation-block\"><em>Por<\/em>, <strong>Randrianarijaona Norovoahangy<\/strong>,<br>Respons\u00e1vel pelo Programa de Sa\u00fade e Fam\u00edlia, Centre Arrupe, Madagascar (CA-MDG)<\/p>","protected":false},"excerpt":{"rendered":"<p>World AIDS Day, observed every year on December 1, is dedicated to awareness-raising, mobilization, and solidarity, while also serving as a reminder that prevention efforts, as well as the fight against stigma, must be strengthened. In Madagascar, December 1, 2025, was marked by an official ceremony organized by the PNLS<\/p>\n<p><a class=\"sd-more sd-all-trans\" href=\"https:\/\/ajan.africa\/pt\/commemoration-of-world-aids-day-2025-in-madagascar-a-collective-mobilization\/#more-19173\">consulte Mais informa\u00e7\u00e3o<\/a><\/p>","protected":false},"author":5,"featured_media":19176,"comment_status":"closed","ping_status":"open","sticky":false,"template":"","format":"standard","meta":{"om_disable_all_campaigns":false,"_monsterinsights_skip_tracking":false,"_monsterinsights_sitenote_active":false,"_monsterinsights_sitenote_note":"","_monsterinsights_sitenote_category":0,"footnotes":""},"categories":[98,125],"tags":[],"class_list":["post-19173","post","type-post","status-publish","format-standard","has-post-thumbnail","hentry","category-ajan-news-articles","category-world-aids-day"],"aioseo_notices":[],"_links":{"self":[{"href":"https:\/\/ajan.africa\/pt\/wp-json\/wp\/v2\/posts\/19173","targetHints":{"allow":["GET"]}}],"collection":[{"href":"https:\/\/ajan.africa\/pt\/wp-json\/wp\/v2\/posts"}],"about":[{"href":"https:\/\/ajan.africa\/pt\/wp-json\/wp\/v2\/types\/post"}],"author":[{"embeddable":true,"href":"https:\/\/ajan.africa\/pt\/wp-json\/wp\/v2\/users\/5"}],"replies":[{"embeddable":true,"href":"https:\/\/ajan.africa\/pt\/wp-json\/wp\/v2\/comments?post=19173"}],"version-history":[{"count":4,"href":"https:\/\/ajan.africa\/pt\/wp-json\/wp\/v2\/posts\/19173\/revisions"}],"predecessor-version":[{"id":19182,"href":"https:\/\/ajan.africa\/pt\/wp-json\/wp\/v2\/posts\/19173\/revisions\/19182"}],"wp:featuredmedia":[{"embeddable":true,"href":"https:\/\/ajan.africa\/pt\/wp-json\/wp\/v2\/media\/19176"}],"wp:attachment":[{"href":"https:\/\/ajan.africa\/pt\/wp-json\/wp\/v2\/media?parent=19173"}],"wp:term":[{"taxonomy":"category","embeddable":true,"href":"https:\/\/ajan.africa\/pt\/wp-json\/wp\/v2\/categories?post=19173"},{"taxonomy":"post_tag","embeddable":true,"href":"https:\/\/ajan.africa\/pt\/wp-json\/wp\/v2\/tags?post=19173"}],"curies":[{"name":"wp","href":"https:\/\/api.w.org\/{rel}","templated":true}]}}