{"id":19271,"date":"2026-02-01T08:56:05","date_gmt":"2026-02-01T08:56:05","guid":{"rendered":"https:\/\/ajan.africa\/?p=19271"},"modified":"2026-02-03T13:14:12","modified_gmt":"2026-02-03T13:14:12","slug":"ajan-at-23rd-icasa-accra-2025","status":"publish","type":"post","link":"https:\/\/ajan.africa\/pt\/ajan-at-23rd-icasa-accra-2025\/","title":{"rendered":"AJAN na 23\u00aa ICASA, Accra 2025"},"content":{"rendered":"<h2 class=\"wp-block-heading\"><strong>ICASA, um momento de redefini\u00e7\u00e3o de ferramentas e estrat\u00e9gias em resposta \u00e0 AIDS, TB e mal\u00e1ria para um continente mais saud\u00e1vel<\/strong>.<\/h2>\n\n\n\n<h3 class=\"wp-block-heading\"><strong>Introdu\u00e7\u00e3o: Vis\u00e3o geral da confer\u00eancia<\/strong><\/h3>\n\n\n\n<p class=\"translation-block\">A 23\u00aa Confer\u00eancia Internacional sobre AIDS e ISTs na \u00c1frica (ICASA), organizada bienalmente pela Society for AIDS in Africa (SAA), ocorreu de 3 a 8 de dezembro de 2025 no Accra International Conference Centre, em Gana. O tema foi \u201c<strong><em>Catalisando uma Resposta Integrada e Sustent\u00e1vel para Acabar com a AIDS, TB e Mal\u00e1ria<\/em><\/strong>\u201d. Este evento significativo tamb\u00e9m marcou o 35\u00ba anivers\u00e1rio da Society for AIDS in Africa (SAA), servindo tanto como reflex\u00e3o sobre o progresso quanto como um chamado \u00e0 a\u00e7\u00e3o na luta contra a AIDS, tuberculose (TB), mal\u00e1ria e outros desafios de sa\u00fade no continente.<\/p>\n\n\n\n<div class=\"wp-block-media-text has-media-on-the-right is-stacked-on-mobile\"><div class=\"wp-block-media-text__content\">\n<p>Representando a African Jesuit AIDS Network (AJAN), o Diretor da AJAN, Pe. Matambura Ismael, juntou-se a mais de 3.300 participantes de 85 pa\u00edses, incluindo cerca de 400 participantes no estande da Aldeia Comunit\u00e1ria. A confer\u00eancia ampliou seu escopo para al\u00e9m da AIDS, mal\u00e1ria e TB, abordando quest\u00f5es de sa\u00fade integral como c\u00e2ncer, sa\u00fade mental e outras doen\u00e7as n\u00e3o transmiss\u00edveis. Foi dada \u00eanfase ao fortalecimento das medicinas tradicionais e dos sistemas de sa\u00fade, com sess\u00f5es apresentando uma ampla variedade de apresenta\u00e7\u00f5es, resumos de pesquisas e palestras principais.<\/p>\n<\/div><figure class=\"wp-block-media-text__media\"><img fetchpriority=\"high\" decoding=\"async\" width=\"944\" height=\"707\" src=\"https:\/\/ajan.africa\/wp-content\/uploads\/2026\/02\/Picture1.jpg\" alt=\"\" class=\"wp-image-19273 size-full\" srcset=\"https:\/\/ajan.africa\/wp-content\/uploads\/2026\/02\/Picture1.jpg 944w, https:\/\/ajan.africa\/wp-content\/uploads\/2026\/02\/Picture1-300x225.jpg 300w, https:\/\/ajan.africa\/wp-content\/uploads\/2026\/02\/Picture1-768x575.jpg 768w, https:\/\/ajan.africa\/wp-content\/uploads\/2026\/02\/Picture1-16x12.jpg 16w\" sizes=\"(max-width: 944px) 100vw, 944px\" \/><\/figure><\/div>\n\n\n\n<p class=\"translation-block\">Um destaque importante foi o lan\u00e7amento do \u201c<strong><em>Scientific Journal on AIDS and Infectious Diseases<\/em><\/strong>\u201d, que visa promover o <strong><em>compartilhamento do conhecimento cient\u00edfico<\/em><\/strong>. A ICASA tamb\u00e9m introduziu uma <strong><em>competi\u00e7\u00e3o de storytelling<\/em><\/strong> para promover a preven\u00e7\u00e3o do HIV e combater o estigma. A <strong><em>pr\u00e9-confer\u00eancia da juventude<\/em><\/strong>, que capacitou jovens participantes a se envolverem ativamente na defesa da sa\u00fade, foi realizada.<\/p>\n\n\n\n<p class=\"translation-block\">A <strong>confer\u00eancia serviu como um \u201calerta\u201d para a \u00c1frica<\/strong>, como evidenciado pela <strong><em>maior participa\u00e7\u00e3o local<\/em><\/strong>, um engajamento juvenil mais assertivo e a <strong><em>maior participa\u00e7\u00e3o de l\u00edderes africanos<\/em><\/strong>. <strong><em>Primeiras-Damas de toda a \u00c1frica realizaram uma reuni\u00e3o de alto n\u00edvel<\/em><\/strong> com ag\u00eancias da ONU e l\u00edderes comunit\u00e1rios na Ghana State House, ressaltando sua lideran\u00e7a na defesa relacionada ao HIV e a import\u00e2ncia da a\u00e7\u00e3o coletiva.<\/p>\n\n\n\n<p class=\"translation-block\">As <strong><em>comunidades de f\u00e9<\/em><\/strong> desempenharam um papel vital ao manter um <strong><em>estande na aldeia comunit\u00e1ria<\/em><\/strong>, facilitando discuss\u00f5es din\u00e2micas e <strong><em>demonstrando forte compromisso por meio de participa\u00e7\u00e3o ativa<\/em><\/strong> e atividades envolventes. <strong>Uma sess\u00e3o de mesa-redonda reuniu l\u00edderes religiosos e parlamentares<\/strong>, e defensores, sob o tema \u201c<strong>Unindo Vozes para a A\u00e7\u00e3o: Legisladores e L\u00edderes Religiosos<\/strong>\u201d.<\/p>\n\n\n\n<div class=\"wp-block-group is-nowrap is-layout-flex wp-container-core-group-is-layout-ad2f72ca wp-block-group-is-layout-flex\">\n<figure class=\"wp-block-image size-full\"><img decoding=\"async\" width=\"385\" height=\"289\" src=\"https:\/\/ajan.africa\/wp-content\/uploads\/2026\/02\/Picture11.jpg\" alt=\"\" class=\"wp-image-19277\" srcset=\"https:\/\/ajan.africa\/wp-content\/uploads\/2026\/02\/Picture11.jpg 385w, https:\/\/ajan.africa\/wp-content\/uploads\/2026\/02\/Picture11-300x225.jpg 300w, https:\/\/ajan.africa\/wp-content\/uploads\/2026\/02\/Picture11-16x12.jpg 16w\" sizes=\"(max-width: 385px) 100vw, 385px\" \/><\/figure>\n\n\n\n<figure class=\"wp-block-image size-full is-resized\"><img decoding=\"async\" width=\"327\" height=\"184\" src=\"https:\/\/ajan.africa\/wp-content\/uploads\/2026\/02\/Picture3.jpg\" alt=\"\" class=\"wp-image-19275\" style=\"width:416px;height:auto\" srcset=\"https:\/\/ajan.africa\/wp-content\/uploads\/2026\/02\/Picture3.jpg 327w, https:\/\/ajan.africa\/wp-content\/uploads\/2026\/02\/Picture3-300x169.jpg 300w, https:\/\/ajan.africa\/wp-content\/uploads\/2026\/02\/Picture3-18x10.jpg 18w, https:\/\/ajan.africa\/wp-content\/uploads\/2026\/02\/Picture3-274x155.jpg 274w\" sizes=\"(max-width: 327px) 100vw, 327px\" \/><\/figure>\n<\/div>\n\n\n\n<p class=\"translation-block\"><strong>Avan\u00e7ando uma Resposta Equitativa ao HIV<\/strong>. Este f\u00f3rum focou em promover a colabora\u00e7\u00e3o entre l\u00edderes religiosos e legisladores, manter o HIV como prioridade pol\u00edtica e defender o financiamento dom\u00e9stico sustent\u00e1vel e o acesso a tratamentos injet\u00e1veis de a\u00e7\u00e3o prolongada.<\/p>\n\n\n\n<h3 class=\"wp-block-heading\"><strong>Minhas principais conclus\u00f5es e recomenda\u00e7\u00f5es<\/strong>.<\/h3>\n\n\n\n<p>As principais conclus\u00f5es e recomenda\u00e7\u00f5es discutidas enfatizam diversos t\u00f3picos, incluindo medicina tradicional, ci\u00eancia cl\u00ednica, inova\u00e7\u00f5es em tratamentos, tend\u00eancias epid\u00eamicas, ci\u00eancia da preven\u00e7\u00e3o, direitos legais e humanos, sistemas de sa\u00fade, lideran\u00e7a e financiamento sustent\u00e1vel.<\/p>\n\n\n\n<h4 class=\"wp-block-heading\"><strong>1. Sobre medicinas tradicionais e pesquisa<\/strong><\/h4>\n\n\n\n<p class=\"translation-block\"><strong><em>A medicina tradicional \u00e9 cada vez mais reconhecida como uma abordagem complementar valiosa no cuidado ao HIV<\/em><\/strong>. Com 8 em cada 10 (80%) medicamentos derivados de plantas, a pesquisa cont\u00ednua sobre plantas medicinais \u00e9 crucial e n\u00e3o deve ser negligenciada na busca por uma cura para o HIV. A pesquisa cient\u00edfica continua sendo o caminho para acabar ou controlar a AIDS. Pr\u00e1ticas seguras, compartilhamento de experi\u00eancias entre pa\u00edses e capacita\u00e7\u00e3o em pesquisa s\u00e3o essenciais. Recomenda-se promover as diretrizes da OMS, especialmente para novos tratamentos injet\u00e1veis como o Lenacapavir (LA), para integrar abordagens m\u00e9dicas tradicionais e modernas.<\/p>\n\n\n\n<h4 class=\"wp-block-heading\"><strong>2.<\/strong> <strong>\u00c0 propos de la science clinique, du traitement et des soins<\/strong><\/h4>\n\n\n\n<p>A doen\u00e7a avan\u00e7ada por HIV (AHD) continua a representar riscos significativos, incluindo diagn\u00f3stico tardio, complica\u00e7\u00f5es cl\u00ednicas, coinfec\u00e7\u00f5es e comorbidades. O diagn\u00f3stico e manejo da tuberculose pedi\u00e1trica exigem mais recursos e um maior engajamento da comunidade.<\/p>\n\n\n\n<p class=\"translation-block\">O surgimento de <strong><em>medicamentos de a\u00e7\u00e3o prolongada, como cabotegravir e Lenacapavir<\/em><\/strong> oferece perspectivas tanto para preven\u00e7\u00e3o quanto para tratamento, mas a acessibilidade continua sendo um desafio, destacando a necessidade de alternativas gen\u00e9ricas e monitoramento robusto da resist\u00eancia a medicamentos. <strong><em>O cuidado pedi\u00e1trico ao HIV enfrenta desafios com baixa supress\u00e3o da carga viral e baixa ades\u00e3o, ressaltando a necessidade de estrat\u00e9gias inovadoras de teste, preven\u00e7\u00e3o e acesso a novas tecnologias<\/em><\/strong>, incluindo ferramentas de monitoramento da TAR e GeneXpert para TB, em unidades de sa\u00fade focadas na crian\u00e7a.<\/p>\n\n\n\n<h4 class=\"wp-block-heading\"><strong>3. \u00c0 propos de l\u2019\u00e9pid\u00e9mie de VIH en Afrique (2024)<\/strong><\/h4>\n\n\n\n<p class=\"translation-block\"><strong><em>A \u00c1frica continua sendo o epicentro da epidemia de HIV<\/em><\/strong>, com <strong><em>dois ter\u00e7os das pessoas vivendo com HIV (PVHIV) no mundo<\/em><\/strong> residindo no continente \u2014 23,6 milh\u00f5es de pessoas, das quais 21,7 milh\u00f5es est\u00e3o em tratamento (TAR). <strong><em>As mulheres suportam um fardo desproporcional de infec\u00e7\u00f5es e mortes<\/em><\/strong>. Popula\u00e7\u00f5es-chave e seus parceiros representam quase metade das novas infec\u00e7\u00f5es, um n\u00famero que aumentou desde 2010. Houve uma <strong><em>redu\u00e7\u00e3o not\u00e1vel nas novas infec\u00e7\u00f5es<\/em><\/strong> (56%) e nas mortes relacionadas ao HIV em compara\u00e7\u00e3o com 2010, assim como uma <strong><em>queda acentuada nas infec\u00e7\u00f5es pedi\u00e1tricas<\/em><\/strong>. <strong><em>As mulheres gr\u00e1vidas tiveram aumento na cobertura da TAR<\/em><\/strong>, especialmente na \u00c1frica Oriental e Austral (93%) em compara\u00e7\u00e3o com a \u00c1frica Ocidental e Central (56%).<\/p>\n\n\n\n<h4 class=\"wp-block-heading\"><strong>4<\/strong>. <strong>Sobre Ci\u00eancia da Preven\u00e7\u00e3o e Barreiras Sociais<\/strong><\/h4>\n\n\n\n<p class=\"translation-block\"><strong><em>PrEP de a\u00e7\u00e3o prolongada est\u00e1 transformando a preven\u00e7\u00e3o do HIV<\/em><\/strong>, com inova\u00e7\u00f5es incluindo <strong><em>inje\u00e7\u00f5es de cabotegravir a cada dois meses, inje\u00e7\u00f5es de Lenacapavir a cada seis meses e an\u00e9is vaginais de Dapivirina mensais<\/em><\/strong>.<\/p>\n\n\n\n<p class=\"translation-block\">No entanto, desafios permanecem na abordagem das desigualdades sociais e das limita\u00e7\u00f5es dos sistemas de sa\u00fade, e na garantia de cuidados centrados na pessoa. Barreiras como estigma, discrimina\u00e7\u00e3o, falta de privacidade e restri\u00e7\u00f5es econ\u00f4micas devem ser enfrentadas. <strong><em>Engajar l\u00edderes tradicionais e religiosos \u00e9 fundamental, assim como treinar os prestadores de servi\u00e7os para proteger a confidencialidade e a privacidade<\/em><\/strong>. <strong><em>\u00c9 necess\u00e1rio lideran\u00e7a comunit\u00e1ria e programas resilientes<\/em><\/strong>, incluindo a mobiliza\u00e7\u00e3o de recursos dom\u00e9sticos por meio de parcerias p\u00fablico-privadas e a integra\u00e7\u00e3o dos servi\u00e7os de HIV por abordagens de m\u00faltiplas doen\u00e7as.<\/p>\n\n\n\n<figure class=\"wp-block-image size-full\"><img loading=\"lazy\" decoding=\"async\" width=\"768\" height=\"633\" src=\"https:\/\/ajan.africa\/wp-content\/uploads\/2026\/02\/Picture8.jpg\" alt=\"\" class=\"wp-image-19276\" srcset=\"https:\/\/ajan.africa\/wp-content\/uploads\/2026\/02\/Picture8.jpg 768w, https:\/\/ajan.africa\/wp-content\/uploads\/2026\/02\/Picture8-300x247.jpg 300w, https:\/\/ajan.africa\/wp-content\/uploads\/2026\/02\/Picture8-15x12.jpg 15w\" sizes=\"(max-width: 768px) 100vw, 768px\" \/><\/figure>\n\n\n\n<h4 class=\"wp-block-heading\"><strong>5. Considera\u00e7\u00f5es legais, direitos humanos e ci\u00eancias pol\u00edticas<\/strong><\/h4>\n\n\n\n<p class=\"translation-block\">A confer\u00eancia destacou a <strong><em>necessidade de proteger grupos vulner\u00e1veis contra o estigma e a discrimina\u00e7\u00e3o, garantir acesso equitativo \u00e0 sa\u00fade e promover a igualdade de g\u00eanero e o empoderamento comunit\u00e1rio<\/em><\/strong>. Barreiras legais, sociais, culturais e pol\u00edticas continuam a minar os direitos e enfraquecer as respostas ao HIV.<\/p>\n\n\n\n<p class=\"translation-block\">Apesar dos progressos, <strong><em>criminaliza\u00e7\u00e3o, cortes de financiamento, estigma e exclus\u00e3o digital restringem o acesso a servi\u00e7os essenciais<\/em><\/strong>. <strong><em>Reformas urgentes s\u00e3o necess\u00e1rias, com lideran\u00e7a pol\u00edtica forte e abordagens baseadas em direitos e lideradas pela comunidade<\/em><\/strong>. O estigma \u00e9 identificado como uma barreira maior do que o pr\u00f3prio v\u00edrus, moldado por normas culturais e de g\u00eanero, e pode ser mitigado por meio da resili\u00eancia comunit\u00e1ria e do apoio entre pares.<\/p>\n\n\n\n<h4 class=\"wp-block-heading\"><strong>6. \u00c0 propos des syst\u00e8mes de sant\u00e9, de l\u2019\u00e9conomie et de la science de la mise en \u0153uvre<\/strong><\/h4>\n\n\n\n<p class=\"translation-block\"><strong><em>O progresso na resposta ao HIV estagnou, mas existem claras oportunidades de integra\u00e7\u00e3o e inova\u00e7\u00e3o<\/em><\/strong>. Ferramentas estruturadas de prioriza\u00e7\u00e3o (como TIER) podem ajudar a definir pacotes de servi\u00e7os de HIV sustent\u00e1veis, alinhados \u00e0s realidades financeiras. <strong><em>As plataformas integradas de cuidado pr\u00e9-natal (ANC) devem fornecer testes e tratamentos combinados para HIV, s\u00edfilis, HBV, doen\u00e7as n\u00e3o transmiss\u00edveis e outras condi\u00e7\u00f5es maternas<\/em><\/strong>.<\/p>\n\n\n\n<p class=\"translation-block\"><strong><em>A capacidade de fabrica\u00e7\u00e3o local e a prontid\u00e3o regulat\u00f3ria para ARVs e produtos de HIV precisam ser fortalecidas.<\/em><\/strong> Integrar ferramentas digitais de HIV nas estrat\u00e9gias e or\u00e7amentos nacionais de sa\u00fade \u00e9 vital. <strong><em>\u00c9 necess\u00e1rio alinhamento r\u00e1pido de pol\u00edticas e prepara\u00e7\u00e3o para adotar as diretrizes da OMS, particularmente para o LEN (Lenacapavir)<\/em><\/strong>, previsto para implementa\u00e7\u00e3o em pelo menos dez pa\u00edses africanos at\u00e9 2026. As quest\u00f5es-chave incluem prontid\u00e3o regulat\u00f3ria, conscientiza\u00e7\u00e3o comunit\u00e1ria e depend\u00eancia de parcerias globais.<\/p>\n\n\n\n<div class=\"wp-block-group is-nowrap is-layout-flex wp-container-core-group-is-layout-ad2f72ca wp-block-group-is-layout-flex\">\n<figure class=\"wp-block-image size-full\"><img loading=\"lazy\" decoding=\"async\" width=\"419\" height=\"233\" src=\"https:\/\/ajan.africa\/wp-content\/uploads\/2026\/02\/Picture2.jpg\" alt=\"\" class=\"wp-image-19274\" srcset=\"https:\/\/ajan.africa\/wp-content\/uploads\/2026\/02\/Picture2.jpg 419w, https:\/\/ajan.africa\/wp-content\/uploads\/2026\/02\/Picture2-300x167.jpg 300w, https:\/\/ajan.africa\/wp-content\/uploads\/2026\/02\/Picture2-18x10.jpg 18w, https:\/\/ajan.africa\/wp-content\/uploads\/2026\/02\/Picture2-360x200.jpg 360w\" sizes=\"(max-width: 419px) 100vw, 419px\" \/><\/figure>\n\n\n\n<figure class=\"wp-block-image size-full\"><img loading=\"lazy\" decoding=\"async\" width=\"425\" height=\"319\" src=\"https:\/\/ajan.africa\/wp-content\/uploads\/2026\/02\/Picture7.jpg\" alt=\"\" class=\"wp-image-19278\" srcset=\"https:\/\/ajan.africa\/wp-content\/uploads\/2026\/02\/Picture7.jpg 425w, https:\/\/ajan.africa\/wp-content\/uploads\/2026\/02\/Picture7-300x225.jpg 300w, https:\/\/ajan.africa\/wp-content\/uploads\/2026\/02\/Picture7-16x12.jpg 16w\" sizes=\"(max-width: 425px) 100vw, 425px\" \/><\/figure>\n<\/div>\n\n\n\n<h4 class=\"wp-block-heading\"><strong>7. \u00c0 propos du leadership et de la r\u00e9ponse durable<\/strong>.<\/h4>\n\n\n\n<p class=\"translation-block\"><strong><em>Acabar com o HIV requer lideran\u00e7a, empoderamento comunit\u00e1rio, equidade e investimento cont\u00ednuo na preven\u00e7\u00e3o<\/em><\/strong>. A \u00c1frica deve <strong><em>priorizar o financiamento da sa\u00fade e a fabrica\u00e7\u00e3o farmac\u00eautica local, com forte vontade pol\u00edtica e lideran\u00e7a decisiva<\/em><\/strong> para sustentar os progressos. A ICASA continua a fazer a ponte entre ci\u00eancia e pol\u00edtica, mas ap\u00f3s 35 anos, esfor\u00e7os intensificados s\u00e3o necess\u00e1rios.<\/p>\n\n\n\n<p class=\"translation-block\">Le <strong>cadre de leadership pour r\u00e9pondre aux crises de financement<\/strong> comprend :<\/p>\n\n\n\n<ul class=\"wp-block-list\">\n<li>Apenas tr\u00eas pa\u00edses africanos se comprometeram a destinar 15% de seus or\u00e7amentos para a sa\u00fade (segundo a Declara\u00e7\u00e3o de Abuja).<\/li>\n\n\n\n<li>O \u201cGhana\u2019s Accra Reset\u201d est\u00e1 desenvolvendo um roteiro de sustentabilidade para financiamento dom\u00e9stico e responsabiliza\u00e7\u00e3o.<\/li>\n\n\n\n<li>Le Lesotho finance 80\u202f% des ARV localement, les 20\u202f% restants provenant des donateurs.<\/li>\n\n\n\n<li class=\"translation-block\"><strong>A iniciativa presidencial da RDC<\/strong> para acabar com a AIDS pedi\u00e1trica \u00e9 apoiada por um financiamento dom\u00e9stico significativo de cerca de 18 milh\u00f5es.<\/li>\n\n\n\n<li class=\"translation-block\">Le Kenya et le Maroc lancent des initiatives d\u2019<strong>infrastructures de sant\u00e9 num\u00e9riques<\/strong>.<\/li>\n\n\n\n<li>Les partenariats public-priv\u00e9 sont essentiels pour assurer la durabilit\u00e9 des r\u00e9ponses au sida.<\/li>\n<\/ul>\n\n\n\n<p class=\"translation-block\"><strong>As estrat\u00e9gias de mobiliza\u00e7\u00e3o de recursos dom\u00e9sticos<\/strong> incluem aproveitar parcerias p\u00fablico-privadas, introduzir <strong><em>impostos especiais sobre \u00e1lcool e tabaco<\/em><\/strong>, envolver a <strong><em>di\u00e1spora africana<\/em><\/strong>, estabelecer fundos de emerg\u00eancia e <strong><em>melhorar a transpar\u00eancia financeira por meio do e-or\u00e7amento<\/em><\/strong>. O <strong><em>contrato social<\/em><\/strong> permite que os governos financiem organiza\u00e7\u00f5es da sociedade civil, e o financiamento dom\u00e9stico deve ser institucionalizado para <strong><em>garantir a sustentabilidade a longo prazo<\/em><\/strong>. Abordagens integradas envolvendo comunidades, fam\u00edlias e parceiros s\u00e3o cruciais, particularmente para a sa\u00fade infantil<strong>.<\/strong><\/p>\n\n\n\n<h4 class=\"wp-block-heading\"><strong>8. Algumas recomenda\u00e7\u00f5es de a\u00e7\u00f5es<\/strong>.<\/h4>\n\n\n\n<ul class=\"wp-block-list\">\n<li class=\"translation-block\">Les gouvernements et les communaut\u00e9s devraient <strong><em>prioriser la pr\u00e9vention du VIH<\/em><\/strong> et \u00e9tablir <strong><em>des partenariats avec les m\u00e9dias<\/em><\/strong> pour la sensibilisation et le changement de comportement.<\/li>\n\n\n\n<li class=\"translation-block\">Int\u00e9grer le <strong><em>conseil ax\u00e9 sur le comportement dans les strat\u00e9gies de pr\u00e9vention<\/em><\/strong> et investir dans les soins de sant\u00e9 primaires ainsi que dans le d\u00e9veloppement des ressources humaines.<\/li>\n\n\n\n<li class=\"translation-block\">D\u00e9centraliser et int\u00e9grer les services, <strong><em>renforcer les syst\u00e8mes de donn\u00e9es pour le suivi<\/em><\/strong> et l\u2019\u00e9valuation, et inclure la <strong><em>PrEP \u00e0 longue action dans les directives<\/em><\/strong> et les <strong><em>budgets<\/em><\/strong>.<\/li>\n\n\n\n<li class=\"translation-block\">Os financiadores devem <strong><em>priorizar a preven\u00e7\u00e3o juntamente com o tratamento<\/em><\/strong>, enquanto cl\u00ednicos e comunidades devem <strong><em>promover persist\u00eancia, escolha e equidade nos cuidados com o HIV<\/em><\/strong>.<\/li>\n\n\n\n<li class=\"translation-block\"><strong><em>Des m\u00e9canismes juridiques sont n\u00e9cessaires pour garantir un financement durable<\/em><\/strong> et <strong><em>la responsabilit\u00e9<\/em><\/strong> ; les parlementaires devraient surveiller et s\u2019opposer aux projets de loi nuisibles et adopter des normes mondiales en mati\u00e8re d\u2019\u00e9galit\u00e9.<\/li>\n\n\n\n<li>Responder \u00e0 viol\u00eancia baseada em g\u00eanero (VBG) com abordagens centradas na sobrevivente, sem estigmas, para popula\u00e7\u00f5es-chave.<\/li>\n\n\n\n<li class=\"translation-block\">Adotar <strong><em>ferramentas de prioriza\u00e7\u00e3o para a presta\u00e7\u00e3o sustent\u00e1vel de servi\u00e7os de HIV e fortalecer plataformas de ANC<\/em><\/strong> <strong><em>para testes e tratamentos combinados<\/em><\/strong>.<\/li>\n\n\n\n<li class=\"translation-block\"><strong><em>Ampliar a fabrica\u00e7\u00e3o local e a prepara\u00e7\u00e3o regulat\u00f3ria<\/em><\/strong> para os produtos de HIV e integrar ferramentas digitais nas estrat\u00e9gias nacionais.<\/li>\n\n\n\n<li class=\"translation-block\">Acelerar <strong><em>o alinhamento de pol\u00edticas e a prepara\u00e7\u00e3o para as novas diretrizes da WHO<\/em><\/strong> e a implementa\u00e7\u00e3o de tratamentos.<\/li>\n\n\n\n<li class=\"translation-block\">Os <strong><em>l\u00edderes pol\u00edticos devem defender parcerias p\u00fablico-privadas<\/em><\/strong> e aprender com iniciativas como Accra Reset, Uganda Fast Track e Lusaka Agenda.<\/li>\n<\/ul>\n\n\n\n<figure class=\"wp-block-image size-large\"><img loading=\"lazy\" decoding=\"async\" width=\"1024\" height=\"768\" src=\"https:\/\/ajan.africa\/wp-content\/uploads\/2026\/02\/Picture15-1024x768.jpg\" alt=\"\" class=\"wp-image-19280\" srcset=\"https:\/\/ajan.africa\/wp-content\/uploads\/2026\/02\/Picture15-1024x768.jpg 1024w, https:\/\/ajan.africa\/wp-content\/uploads\/2026\/02\/Picture15-300x225.jpg 300w, https:\/\/ajan.africa\/wp-content\/uploads\/2026\/02\/Picture15-768x576.jpg 768w, https:\/\/ajan.africa\/wp-content\/uploads\/2026\/02\/Picture15-16x12.jpg 16w, https:\/\/ajan.africa\/wp-content\/uploads\/2026\/02\/Picture15.jpg 1169w\" sizes=\"(max-width: 1024px) 100vw, 1024px\" \/><\/figure>\n\n\n\n<blockquote class=\"wp-block-quote has-luminous-vivid-amber-background-color has-background is-layout-flow wp-block-quote-is-layout-flow\">\n<ul class=\"wp-block-list\">\n<li class=\"has-medium-font-size translation-block\">A \u00c1frica continua sendo o <strong>epicentro da epidemia<\/strong> (2\/3 de todas as pessoas vivendo com HIV), com <strong>23,6 milh\u00f5es de pessoas vivendo com HIV e 21,7 milh\u00f5es de PVVIH em TAR<\/strong>.<\/li>\n\n\n\n<li class=\"has-medium-font-size translation-block\"><strong>As mulheres<\/strong> suportam o maior fardo do HIV: mais infec\u00e7\u00f5es e mais mortes do que os homens no per\u00edodo 2010-2024.<\/li>\n\n\n\n<li class=\"has-medium-font-size translation-block\"><strong>Popula\u00e7\u00e3o-chave<\/strong> representa metade (49%) de todas as novas infec\u00e7\u00f5es em 2024, ocorridas entre a popula\u00e7\u00e3o-chave e seus parceiros; a taxa subiu em rela\u00e7\u00e3o a 44% em 2010.<\/li>\n\n\n\n<li class=\"has-medium-font-size translation-block\"><strong>Redu\u00e7\u00e3o de 56% nas novas infec\u00e7\u00f5es<\/strong> em compara\u00e7\u00e3o com 2010. Tamb\u00e9m, queda anual nas mortes relacionadas ao HIV em rela\u00e7\u00e3o a 2010. <strong>Queda acentuada nas infec\u00e7\u00f5es infantis em toda a \u00c1frica<\/strong> em compara\u00e7\u00e3o com o n\u00edvel de 2010.<\/li>\n<\/ul>\n\n\n\n<p>                                                                                                        <strong>***********<\/strong><\/p>\n\n\n\n<ul class=\"wp-block-list\">\n<li class=\"has-medium-font-size translation-block\">A PrEP de a\u00e7\u00e3o prolongada est\u00e1 transformando a preven\u00e7\u00e3o na \u00c1frica: <strong>inje\u00e7\u00e3o bimestral de Cabotegravir, inje\u00e7\u00e3o semestral de Lenacapavir<\/strong>, e <strong>anel vaginal mensal de Dapivirina<\/strong>. No entanto, permanecem desafios relacionados \u00e0 desigualdade social, limita\u00e7\u00f5es do sistema de sa\u00fade e \u00e0 necessidade de abordagens centradas na pessoa.<\/li>\n<\/ul>\n\n\n\n<p class=\"has-text-align-center\"><strong>*******<\/strong><\/p>\n<\/blockquote>\n\n\n\n<h3 class=\"wp-block-heading\"><strong>Conclus\u00e3o<\/strong><\/h3>\n\n\n\n<p>Ecoando um dos relat\u00f3rios: \u201cacabar com a transmiss\u00e3o do HIV requer mais do que rem\u00e9dios; exige lideran\u00e7a, empoderamento da comunidade, equidade e investimento sustentado na preven\u00e7\u00e3o\u201d.<\/p>\n\n\n\n<div class=\"wp-block-media-text is-stacked-on-mobile\"><figure class=\"wp-block-media-text__media\"><img loading=\"lazy\" decoding=\"async\" width=\"667\" height=\"500\" src=\"https:\/\/ajan.africa\/wp-content\/uploads\/2026\/02\/Picture9.jpg\" alt=\"\" class=\"wp-image-19279 size-full\" srcset=\"https:\/\/ajan.africa\/wp-content\/uploads\/2026\/02\/Picture9.jpg 667w, https:\/\/ajan.africa\/wp-content\/uploads\/2026\/02\/Picture9-300x225.jpg 300w, https:\/\/ajan.africa\/wp-content\/uploads\/2026\/02\/Picture9-16x12.jpg 16w\" sizes=\"(max-width: 667px) 100vw, 667px\" \/><\/figure><div class=\"wp-block-media-text__content\">\n<p>Nesse contexto, a 23\u00aa ICASA catalisou um compromisso renovado, inova\u00e7\u00e3o estrat\u00e9gica e colabora\u00e7\u00e3o entre setores para uma resposta eficiente ao HIV, TB e mal\u00e1ria. Abra\u00e7ar a medicina tradicional, avan\u00e7ar nas ci\u00eancias cl\u00ednicas, abordar barreiras sociais e fortalecer a lideran\u00e7a e o financiamento s\u00e3o centrais para alcan\u00e7ar o controle das epidemias e a equidade em sa\u00fade na \u00c1frica. As recomenda\u00e7\u00f5es apresentadas, entre outras, fornecem um roteiro para governos, comunidades e parceiros constru\u00edrem sistemas de sa\u00fade resilientes e sustent\u00e1veis e acabarem com a transmiss\u00e3o do HIV em todo o continente.<\/p>\n<\/div><\/div>\n\n\n\n<p class=\"translation-block\">Em \u00faltima an\u00e1lise, solu\u00e7\u00f5es sustent\u00e1veis para os desafios de sa\u00fade da \u00c1frica exigem esfor\u00e7os unidos em lideran\u00e7a, mobiliza\u00e7\u00e3o de recursos e empoderamento da comunidade. Como disse Osagyefo Dr. Kwame Nkrumah: \u201c<em>Divididos somos fracos; uma \u00c1frica unida poderia se tornar uma das maiores for\u00e7as para o bem no mundo.<\/em>\u201d<\/p>\n\n\n\n<p>A ICASA \u00e9 sempre reveladora. Nunca se sai dela da mesma forma. Sa\u00ed desta confer\u00eancia motivado e melhor preparado para continuar a combater pandemias, mortes evit\u00e1veis e a defender comunidades e indiv\u00edduos saud\u00e1veis para o bem-estar de todos. Sim, acredito que, como seres humanos, fazemos parte dos problemas do nosso continente, e somos n\u00f3s que devemos fornecer solu\u00e7\u00f5es, o que \u00e9 poss\u00edvel.<\/p>\n\n\n\n<p class=\"has-text-align-right translation-block\"><em>Por,<\/em> <strong>Fr. Matambura Ismael, SJ<\/strong>.<\/p>\n\n\n\n<p class=\"has-text-align-right\">Diretor da AJAN.<\/p>","protected":false},"excerpt":{"rendered":"<p>ICASA, a Moment of redesigning tools and Strategies in response to AIDS, TB and Malaria for a Healthier Continent. Introduction: Conference overview. The 23rd International Conference on AIDS and STIs in Africa (ICASA), organised biennially by the Society for AIDS in Africa (SAA), took place from 3 to 8 December<\/p>\n<p><a class=\"sd-more sd-all-trans\" href=\"https:\/\/ajan.africa\/pt\/ajan-at-23rd-icasa-accra-2025\/#more-19271\">consulte Mais informa\u00e7\u00e3o<\/a><\/p>","protected":false},"author":5,"featured_media":19272,"comment_status":"closed","ping_status":"open","sticky":false,"template":"","format":"standard","meta":{"om_disable_all_campaigns":false,"_monsterinsights_skip_tracking":false,"_monsterinsights_sitenote_active":false,"_monsterinsights_sitenote_note":"","_monsterinsights_sitenote_category":0,"footnotes":""},"categories":[98,111,132],"tags":[],"class_list":["post-19271","post","type-post","status-publish","format-standard","has-post-thumbnail","hentry","category-ajan-news-articles","category-global-health-corner","category-hiv-aids-updates"],"aioseo_notices":[],"_links":{"self":[{"href":"https:\/\/ajan.africa\/pt\/wp-json\/wp\/v2\/posts\/19271","targetHints":{"allow":["GET"]}}],"collection":[{"href":"https:\/\/ajan.africa\/pt\/wp-json\/wp\/v2\/posts"}],"about":[{"href":"https:\/\/ajan.africa\/pt\/wp-json\/wp\/v2\/types\/post"}],"author":[{"embeddable":true,"href":"https:\/\/ajan.africa\/pt\/wp-json\/wp\/v2\/users\/5"}],"replies":[{"embeddable":true,"href":"https:\/\/ajan.africa\/pt\/wp-json\/wp\/v2\/comments?post=19271"}],"version-history":[{"count":5,"href":"https:\/\/ajan.africa\/pt\/wp-json\/wp\/v2\/posts\/19271\/revisions"}],"predecessor-version":[{"id":19286,"href":"https:\/\/ajan.africa\/pt\/wp-json\/wp\/v2\/posts\/19271\/revisions\/19286"}],"wp:featuredmedia":[{"embeddable":true,"href":"https:\/\/ajan.africa\/pt\/wp-json\/wp\/v2\/media\/19272"}],"wp:attachment":[{"href":"https:\/\/ajan.africa\/pt\/wp-json\/wp\/v2\/media?parent=19271"}],"wp:term":[{"taxonomy":"category","embeddable":true,"href":"https:\/\/ajan.africa\/pt\/wp-json\/wp\/v2\/categories?post=19271"},{"taxonomy":"post_tag","embeddable":true,"href":"https:\/\/ajan.africa\/pt\/wp-json\/wp\/v2\/tags?post=19271"}],"curies":[{"name":"wp","href":"https:\/\/api.w.org\/{rel}","templated":true}]}}