{"id":19409,"date":"2026-02-24T12:14:12","date_gmt":"2026-02-24T12:14:12","guid":{"rendered":"https:\/\/ajan.africa\/?p=19409"},"modified":"2026-03-04T12:30:13","modified_gmt":"2026-03-04T12:30:13","slug":"living-a-quality-valentines-day-in-2026-awareness-session-by-centres-sociaux-loyola-csl-togo","status":"publish","type":"post","link":"https:\/\/ajan.africa\/pt\/living-a-quality-valentines-day-in-2026-awareness-session-by-centres-sociaux-loyola-csl-togo\/","title":{"rendered":"Vivendo um Dia dos Namorados de qualidade em 2026, Sess\u00e3o de sensibiliza\u00e7\u00e3o por Centres Sociaux Loyola (CSL), Togo"},"content":{"rendered":"<p>Por ocasi\u00e3o da comemora\u00e7\u00e3o do Dia dos Namorados, em 14 de fevereiro de 2026, um evento global que celebra o amor e a amizade, os Centres Sociaux Loyola (CSL) realizaram atividades de sensibiliza\u00e7\u00e3o para jovens aprendizes em uma escola de moda no Togo. O objetivo foi promover uma celebra\u00e7\u00e3o respons\u00e1vel desta data, respeitosa e orientada por valores para os jovens.<\/p>\n\n\n\n<p>De fato, a interpreta\u00e7\u00e3o desta data varia conforme os pa\u00edses e as culturas, sendo o ponto comum a troca de flores, presentes, palavras e gestos de aten\u00e7\u00e3o entre pessoas que se amam. \u00c9 tamb\u00e9m uma ocasi\u00e3o em que a press\u00e3o dos colegas e o desejo de agir ou parecer como os outros prevalecem. Diante do apelo enganoso dos presentes do dia, muitos jovens cedem a comportamentos de alto risco e posteriormente enfrentam consequ\u00eancias desastrosas.<\/p>\n\n\n\n<figure class=\"wp-block-image size-large\"><img fetchpriority=\"high\" decoding=\"async\" width=\"1024\" height=\"768\" src=\"https:\/\/ajan.africa\/wp-content\/uploads\/2026\/03\/CSL-ST-VAL-2-2-1024x768.jpg\" alt=\"\" class=\"wp-image-19412\" srcset=\"https:\/\/ajan.africa\/wp-content\/uploads\/2026\/03\/CSL-ST-VAL-2-2-1024x768.jpg 1024w, https:\/\/ajan.africa\/wp-content\/uploads\/2026\/03\/CSL-ST-VAL-2-2-300x225.jpg 300w, https:\/\/ajan.africa\/wp-content\/uploads\/2026\/03\/CSL-ST-VAL-2-2-768x576.jpg 768w, https:\/\/ajan.africa\/wp-content\/uploads\/2026\/03\/CSL-ST-VAL-2-2-1536x1152.jpg 1536w, https:\/\/ajan.africa\/wp-content\/uploads\/2026\/03\/CSL-ST-VAL-2-2-16x12.jpg 16w, https:\/\/ajan.africa\/wp-content\/uploads\/2026\/03\/CSL-ST-VAL-2-2.jpg 1920w\" sizes=\"(max-width: 1024px) 100vw, 1024px\" \/><\/figure>\n\n\n\n<p>Ent\u00e3o, como viver o Dia dos Namorados respeitando o car\u00e1ter sagrado do amor? Preservando seus valores? Respeitando o pr\u00f3prio corpo, as pr\u00f3prias escolhas e as dos outros?<\/p>\n\n\n\n<p>Essas s\u00e3o as perguntas \u00e0s quais esta sess\u00e3o de sensibiliza\u00e7\u00e3o deu respostas.<\/p>\n\n\n\n<p>Primeiramente, a principal facilitadora, Denise EKON, apresentou aos participantes a origem crist\u00e3 desta data por meio da hist\u00f3ria do santo padroeiro dos enamorados, S\u00e3o Valentim; foi uma primeira descoberta para a maioria dos participantes. Foi dada \u00eanfase especial ao car\u00e1ter sagrado do amor que S\u00e3o Valentim procurava preservar, bem como \u00e0 necessidade de respeit\u00e1-lo como uma ordem divina.<\/p>\n\n\n\n<p>Por meio de uma abordagem participativa de perguntas e respostas com pr\u00e9mios, os participantes foram convidados a partilhar as suas experi\u00eancias sobre as diferentes formas como os jovens celebram o Dia dos Namorados e a distinguir aquelas que podem construir daquelas que podem destruir o respeito, a dignidade, os sonhos, os projetos e as vidas.\n\nOs comportamentos de alto risco incluem novos encontros rom\u00e2nticos com desconhecidos, por vezes conhecidos nas redes sociais, rela\u00e7\u00f5es sexuais ocasionais, abuso de \u00e1lcool e outras subst\u00e2ncias estimulantes.<\/p>\n\n\n\n<p>Com base em exemplos de hist\u00f3rias reais partilhadas pelos participantes, a facilitadora conscientizou os participantes sobre as consequ\u00eancias desastrosas que frequentemente resultam dos comportamentos de alto risco mencionados anteriormente. Entre essas consequ\u00eancias est\u00e3o a perda de dignidade, a perda de valores, a inicia\u00e7\u00e3o sexual precoce ou for\u00e7ada, as gravidezes indesejadas, o abandono escolar, a contra\u00e7\u00e3o de IST\/HIV, os desaparecimentos e at\u00e9 mortes s\u00fabitas e prematuras.<\/p>\n\n\n\n<figure class=\"wp-block-image size-large\"><img decoding=\"async\" width=\"1024\" height=\"576\" src=\"https:\/\/ajan.africa\/wp-content\/uploads\/2026\/03\/CSL-ST-VAL-3-1024x576.jpg\" alt=\"\" class=\"wp-image-19413\" srcset=\"https:\/\/ajan.africa\/wp-content\/uploads\/2026\/03\/CSL-ST-VAL-3-1024x576.jpg 1024w, https:\/\/ajan.africa\/wp-content\/uploads\/2026\/03\/CSL-ST-VAL-3-300x169.jpg 300w, https:\/\/ajan.africa\/wp-content\/uploads\/2026\/03\/CSL-ST-VAL-3-768x432.jpg 768w, https:\/\/ajan.africa\/wp-content\/uploads\/2026\/03\/CSL-ST-VAL-3-1536x864.jpg 1536w, https:\/\/ajan.africa\/wp-content\/uploads\/2026\/03\/CSL-ST-VAL-3-18x10.jpg 18w, https:\/\/ajan.africa\/wp-content\/uploads\/2026\/03\/CSL-ST-VAL-3-274x155.jpg 274w, https:\/\/ajan.africa\/wp-content\/uploads\/2026\/03\/CSL-ST-VAL-3.jpg 1920w\" sizes=\"(max-width: 1024px) 100vw, 1024px\" \/><\/figure>\n\n\n\n<p class=\"translation-block\"><strong>Como celebrar o Dia dos Namorados?<\/strong><br>Como pessoas envolvidas numa rela\u00e7\u00e3o sincera, \u00e9 uma ocasi\u00e3o para demonstrar afeto e apego \u00e0 pessoa amada. Pode-se oferecer flores, presentes, mensagens carinhosas, passeios rom\u00e2nticos, conforme cada um sabe fazer bem. Mas tudo isso n\u00e3o \u00e9 suficiente.\n\n\u00c9 tamb\u00e9m um momento para fazer uma reflex\u00e3o, para ouvir com mais aten\u00e7\u00e3o a pessoa amada, para aprender a amar de forma diferente, sincera e verdadeira, em todas as suas dimens\u00f5es, e n\u00e3o apenas atrav\u00e9s do sexo. Devemos respeitar o corpo, as convic\u00e7\u00f5es, as escolhas e os valores das pessoas que amamos, se realmente as amamos e queremos contribuir positivamente para a realiza\u00e7\u00e3o dos seus objetivos.<\/p>\n\n\n\n<p>Para n\u00f3s, jovens ainda em busca do verdadeiro amor, n\u00e3o \u00e9 necess\u00e1rio apressar-nos, procurar estar em casal a todo custo, ao ponto de nos envolvermos em pr\u00e1ticas e comportamentos que podem destruir nossas vidas e sacrificar nossos sonhos.\n\nO Dia dos Namorados \u00e9 tamb\u00e9m uma oportunidade para percebermos que somos criaturas amadas pelo nosso Deus. \u00c9 ben\u00e9fico fazermos um balan\u00e7o do nosso relacionamento com Deus, conosco mesmos e com os outros.\n\n\u00c9 importante lembrar que o nosso corpo, assim como o dos outros, \u00e9 um templo do Esp\u00edrito Santo. Devemos, portanto, respeitar esses corpos e evitar us\u00e1-los como objetos para satisfazer nossos desejos sexuais. O verdadeiro amor se prepara desde agora. Devemos aprender o autocontrole, fazer escolhas conscientes e, acima de tudo, estabelecer limites, se necess\u00e1rio.\n\nTamb\u00e9m podemos aproveitar a ocasi\u00e3o para expressar gratid\u00e3o \u00e0queles que nos amam incondicionalmente. E, acima de tudo, devemos orar, confiando nossos desejos e necessidades emocionais a Deus, que \u00e9 o \u00fanico capaz de atender \u00e0s nossas expectativas.<\/p>\n\n\n\n<p class=\"translation-block\">A participa\u00e7\u00e3o foi muito ativa, manifestando-se atrav\u00e9s de perguntas, contribui\u00e7\u00f5es, partilha de experi\u00eancias e conselhos entre os jovens.<br>Para estas discuss\u00f5es frut\u00edferas, 60 aprendizes participaram e foram aconselhados a cultivar prud\u00eancia e vigil\u00e2ncia em rela\u00e7\u00e3o aos seus comportamentos ligados \u00e0s interpreta\u00e7\u00f5es desta celebra\u00e7\u00e3o. Foram convidados a n\u00e3o se deixarem distrair pela press\u00e3o dos colegas ou pelo apelo enganoso dos presentes, que \u00e0s vezes leva a dizer sim quando se deveria dizer n\u00e3o; a continuar defendendo os seus princ\u00edpios e valores. Os participantes tamb\u00e9m foram convidados a transmitir a mensagem ao seu redor atrav\u00e9s dos seus comportamentos.<\/p>\n\n\n\n<p class=\"has-text-align-right translation-block\"><em>Por<\/em>, <strong>Denise EKON<\/strong>,<\/p>\n\n\n\n<p class=\"has-text-align-right\">Conselheira psicossocial e Assistente Executiva na CSL.<\/p>","protected":false},"excerpt":{"rendered":"<p>On the occasion of the commemoration of Valentine\u2019s Day, 14th February 2026, a global event celebrating love and friendship, the Centres Sociaux Loyola (CSL) conducted awareness activities for young learners at a fashion school in Togo. The goal was to promote a responsible celebration of this holiday, respectful and value-driven<\/p>\n<p><a class=\"sd-more sd-all-trans\" href=\"https:\/\/ajan.africa\/pt\/living-a-quality-valentines-day-in-2026-awareness-session-by-centres-sociaux-loyola-csl-togo\/#more-19409\">consulte Mais informa\u00e7\u00e3o<\/a><\/p>","protected":false},"author":5,"featured_media":19411,"comment_status":"closed","ping_status":"open","sticky":false,"template":"","format":"standard","meta":{"om_disable_all_campaigns":false,"_monsterinsights_skip_tracking":false,"_monsterinsights_sitenote_active":false,"_monsterinsights_sitenote_note":"","_monsterinsights_sitenote_category":0,"footnotes":""},"categories":[98],"tags":[],"class_list":["post-19409","post","type-post","status-publish","format-standard","has-post-thumbnail","hentry","category-ajan-news-articles"],"aioseo_notices":[],"_links":{"self":[{"href":"https:\/\/ajan.africa\/pt\/wp-json\/wp\/v2\/posts\/19409","targetHints":{"allow":["GET"]}}],"collection":[{"href":"https:\/\/ajan.africa\/pt\/wp-json\/wp\/v2\/posts"}],"about":[{"href":"https:\/\/ajan.africa\/pt\/wp-json\/wp\/v2\/types\/post"}],"author":[{"embeddable":true,"href":"https:\/\/ajan.africa\/pt\/wp-json\/wp\/v2\/users\/5"}],"replies":[{"embeddable":true,"href":"https:\/\/ajan.africa\/pt\/wp-json\/wp\/v2\/comments?post=19409"}],"version-history":[{"count":3,"href":"https:\/\/ajan.africa\/pt\/wp-json\/wp\/v2\/posts\/19409\/revisions"}],"predecessor-version":[{"id":19416,"href":"https:\/\/ajan.africa\/pt\/wp-json\/wp\/v2\/posts\/19409\/revisions\/19416"}],"wp:featuredmedia":[{"embeddable":true,"href":"https:\/\/ajan.africa\/pt\/wp-json\/wp\/v2\/media\/19411"}],"wp:attachment":[{"href":"https:\/\/ajan.africa\/pt\/wp-json\/wp\/v2\/media?parent=19409"}],"wp:term":[{"taxonomy":"category","embeddable":true,"href":"https:\/\/ajan.africa\/pt\/wp-json\/wp\/v2\/categories?post=19409"},{"taxonomy":"post_tag","embeddable":true,"href":"https:\/\/ajan.africa\/pt\/wp-json\/wp\/v2\/tags?post=19409"}],"curies":[{"name":"wp","href":"https:\/\/api.w.org\/{rel}","templated":true}]}}