{"id":19532,"date":"2026-03-27T11:15:10","date_gmt":"2026-03-27T11:15:10","guid":{"rendered":"https:\/\/ajan.africa\/?p=19532"},"modified":"2026-03-27T14:25:12","modified_gmt":"2026-03-27T14:25:12","slug":"mohamed-kamara-peter-the-face-behind-crest-tech-innovation","status":"publish","type":"post","link":"https:\/\/ajan.africa\/pt\/mohamed-kamara-peter-the-face-behind-crest-tech-innovation\/","title":{"rendered":"Mohamed Kamara Peter, o rosto por tr\u00e1s da Crest Tech Innovation"},"content":{"rendered":"<h2 class=\"wp-block-heading has-text-align-center\"><strong>Tecnologia inovadora como sala de aula para a gera\u00e7\u00e3o digital<\/strong><\/h2>\n\n\n\n<p class=\"translation-block\">Mohamed Kamara Peter est\u00e1 promovendo mudan\u00e7as em uma comunidade onde a eletricidade inst\u00e1vel continua a dificultar os neg\u00f3cios, limitar o acesso a servi\u00e7os de qualidade e amea\u00e7ar a sustentabilidade a longo prazo. Como paroquiano da Par\u00f3quia S\u00e3o Jo\u00e3o Paulo II em Freetown, Serra Leoa, ele lidera a <strong>Crest Tech Innovation<\/strong> em uma das \u00e1reas mais propensas a inunda\u00e7\u00f5es e economicamente vulner\u00e1veis da cidade. Atrav\u00e9s do treinamento <strong>Jesuit Youth Social Entrepreneurship Action (JYSEA)<\/strong> da AJAN, ele recebeu tanto forma\u00e7\u00e3o quanto apoio financeiro direcionado para fortalecer seu hub tecnol\u00f3gico e expandir seu alcance.<\/p>\n\n\n\n<div class=\"wp-block-group is-nowrap is-layout-flex wp-container-core-group-is-layout-ad2f72ca wp-block-group-is-layout-flex\">\n<figure class=\"wp-block-image size-full\"><img fetchpriority=\"high\" decoding=\"async\" width=\"443\" height=\"590\" src=\"https:\/\/ajan.africa\/wp-content\/uploads\/2026\/03\/615439050_122265444716036212_1945303699089508283_n.jpg\" alt=\"\" class=\"wp-image-19534\" srcset=\"https:\/\/ajan.africa\/wp-content\/uploads\/2026\/03\/615439050_122265444716036212_1945303699089508283_n.jpg 443w, https:\/\/ajan.africa\/wp-content\/uploads\/2026\/03\/615439050_122265444716036212_1945303699089508283_n-225x300.jpg 225w, https:\/\/ajan.africa\/wp-content\/uploads\/2026\/03\/615439050_122265444716036212_1945303699089508283_n-9x12.jpg 9w\" sizes=\"(max-width: 443px) 100vw, 443px\" \/><\/figure>\n\n\n\n<figure class=\"wp-block-image size-full\"><img decoding=\"async\" width=\"590\" height=\"443\" src=\"https:\/\/ajan.africa\/wp-content\/uploads\/2026\/03\/616427124_122265444812036212_5445867567129692834_n.jpg\" alt=\"\" class=\"wp-image-19538\" srcset=\"https:\/\/ajan.africa\/wp-content\/uploads\/2026\/03\/616427124_122265444812036212_5445867567129692834_n.jpg 590w, https:\/\/ajan.africa\/wp-content\/uploads\/2026\/03\/616427124_122265444812036212_5445867567129692834_n-300x225.jpg 300w, https:\/\/ajan.africa\/wp-content\/uploads\/2026\/03\/616427124_122265444812036212_5445867567129692834_n-16x12.jpg 16w\" sizes=\"(max-width: 590px) 100vw, 590px\" \/><\/figure>\n<\/div>\n\n\n\n<p class=\"translation-block\">Reconhecendo o compromisso de Mohamed em servir sua comunidade ap\u00f3s seus estudos de p\u00f3s-gradua\u00e7\u00e3o, a AJAN acompanhou sua vis\u00e3o desde o conceito at\u00e9 a implementa\u00e7\u00e3o. Atrav\u00e9s de mentoria, desenvolvimento de plano de neg\u00f3cios e financiamento inicial, a AJAN ajudou a transformar a Crest Tech Innovation em uma empresa social estruturada e impactante. Apesar dos desafios iniciais \u2014 marcados por eletricidade inst\u00e1vel e equipamentos de TIC limitados \u2014 o hub passou por uma transforma\u00e7\u00e3o significativa. Hoje, opera com um sistema solar confi\u00e1vel, equipado com desktops e laptops atualizados, permitindo aprendizado flex\u00edvel e eficiente para mais de <strong>70 benefici\u00e1rios diretos e indiretos<\/strong>.<\/p>\n\n\n\n<figure class=\"wp-block-image size-large\"><img decoding=\"async\" width=\"1024\" height=\"466\" src=\"https:\/\/ajan.africa\/wp-content\/uploads\/2026\/03\/579034213_122257301402036212_6057393814676229267_n-1024x466.jpg\" alt=\"\" class=\"wp-image-19539\" srcset=\"https:\/\/ajan.africa\/wp-content\/uploads\/2026\/03\/579034213_122257301402036212_6057393814676229267_n-1024x466.jpg 1024w, https:\/\/ajan.africa\/wp-content\/uploads\/2026\/03\/579034213_122257301402036212_6057393814676229267_n-300x137.jpg 300w, https:\/\/ajan.africa\/wp-content\/uploads\/2026\/03\/579034213_122257301402036212_6057393814676229267_n-768x350.jpg 768w, https:\/\/ajan.africa\/wp-content\/uploads\/2026\/03\/579034213_122257301402036212_6057393814676229267_n-18x8.jpg 18w, https:\/\/ajan.africa\/wp-content\/uploads\/2026\/03\/579034213_122257301402036212_6057393814676229267_n.jpg 1080w\" sizes=\"(max-width: 1024px) 100vw, 1024px\" \/><\/figure>\n\n\n\n<p>O hub agora oferece um programa de treinamento din\u00e2mico e inclusivo, que responde \u00e0s realidades da economia digital atual. Desde a alfabetiza\u00e7\u00e3o digital b\u00e1sica at\u00e9 habilidades digitais vocacionais, passando pela introdu\u00e7\u00e3o ao desenvolvimento web e \u00e0 programa\u00e7\u00e3o em IA, cada trilha de aprendizado \u00e9 projetada para desenvolver compet\u00eancia e confian\u00e7a. Enraizado na tradi\u00e7\u00e3o inaciana, o modelo de treinamento enfatiza o acompanhamento: os aprendizes progridem por meio de mentoria entre pares e orienta\u00e7\u00e3o de facilitadores treinados, promovendo tanto o crescimento t\u00e9cnico quanto o desenvolvimento pessoal.<\/p>\n\n\n\n<div class=\"wp-block-group is-nowrap is-layout-flex wp-container-core-group-is-layout-ad2f72ca wp-block-group-is-layout-flex\">\n<figure class=\"wp-block-image size-full\"><img loading=\"lazy\" decoding=\"async\" width=\"369\" height=\"315\" src=\"https:\/\/ajan.africa\/wp-content\/uploads\/2026\/03\/Picture18.jpg\" alt=\"\" class=\"wp-image-19535\" srcset=\"https:\/\/ajan.africa\/wp-content\/uploads\/2026\/03\/Picture18.jpg 369w, https:\/\/ajan.africa\/wp-content\/uploads\/2026\/03\/Picture18-300x256.jpg 300w, https:\/\/ajan.africa\/wp-content\/uploads\/2026\/03\/Picture18-14x12.jpg 14w\" sizes=\"(max-width: 369px) 100vw, 369px\" \/><\/figure>\n\n\n\n<figure class=\"wp-block-image size-full\"><img loading=\"lazy\" decoding=\"async\" width=\"389\" height=\"316\" src=\"https:\/\/ajan.africa\/wp-content\/uploads\/2026\/03\/Picture17.jpg\" alt=\"\" class=\"wp-image-19537\" srcset=\"https:\/\/ajan.africa\/wp-content\/uploads\/2026\/03\/Picture17.jpg 389w, https:\/\/ajan.africa\/wp-content\/uploads\/2026\/03\/Picture17-300x244.jpg 300w, https:\/\/ajan.africa\/wp-content\/uploads\/2026\/03\/Picture17-15x12.jpg 15w\" sizes=\"(max-width: 389px) 100vw, 389px\" \/><\/figure>\n<\/div>\n\n\n\n<div class=\"wp-block-group is-nowrap is-layout-flex wp-container-core-group-is-layout-ad2f72ca wp-block-group-is-layout-flex\">\n<figure class=\"wp-block-image size-full\"><img loading=\"lazy\" decoding=\"async\" width=\"338\" height=\"328\" src=\"https:\/\/ajan.africa\/wp-content\/uploads\/2026\/03\/Picture15.jpg\" alt=\"\" class=\"wp-image-19541\" srcset=\"https:\/\/ajan.africa\/wp-content\/uploads\/2026\/03\/Picture15.jpg 338w, https:\/\/ajan.africa\/wp-content\/uploads\/2026\/03\/Picture15-300x291.jpg 300w, https:\/\/ajan.africa\/wp-content\/uploads\/2026\/03\/Picture15-12x12.jpg 12w\" sizes=\"(max-width: 338px) 100vw, 338px\" \/><\/figure>\n\n\n\n<figure class=\"wp-block-image size-full\"><img loading=\"lazy\" decoding=\"async\" width=\"360\" height=\"329\" src=\"https:\/\/ajan.africa\/wp-content\/uploads\/2026\/03\/Picture16.jpg\" alt=\"\" class=\"wp-image-19542\" srcset=\"https:\/\/ajan.africa\/wp-content\/uploads\/2026\/03\/Picture16.jpg 360w, https:\/\/ajan.africa\/wp-content\/uploads\/2026\/03\/Picture16-300x274.jpg 300w, https:\/\/ajan.africa\/wp-content\/uploads\/2026\/03\/Picture16-13x12.jpg 13w, https:\/\/ajan.africa\/wp-content\/uploads\/2026\/03\/Picture16-75x70.jpg 75w\" sizes=\"(max-width: 360px) 100vw, 360px\" \/><\/figure>\n<\/div>\n\n\n\n<p>O apoio da AJAN \u00e0 Crest Tech Innovation reflete seu compromisso mais amplo de enfrentar os desafios interconectados da pobreza, exclus\u00e3o e acesso digital limitado. Ao promover a alfabetiza\u00e7\u00e3o digital como um caminho para oportunidades, a AJAN garante que os jovens n\u00e3o fiquem para tr\u00e1s em um mundo cada vez mais digital. O hub tamb\u00e9m serve como um ponto de entrada estrat\u00e9gico para um engajamento mais amplo, conectando benefici\u00e1rios a iniciativas de comunica\u00e7\u00e3o em sa\u00fade, programas de capacita\u00e7\u00e3o juvenil e oportunidades geradoras de renda. Os graduados passaram a contribuir como criadores de conte\u00fado digital e freelancers, demonstrando o impacto concreto desse investimento.<\/p>\n\n\n\n<p>Por meio de iniciativas como a Crest Tech Innovation, a AJAN continua a promover uma vis\u00e3o de empreendedorismo social que \u00e9 ao mesmo tempo pr\u00e1tica e transformadora. \u00c9 uma resposta que combina inova\u00e7\u00e3o com compaix\u00e3o, capacitando jovens como Mohamed a se tornarem agentes de mudan\u00e7a em suas comunidades.<\/p>\n\n\n\n<figure class=\"wp-block-image size-full is-resized\"><img loading=\"lazy\" decoding=\"async\" width=\"500\" height=\"235\" src=\"https:\/\/ajan.africa\/wp-content\/uploads\/2026\/03\/Picture14.jpg\" alt=\"\" class=\"wp-image-19540\" style=\"width:832px;height:auto\" srcset=\"https:\/\/ajan.africa\/wp-content\/uploads\/2026\/03\/Picture14.jpg 500w, https:\/\/ajan.africa\/wp-content\/uploads\/2026\/03\/Picture14-300x141.jpg 300w, https:\/\/ajan.africa\/wp-content\/uploads\/2026\/03\/Picture14-18x8.jpg 18w\" sizes=\"(max-width: 500px) 100vw, 500px\" \/><\/figure>\n\n\n\n<p>Enquanto Mohamed desliga a \u00faltima esta\u00e7\u00e3o de trabalho ao final do dia, l\u00e1 fora, Freetown vibra com o barulho de uma cidade em movimento perp\u00e9tuo; dentro da Crest Tech Innovation, algo mais silencioso e duradouro est\u00e1 sendo constru\u00eddo, uma tecla de cada vez. Seu trabalho reflete mais do que avan\u00e7o tecnol\u00f3gico \u2014 fala de resili\u00eancia, prop\u00f3sito e da transforma\u00e7\u00e3o silenciosa, mas constante, das vidas, uma oportunidade de cada vez.<\/p>","protected":false},"excerpt":{"rendered":"<p>Innovative Technology as a Classroom for the Digital Generation Mohamed Kamara Peter is driving change in a community where unreliable electricity continues to hinder businesses, limit access to quality services, and threaten long-term sustainability. As a parishioner of St. John Paul II Parish in Freetown, Sierra Leone, he leads Crest<\/p>\n<p><a class=\"sd-more sd-all-trans\" href=\"https:\/\/ajan.africa\/pt\/mohamed-kamara-peter-the-face-behind-crest-tech-innovation\/#more-19532\">consulte Mais informa\u00e7\u00e3o<\/a><\/p>","protected":false},"author":5,"featured_media":19536,"comment_status":"closed","ping_status":"open","sticky":false,"template":"","format":"standard","meta":{"om_disable_all_campaigns":false,"_monsterinsights_skip_tracking":false,"_monsterinsights_sitenote_active":false,"_monsterinsights_sitenote_note":"","_monsterinsights_sitenote_category":0,"footnotes":""},"categories":[98,139],"tags":[],"class_list":["post-19532","post","type-post","status-publish","format-standard","has-post-thumbnail","hentry","category-ajan-news-articles","category-jysea-innovation-hubs"],"aioseo_notices":[],"_links":{"self":[{"href":"https:\/\/ajan.africa\/pt\/wp-json\/wp\/v2\/posts\/19532","targetHints":{"allow":["GET"]}}],"collection":[{"href":"https:\/\/ajan.africa\/pt\/wp-json\/wp\/v2\/posts"}],"about":[{"href":"https:\/\/ajan.africa\/pt\/wp-json\/wp\/v2\/types\/post"}],"author":[{"embeddable":true,"href":"https:\/\/ajan.africa\/pt\/wp-json\/wp\/v2\/users\/5"}],"replies":[{"embeddable":true,"href":"https:\/\/ajan.africa\/pt\/wp-json\/wp\/v2\/comments?post=19532"}],"version-history":[{"count":2,"href":"https:\/\/ajan.africa\/pt\/wp-json\/wp\/v2\/posts\/19532\/revisions"}],"predecessor-version":[{"id":19571,"href":"https:\/\/ajan.africa\/pt\/wp-json\/wp\/v2\/posts\/19532\/revisions\/19571"}],"wp:featuredmedia":[{"embeddable":true,"href":"https:\/\/ajan.africa\/pt\/wp-json\/wp\/v2\/media\/19536"}],"wp:attachment":[{"href":"https:\/\/ajan.africa\/pt\/wp-json\/wp\/v2\/media?parent=19532"}],"wp:term":[{"taxonomy":"category","embeddable":true,"href":"https:\/\/ajan.africa\/pt\/wp-json\/wp\/v2\/categories?post=19532"},{"taxonomy":"post_tag","embeddable":true,"href":"https:\/\/ajan.africa\/pt\/wp-json\/wp\/v2\/tags?post=19532"}],"curies":[{"name":"wp","href":"https:\/\/api.w.org\/{rel}","templated":true}]}}