{"id":19557,"date":"2026-03-27T09:40:46","date_gmt":"2026-03-27T09:40:46","guid":{"rendered":"https:\/\/ajan.africa\/?p=19557"},"modified":"2026-03-27T11:06:58","modified_gmt":"2026-03-27T11:06:58","slug":"st-joseph-technical-students-participate-in-ycs-rally-at-loreto-limuru-kenya","status":"publish","type":"post","link":"https:\/\/ajan.africa\/pt\/st-joseph-technical-students-participate-in-ycs-rally-at-loreto-limuru-kenya\/","title":{"rendered":"Os estudantes t\u00e9cnicos de St. Joseph participam do encontro da YCS em Loreto Limuru, Qu\u00eania."},"content":{"rendered":"<p>No s\u00e1bado, 14 de mar\u00e7o de 2026, estudantes da St. Joseph Technical Senior School, sob os St. Joseph Development Programmes (SJDP), um dos centros da AJAN em Kangemi, Nairobi, Qu\u00eania, juntaram-se a alunos de toda a Arquidiocese de Nairobi para o encontro dos Young Christian Students (YCS), realizado na Loreto Limuru High School. O evento proporcionou uma plataforma vibrante para os jovens crescerem na f\u00e9, ouvirem palestras inspiradoras e se conectarem com colegas de outras escolas.<\/p>\n\n\n\n<figure class=\"wp-block-image size-large\"><img fetchpriority=\"high\" decoding=\"async\" width=\"1024\" height=\"575\" src=\"https:\/\/ajan.africa\/wp-content\/uploads\/2026\/03\/652741579_17880088887483318_8424233838779792469_n-1024x575.jpg\" alt=\"\" class=\"wp-image-19558\" srcset=\"https:\/\/ajan.africa\/wp-content\/uploads\/2026\/03\/652741579_17880088887483318_8424233838779792469_n-1024x575.jpg 1024w, https:\/\/ajan.africa\/wp-content\/uploads\/2026\/03\/652741579_17880088887483318_8424233838779792469_n-300x168.jpg 300w, https:\/\/ajan.africa\/wp-content\/uploads\/2026\/03\/652741579_17880088887483318_8424233838779792469_n-768x431.jpg 768w, https:\/\/ajan.africa\/wp-content\/uploads\/2026\/03\/652741579_17880088887483318_8424233838779792469_n-18x10.jpg 18w, https:\/\/ajan.africa\/wp-content\/uploads\/2026\/03\/652741579_17880088887483318_8424233838779792469_n-274x155.jpg 274w, https:\/\/ajan.africa\/wp-content\/uploads\/2026\/03\/652741579_17880088887483318_8424233838779792469_n.jpg 1440w\" sizes=\"(max-width: 1024px) 100vw, 1024px\" \/><\/figure>\n\n\n\n<div class=\"wp-block-group is-nowrap is-layout-flex wp-container-core-group-is-layout-ad2f72ca wp-block-group-is-layout-flex\">\n<figure class=\"wp-block-image size-large\"><img decoding=\"async\" width=\"1024\" height=\"575\" src=\"https:\/\/ajan.africa\/wp-content\/uploads\/2026\/03\/652695475_17880088998483318_5789206429364488422_n-1-1024x575.jpg\" alt=\"\" class=\"wp-image-19564\" srcset=\"https:\/\/ajan.africa\/wp-content\/uploads\/2026\/03\/652695475_17880088998483318_5789206429364488422_n-1-1024x575.jpg 1024w, https:\/\/ajan.africa\/wp-content\/uploads\/2026\/03\/652695475_17880088998483318_5789206429364488422_n-1-300x168.jpg 300w, https:\/\/ajan.africa\/wp-content\/uploads\/2026\/03\/652695475_17880088998483318_5789206429364488422_n-1-768x431.jpg 768w, https:\/\/ajan.africa\/wp-content\/uploads\/2026\/03\/652695475_17880088998483318_5789206429364488422_n-1-18x10.jpg 18w, https:\/\/ajan.africa\/wp-content\/uploads\/2026\/03\/652695475_17880088998483318_5789206429364488422_n-1-274x155.jpg 274w, https:\/\/ajan.africa\/wp-content\/uploads\/2026\/03\/652695475_17880088998483318_5789206429364488422_n-1.jpg 1440w\" sizes=\"(max-width: 1024px) 100vw, 1024px\" \/><\/figure>\n\n\n\n<figure class=\"wp-block-image size-large\"><img decoding=\"async\" width=\"1024\" height=\"576\" src=\"https:\/\/ajan.africa\/wp-content\/uploads\/2026\/03\/651459372_17880089010483318_135330328739167242_n-1024x576.jpg\" alt=\"\" class=\"wp-image-19563\" srcset=\"https:\/\/ajan.africa\/wp-content\/uploads\/2026\/03\/651459372_17880089010483318_135330328739167242_n-1024x576.jpg 1024w, https:\/\/ajan.africa\/wp-content\/uploads\/2026\/03\/651459372_17880089010483318_135330328739167242_n-300x169.jpg 300w, https:\/\/ajan.africa\/wp-content\/uploads\/2026\/03\/651459372_17880089010483318_135330328739167242_n-768x432.jpg 768w, https:\/\/ajan.africa\/wp-content\/uploads\/2026\/03\/651459372_17880089010483318_135330328739167242_n-18x10.jpg 18w, https:\/\/ajan.africa\/wp-content\/uploads\/2026\/03\/651459372_17880089010483318_135330328739167242_n-274x155.jpg 274w, https:\/\/ajan.africa\/wp-content\/uploads\/2026\/03\/651459372_17880089010483318_135330328739167242_n.jpg 1440w\" sizes=\"(max-width: 1024px) 100vw, 1024px\" \/><\/figure>\n<\/div>\n\n\n\n<p>Um dos momentos principais do dia foi a sess\u00e3o de conscientiza\u00e7\u00e3o vocacional, que incentivou os participantes a refletirem sobre as diferentes voca\u00e7\u00f5es de vida. Um palestrante leigo partilhou reflex\u00f5es sobre o matrim\u00f4nio como voca\u00e7\u00e3o crist\u00e3, enquanto padres e homens e mulheres consagrados falaram sobre responder ao chamado de Deus atrav\u00e9s da vida religiosa \u2014 como irm\u00e3s, irm\u00e3os e padres na Igreja Cat\u00f3lica.<\/p>\n\n\n\n<figure class=\"wp-block-image size-large\"><img loading=\"lazy\" decoding=\"async\" width=\"1024\" height=\"576\" src=\"https:\/\/ajan.africa\/wp-content\/uploads\/2026\/03\/651507082_17880088914483318_4629871796546058939_n-1024x576.jpg\" alt=\"\" class=\"wp-image-19559\" srcset=\"https:\/\/ajan.africa\/wp-content\/uploads\/2026\/03\/651507082_17880088914483318_4629871796546058939_n-1024x576.jpg 1024w, https:\/\/ajan.africa\/wp-content\/uploads\/2026\/03\/651507082_17880088914483318_4629871796546058939_n-300x169.jpg 300w, https:\/\/ajan.africa\/wp-content\/uploads\/2026\/03\/651507082_17880088914483318_4629871796546058939_n-768x432.jpg 768w, https:\/\/ajan.africa\/wp-content\/uploads\/2026\/03\/651507082_17880088914483318_4629871796546058939_n-18x10.jpg 18w, https:\/\/ajan.africa\/wp-content\/uploads\/2026\/03\/651507082_17880088914483318_4629871796546058939_n-274x155.jpg 274w, https:\/\/ajan.africa\/wp-content\/uploads\/2026\/03\/651507082_17880088914483318_4629871796546058939_n.jpg 1440w\" sizes=\"(max-width: 1024px) 100vw, 1024px\" \/><\/figure>\n\n\n\n<p class=\"translation-block\">Os estudantes tamb\u00e9m foram inspirados pelo Pe. Morris, que apresentou os <strong>5 F\u2019s of Faithfulness<\/strong> :<\/p>\n\n\n\n<ul class=\"wp-block-list\">\n<li class=\"translation-block\"><strong>Filtrar<\/strong> \u2013 Deixar Jesus moldar a forma como vemos e vivemos as nossas vidas.<\/li>\n\n\n\n<li class=\"translation-block\"><strong>Focus<\/strong> \u2013 Buscar o autoconhecimento e discernir o chamado de Deus para voc\u00ea.<\/li>\n\n\n\n<li class=\"translation-block\"><strong>Medo<\/strong> \u2013 Com f\u00e9, o medo perde o seu poder.<\/li>\n\n\n\n<li class=\"translation-block\"><strong>Levar at\u00e9 o fim<\/strong> \u2013 Permanecer comprometido e fiel ao seu prop\u00f3sito.<\/li>\n\n\n\n<li class=\"translation-block\"><strong>Realiza\u00e7\u00e3o<\/strong> \u2013 A verdadeira realiza\u00e7\u00e3o encontra-se em Cristo.<\/li>\n<\/ul>\n\n\n\n<p>O dia terminou com a Santa Missa, reunindo todos os participantes em ora\u00e7\u00e3o e a\u00e7\u00e3o de gra\u00e7as. Os estudantes da Saint Joseph Technical regressaram a Kangemi fortalecidos na f\u00e9, na amizade e com uma compreens\u00e3o renovada da sua voca\u00e7\u00e3o e do seu prop\u00f3sito.<\/p>\n\n\n\n<div class=\"wp-block-group is-nowrap is-layout-flex wp-container-core-group-is-layout-ad2f72ca wp-block-group-is-layout-flex\">\n<figure class=\"wp-block-image size-large\"><img loading=\"lazy\" decoding=\"async\" width=\"1024\" height=\"576\" src=\"https:\/\/ajan.africa\/wp-content\/uploads\/2026\/03\/651559668_17880088974483318_8424207290673344351_n-1024x576.jpg\" alt=\"\" class=\"wp-image-19560\" srcset=\"https:\/\/ajan.africa\/wp-content\/uploads\/2026\/03\/651559668_17880088974483318_8424207290673344351_n-1024x576.jpg 1024w, https:\/\/ajan.africa\/wp-content\/uploads\/2026\/03\/651559668_17880088974483318_8424207290673344351_n-300x169.jpg 300w, https:\/\/ajan.africa\/wp-content\/uploads\/2026\/03\/651559668_17880088974483318_8424207290673344351_n-768x432.jpg 768w, https:\/\/ajan.africa\/wp-content\/uploads\/2026\/03\/651559668_17880088974483318_8424207290673344351_n-18x10.jpg 18w, https:\/\/ajan.africa\/wp-content\/uploads\/2026\/03\/651559668_17880088974483318_8424207290673344351_n-274x155.jpg 274w, https:\/\/ajan.africa\/wp-content\/uploads\/2026\/03\/651559668_17880088974483318_8424207290673344351_n.jpg 1440w\" sizes=\"(max-width: 1024px) 100vw, 1024px\" \/><\/figure>\n\n\n\n<figure class=\"wp-block-image size-large\"><img loading=\"lazy\" decoding=\"async\" width=\"1024\" height=\"576\" src=\"https:\/\/ajan.africa\/wp-content\/uploads\/2026\/03\/651563061_17880089028483318_7263381703847485323_n-1024x576.jpg\" alt=\"\" class=\"wp-image-19561\" srcset=\"https:\/\/ajan.africa\/wp-content\/uploads\/2026\/03\/651563061_17880089028483318_7263381703847485323_n-1024x576.jpg 1024w, https:\/\/ajan.africa\/wp-content\/uploads\/2026\/03\/651563061_17880089028483318_7263381703847485323_n-300x169.jpg 300w, https:\/\/ajan.africa\/wp-content\/uploads\/2026\/03\/651563061_17880089028483318_7263381703847485323_n-768x432.jpg 768w, https:\/\/ajan.africa\/wp-content\/uploads\/2026\/03\/651563061_17880089028483318_7263381703847485323_n-18x10.jpg 18w, https:\/\/ajan.africa\/wp-content\/uploads\/2026\/03\/651563061_17880089028483318_7263381703847485323_n-274x155.jpg 274w, https:\/\/ajan.africa\/wp-content\/uploads\/2026\/03\/651563061_17880089028483318_7263381703847485323_n.jpg 1440w\" sizes=\"(max-width: 1024px) 100vw, 1024px\" \/><\/figure>\n<\/div>\n\n\n\n<p>Como um dos centros ativos da AJAN, a Saint Joseph Technical Senior School continua a desempenhar um papel vital na promo\u00e7\u00e3o do crescimento espiritual, da resili\u00eancia e da lideran\u00e7a dos jovens. Atrav\u00e9s de iniciativas como o encontro da YCS, o centro promove uma cultura onde os estudantes s\u00e3o encorajados a viver a sua f\u00e9, servir as suas comunidades e abra\u00e7ar o chamado \u00e0 santidade na sua vida quotidiana.<\/p>\n\n\n\n<p class=\"has-text-align-right translation-block\"><em>Por<\/em>,<strong> Gabinete de Comunica\u00e7\u00e3o<\/strong>,<\/p>\n\n\n\n<p class=\"has-text-align-right\">Programas de Desenvolvimento Saint Joseph.<\/p>","protected":false},"excerpt":{"rendered":"<p>On Saturday, 14 March 2026, students from St. Joseph Technical Senior School, under St. Joseph Development Programmes (SJDP) one of AJAN\u2019s centres in Kangemi, Nairobi, Kenya, joined learners from across the Archdiocese of Nairobi for the Young Christian Students (YCS) Rally held at Loreto Limuru High School. The event offered<\/p>\n<p><a class=\"sd-more sd-all-trans\" href=\"https:\/\/ajan.africa\/pt\/st-joseph-technical-students-participate-in-ycs-rally-at-loreto-limuru-kenya\/#more-19557\">consulte Mais informa\u00e7\u00e3o<\/a><\/p>","protected":false},"author":5,"featured_media":19566,"comment_status":"closed","ping_status":"open","sticky":false,"template":"","format":"standard","meta":{"om_disable_all_campaigns":false,"_monsterinsights_skip_tracking":false,"_monsterinsights_sitenote_active":false,"_monsterinsights_sitenote_note":"","_monsterinsights_sitenote_category":0,"footnotes":""},"categories":[98],"tags":[],"class_list":["post-19557","post","type-post","status-publish","format-standard","has-post-thumbnail","hentry","category-ajan-news-articles"],"aioseo_notices":[],"_links":{"self":[{"href":"https:\/\/ajan.africa\/pt\/wp-json\/wp\/v2\/posts\/19557","targetHints":{"allow":["GET"]}}],"collection":[{"href":"https:\/\/ajan.africa\/pt\/wp-json\/wp\/v2\/posts"}],"about":[{"href":"https:\/\/ajan.africa\/pt\/wp-json\/wp\/v2\/types\/post"}],"author":[{"embeddable":true,"href":"https:\/\/ajan.africa\/pt\/wp-json\/wp\/v2\/users\/5"}],"replies":[{"embeddable":true,"href":"https:\/\/ajan.africa\/pt\/wp-json\/wp\/v2\/comments?post=19557"}],"version-history":[{"count":2,"href":"https:\/\/ajan.africa\/pt\/wp-json\/wp\/v2\/posts\/19557\/revisions"}],"predecessor-version":[{"id":19567,"href":"https:\/\/ajan.africa\/pt\/wp-json\/wp\/v2\/posts\/19557\/revisions\/19567"}],"wp:featuredmedia":[{"embeddable":true,"href":"https:\/\/ajan.africa\/pt\/wp-json\/wp\/v2\/media\/19566"}],"wp:attachment":[{"href":"https:\/\/ajan.africa\/pt\/wp-json\/wp\/v2\/media?parent=19557"}],"wp:term":[{"taxonomy":"category","embeddable":true,"href":"https:\/\/ajan.africa\/pt\/wp-json\/wp\/v2\/categories?post=19557"},{"taxonomy":"post_tag","embeddable":true,"href":"https:\/\/ajan.africa\/pt\/wp-json\/wp\/v2\/tags?post=19557"}],"curies":[{"name":"wp","href":"https:\/\/api.w.org\/{rel}","templated":true}]}}