{"id":19833,"date":"2026-04-28T06:55:21","date_gmt":"2026-04-28T06:55:21","guid":{"rendered":"https:\/\/ajan.africa\/?p=19833"},"modified":"2026-04-28T12:16:36","modified_gmt":"2026-04-28T12:16:36","slug":"from-anticipation-to-achievement-insights-from-my-experience-with-ahappy-training","status":"publish","type":"post","link":"https:\/\/ajan.africa\/pt\/from-anticipation-to-achievement-insights-from-my-experience-with-ahappy-training\/","title":{"rendered":"Da antecipa\u00e7\u00e3o \u00e0 realiza\u00e7\u00e3o: reflex\u00f5es a partir da minha experi\u00eancia com a forma\u00e7\u00e3o AHAPPY"},"content":{"rendered":"<p>Abril de 2026 permanecer\u00e1 como um cap\u00edtulo inesquec\u00edvel da minha vida. No dia 21 de abril, iniciei a forma\u00e7\u00e3o de formadores AHAPPY na Par\u00f3quia Cat\u00f3lica S\u00e3o Francisco, Idimu \u2013 Lagos, com poucas expectativas. A minha motiva\u00e7\u00e3o inicial era simples: tornar-me um melhor administrador e, talvez, obter uma certifica\u00e7\u00e3o adicional. No entanto, o que vivi nos cinco dias seguintes foi muito al\u00e9m disso; foi uma jornada profundamente transformadora.<\/p>\n\n\n\n<figure class=\"wp-block-image size-large\"><img fetchpriority=\"high\" decoding=\"async\" width=\"1024\" height=\"768\" src=\"https:\/\/ajan.africa\/wp-content\/uploads\/2026\/04\/WhatsApp-Image-2026-04-23-at-09.15.03-1024x768.jpeg\" alt=\"\" class=\"wp-image-19835\" srcset=\"https:\/\/ajan.africa\/wp-content\/uploads\/2026\/04\/WhatsApp-Image-2026-04-23-at-09.15.03-1024x768.jpeg 1024w, https:\/\/ajan.africa\/wp-content\/uploads\/2026\/04\/WhatsApp-Image-2026-04-23-at-09.15.03-300x225.jpeg 300w, https:\/\/ajan.africa\/wp-content\/uploads\/2026\/04\/WhatsApp-Image-2026-04-23-at-09.15.03-768x576.jpeg 768w, https:\/\/ajan.africa\/wp-content\/uploads\/2026\/04\/WhatsApp-Image-2026-04-23-at-09.15.03-1536x1152.jpeg 1536w, https:\/\/ajan.africa\/wp-content\/uploads\/2026\/04\/WhatsApp-Image-2026-04-23-at-09.15.03-16x12.jpeg 16w, https:\/\/ajan.africa\/wp-content\/uploads\/2026\/04\/WhatsApp-Image-2026-04-23-at-09.15.03.jpeg 1600w\" sizes=\"(max-width: 1024px) 100vw, 1024px\" \/><\/figure>\n\n\n\n<p><\/p>\n\n\n\n<p>A forma\u00e7\u00e3o come\u00e7ou com uma atividade envolvente e estimulante conduzida pelas nossas facilitadoras, Ms. Sergon e Ms. Samantha. Fomos convidados a criar e apresentar uma encena\u00e7\u00e3o que refletisse a vida quotidiana em Lagos, destacando desafios sociais. Utilizando ferramentas simples como caneta e papel, express\u00e1mos quest\u00f5es como a press\u00e3o dos pares, a m\u00e1 tomada de decis\u00f5es e os riscos para a sa\u00fade. Ap\u00f3s cada apresenta\u00e7\u00e3o, as facilitadoras ouviram atentamente e, em seguida, fizeram uma pergunta poderosa que ecoou ao longo de toda a forma\u00e7\u00e3o: \u201cOnde voc\u00ea se encontra nesta hist\u00f3ria?\u201d Este momento marcou o in\u00edcio de uma profunda reflex\u00e3o pessoal. Tornou-se claro que, embora possamos identificar facilmente os problemas na sociedade, muitas vezes ignoramos o nosso pr\u00f3prio papel dentro deles.<\/p>\n\n\n\n<p>O primeiro dia definiu o tom para a descoberta de si mesmo. Naquele momento, eu tinha dificuldade em definir claramente quem eu era e aquilo que representava. No entanto, tamb\u00e9m senti fortemente que estava exatamente onde precisava estar. No segundo dia, as sess\u00f5es tornaram-se mais interativas, com foco na comunica\u00e7\u00e3o, nos valores e na lideran\u00e7a. As facilitadoras criaram um ambiente seguro e acolhedor, tornando f\u00e1cil para todos participarem, partilharem e aprenderem sem medo de julgamento.<\/p>\n\n\n\n<figure class=\"wp-block-image size-large\"><img decoding=\"async\" width=\"1024\" height=\"768\" src=\"https:\/\/ajan.africa\/wp-content\/uploads\/2026\/04\/WhatsApp-Image-2026-04-24-at-12.08.55-1024x768.jpeg\" alt=\"\" class=\"wp-image-19836\" srcset=\"https:\/\/ajan.africa\/wp-content\/uploads\/2026\/04\/WhatsApp-Image-2026-04-24-at-12.08.55-1024x768.jpeg 1024w, https:\/\/ajan.africa\/wp-content\/uploads\/2026\/04\/WhatsApp-Image-2026-04-24-at-12.08.55-300x225.jpeg 300w, https:\/\/ajan.africa\/wp-content\/uploads\/2026\/04\/WhatsApp-Image-2026-04-24-at-12.08.55-768x576.jpeg 768w, https:\/\/ajan.africa\/wp-content\/uploads\/2026\/04\/WhatsApp-Image-2026-04-24-at-12.08.55-1536x1152.jpeg 1536w, https:\/\/ajan.africa\/wp-content\/uploads\/2026\/04\/WhatsApp-Image-2026-04-24-at-12.08.55-16x12.jpeg 16w, https:\/\/ajan.africa\/wp-content\/uploads\/2026\/04\/WhatsApp-Image-2026-04-24-at-12.08.55.jpeg 1600w\" sizes=\"(max-width: 1024px) 100vw, 1024px\" \/><\/figure>\n\n\n\n<p><\/p>\n\n\n\n<p>O terceiro dia foi particularmente impactante. Fomos introduzidos a sess\u00f5es abrangentes sobre HIV e SIDA, incluindo modos de transmiss\u00e3o, estrat\u00e9gias de preven\u00e7\u00e3o e a import\u00e2ncia da conscientiza\u00e7\u00e3o. Um v\u00eddeo poderoso sobre estigmatiza\u00e7\u00e3o abriu os nossos olhos para as realidades enfrentadas pelas pessoas que vivem com HIV. Isto foi seguido por uma sess\u00e3o profundamente comovente com uma oradora convidada que partilhou a sua experi\u00eancia pessoal de viver com HIV. A sua hist\u00f3ria foi ao mesmo tempo emocional e inspiradora, desfazendo equ\u00edvocos e refor\u00e7ando a necessidade de empatia e advocacia. Nesse mesmo dia, fiz voluntariamente um auto-teste de HIV, uma experi\u00eancia que simbolizou coragem, consci\u00eancia e responsabilidade.<\/p>\n\n\n\n<figure class=\"wp-block-image size-large\"><img decoding=\"async\" width=\"1024\" height=\"768\" src=\"https:\/\/ajan.africa\/wp-content\/uploads\/2026\/04\/WhatsApp-Image-2026-04-24-at-12.09.06-1-1024x768.jpeg\" alt=\"\" class=\"wp-image-19837\" srcset=\"https:\/\/ajan.africa\/wp-content\/uploads\/2026\/04\/WhatsApp-Image-2026-04-24-at-12.09.06-1-1024x768.jpeg 1024w, https:\/\/ajan.africa\/wp-content\/uploads\/2026\/04\/WhatsApp-Image-2026-04-24-at-12.09.06-1-300x225.jpeg 300w, https:\/\/ajan.africa\/wp-content\/uploads\/2026\/04\/WhatsApp-Image-2026-04-24-at-12.09.06-1-768x576.jpeg 768w, https:\/\/ajan.africa\/wp-content\/uploads\/2026\/04\/WhatsApp-Image-2026-04-24-at-12.09.06-1-1536x1152.jpeg 1536w, https:\/\/ajan.africa\/wp-content\/uploads\/2026\/04\/WhatsApp-Image-2026-04-24-at-12.09.06-1-16x12.jpeg 16w, https:\/\/ajan.africa\/wp-content\/uploads\/2026\/04\/WhatsApp-Image-2026-04-24-at-12.09.06-1.jpeg 1600w\" sizes=\"(max-width: 1024px) 100vw, 1024px\" \/><\/figure>\n\n\n\n<p><\/p>\n\n\n\n<p>No quarto dia, j\u00e1 est\u00e1vamos equipados com ferramentas pr\u00e1ticas para facilita\u00e7\u00e3o e envolvimento comunit\u00e1rio. Aprendemos a transmitir conhecimentos de forma eficaz, liderar discuss\u00f5es e influenciar mudan\u00e7as comportamentais positivas entre os jovens. O quinto dia reuniu tudo, refor\u00e7ando o nosso prop\u00f3sito como formadores e agentes de mudan\u00e7a. Foi um momento de clareza e compromisso.<\/p>\n\n\n\n<figure class=\"wp-block-image size-large\"><img loading=\"lazy\" decoding=\"async\" width=\"1024\" height=\"768\" src=\"https:\/\/ajan.africa\/wp-content\/uploads\/2026\/04\/WhatsApp-Image-2026-04-26-at-00.34.19-2-1024x768.jpeg\" alt=\"\" class=\"wp-image-19838\" srcset=\"https:\/\/ajan.africa\/wp-content\/uploads\/2026\/04\/WhatsApp-Image-2026-04-26-at-00.34.19-2-1024x768.jpeg 1024w, https:\/\/ajan.africa\/wp-content\/uploads\/2026\/04\/WhatsApp-Image-2026-04-26-at-00.34.19-2-300x225.jpeg 300w, https:\/\/ajan.africa\/wp-content\/uploads\/2026\/04\/WhatsApp-Image-2026-04-26-at-00.34.19-2-768x576.jpeg 768w, https:\/\/ajan.africa\/wp-content\/uploads\/2026\/04\/WhatsApp-Image-2026-04-26-at-00.34.19-2-16x12.jpeg 16w, https:\/\/ajan.africa\/wp-content\/uploads\/2026\/04\/WhatsApp-Image-2026-04-26-at-00.34.19-2.jpeg 1080w\" sizes=\"(max-width: 1024px) 100vw, 1024px\" \/><\/figure>\n\n\n\n<div class=\"wp-block-group is-nowrap is-layout-flex wp-container-core-group-is-layout-ad2f72ca wp-block-group-is-layout-flex\">\n<figure class=\"wp-block-image size-full\"><img loading=\"lazy\" decoding=\"async\" width=\"453\" height=\"422\" src=\"https:\/\/ajan.africa\/wp-content\/uploads\/2026\/04\/WhatsApp-Image-2026-04-26-at-00.34.37.jpeg\" alt=\"\" class=\"wp-image-19841\" srcset=\"https:\/\/ajan.africa\/wp-content\/uploads\/2026\/04\/WhatsApp-Image-2026-04-26-at-00.34.37.jpeg 453w, https:\/\/ajan.africa\/wp-content\/uploads\/2026\/04\/WhatsApp-Image-2026-04-26-at-00.34.37-300x279.jpeg 300w, https:\/\/ajan.africa\/wp-content\/uploads\/2026\/04\/WhatsApp-Image-2026-04-26-at-00.34.37-13x12.jpeg 13w, https:\/\/ajan.africa\/wp-content\/uploads\/2026\/04\/WhatsApp-Image-2026-04-26-at-00.34.37-75x70.jpeg 75w\" sizes=\"(max-width: 453px) 100vw, 453px\" \/><\/figure>\n\n\n\n<figure class=\"wp-block-image size-full\"><img loading=\"lazy\" decoding=\"async\" width=\"704\" height=\"584\" src=\"https:\/\/ajan.africa\/wp-content\/uploads\/2026\/04\/Irene.jpeg\" alt=\"\" class=\"wp-image-19840\" srcset=\"https:\/\/ajan.africa\/wp-content\/uploads\/2026\/04\/Irene.jpeg 704w, https:\/\/ajan.africa\/wp-content\/uploads\/2026\/04\/Irene-300x249.jpeg 300w, https:\/\/ajan.africa\/wp-content\/uploads\/2026\/04\/Irene-14x12.jpeg 14w\" sizes=\"(max-width: 704px) 100vw, 704px\" \/><\/figure>\n<\/div>\n\n\n\n<p><\/p>\n\n\n\n<p>Em conclus\u00e3o, a forma\u00e7\u00e3o AHAPPY teve um impacto profundo na minha vida. Descobri as minhas for\u00e7as, ganhei confian\u00e7a e desenvolvi um sentido mais claro de prop\u00f3sito. Agora compreendo o meu papel na constru\u00e7\u00e3o de uma sociedade mais saud\u00e1vel e bem informada. Sou profundamente grato(a) \u00e0 AJAN por esta oportunidade e ao nosso capel\u00e3o, Pe. Eyrah Foli (popularmente conhecido como Slim), por trazer esta iniciativa aos jovens da Igreja Cat\u00f3lica S\u00e3o Francisco, Idimu. Hoje, se me perguntarem quem eu sou, posso dizer com confian\u00e7a: sou um agente de mudan\u00e7a, comprometido em formar uma gera\u00e7\u00e3o AHAPPY.<\/p>\n\n\n\n<p class=\"has-text-align-right translation-block\"><em>Por<\/em>, <strong>Irene Umeodinka,<\/strong><\/p>\n\n\n\n<p class=\"has-text-align-right\">Formanda AHAPPY, Igreja Cat\u00f3lica S\u00e3o Francisco, Idimu, Lagos, Nig\u00e9ria.<\/p>","protected":false},"excerpt":{"rendered":"<p>April 2026 will remain an unforgettable chapter in my life. On the 21st of April, I began the AHAPPY Training of Trainers at St. Francis Catholic Parish, Idimu \u2013 Lagos, with little expectation. My initial motivation was simple: to become a better steward and, perhaps, gain an additional certification. However,<\/p>\n<p><a class=\"sd-more sd-all-trans\" href=\"https:\/\/ajan.africa\/pt\/from-anticipation-to-achievement-insights-from-my-experience-with-ahappy-training\/#more-19833\">consulte Mais informa\u00e7\u00e3o<\/a><\/p>","protected":false},"author":5,"featured_media":19834,"comment_status":"closed","ping_status":"open","sticky":false,"template":"","format":"standard","meta":{"om_disable_all_campaigns":false,"_monsterinsights_skip_tracking":false,"_monsterinsights_sitenote_active":false,"_monsterinsights_sitenote_note":"","_monsterinsights_sitenote_category":0,"footnotes":""},"categories":[110,96,98,109],"tags":[],"class_list":["post-19833","post","type-post","status-publish","format-standard","has-post-thumbnail","hentry","category-ahappy-tot","category-ahappy-training","category-ajan-news-articles","category-testimonials"],"aioseo_notices":[],"_links":{"self":[{"href":"https:\/\/ajan.africa\/pt\/wp-json\/wp\/v2\/posts\/19833","targetHints":{"allow":["GET"]}}],"collection":[{"href":"https:\/\/ajan.africa\/pt\/wp-json\/wp\/v2\/posts"}],"about":[{"href":"https:\/\/ajan.africa\/pt\/wp-json\/wp\/v2\/types\/post"}],"author":[{"embeddable":true,"href":"https:\/\/ajan.africa\/pt\/wp-json\/wp\/v2\/users\/5"}],"replies":[{"embeddable":true,"href":"https:\/\/ajan.africa\/pt\/wp-json\/wp\/v2\/comments?post=19833"}],"version-history":[{"count":2,"href":"https:\/\/ajan.africa\/pt\/wp-json\/wp\/v2\/posts\/19833\/revisions"}],"predecessor-version":[{"id":19844,"href":"https:\/\/ajan.africa\/pt\/wp-json\/wp\/v2\/posts\/19833\/revisions\/19844"}],"wp:featuredmedia":[{"embeddable":true,"href":"https:\/\/ajan.africa\/pt\/wp-json\/wp\/v2\/media\/19834"}],"wp:attachment":[{"href":"https:\/\/ajan.africa\/pt\/wp-json\/wp\/v2\/media?parent=19833"}],"wp:term":[{"taxonomy":"category","embeddable":true,"href":"https:\/\/ajan.africa\/pt\/wp-json\/wp\/v2\/categories?post=19833"},{"taxonomy":"post_tag","embeddable":true,"href":"https:\/\/ajan.africa\/pt\/wp-json\/wp\/v2\/tags?post=19833"}],"curies":[{"name":"wp","href":"https:\/\/api.w.org\/{rel}","templated":true}]}}