{"id":19845,"date":"2026-04-29T06:04:15","date_gmt":"2026-04-29T06:04:15","guid":{"rendered":"https:\/\/ajan.africa\/?p=19845"},"modified":"2026-04-29T13:10:49","modified_gmt":"2026-04-29T13:10:49","slug":"sym-receives-donated-vehicle-to-boost-mobile-clinic-operations-and-services-in-burundi","status":"publish","type":"post","link":"https:\/\/ajan.africa\/pt\/sym-receives-donated-vehicle-to-boost-mobile-clinic-operations-and-services-in-burundi\/","title":{"rendered":"O SYM recebe um ve\u00edculo doado para refor\u00e7ar as opera\u00e7\u00f5es e os servi\u00e7os da cl\u00ednica m\u00f3vel no Burundi"},"content":{"rendered":"<p class=\"translation-block\">Num contexto em que o acesso aos cuidados de sa\u00fade continua a ser um grande desafio para as popula\u00e7\u00f5es mais vulner\u00e1veis, o Service Yezu Mwiza (SYM) no Burundi alcan\u00e7ou um marco decisivo no refor\u00e7o das suas interven\u00e7\u00f5es comunit\u00e1rias. A aquisi\u00e7\u00e3o de um Toyota Land Cruiser, doado na quarta-feira, 15 de abril de 2026, por <em>Jesuitenweltweit<\/em> (Jesu\u00edtas alem\u00e3es), representa um passo estrat\u00e9gico no desenvolvimento das suas atividades no terreno. Muito mais do que um simples apoio log\u00edstico, esta doa\u00e7\u00e3o constitui um importante alavancador operacional para intensificar e expandir a estrat\u00e9gia da cl\u00ednica m\u00f3vel. Permitir\u00e1 um acesso mais eficaz \u00e0s comunidades isoladas, frequentemente exclu\u00eddas dos sistemas de sa\u00fade tradicionais, e assegurar\u00e1 um acesso equitativo a servi\u00e7os de sa\u00fade de qualidade. Com este apoio, a capacidade de a\u00e7\u00e3o do Service Yezu Mwiza \u00e9 refor\u00e7ada, com uma ambi\u00e7\u00e3o clara: aproximar de forma sustent\u00e1vel os cuidados de sa\u00fade das popula\u00e7\u00f5es mais remotas e responder concretamente aos desafios de sa\u00fade p\u00fablica.<\/p>\n\n\n\n<figure class=\"wp-block-image size-large\"><img fetchpriority=\"high\" decoding=\"async\" width=\"1024\" height=\"684\" src=\"https:\/\/ajan.africa\/wp-content\/uploads\/2026\/04\/678288947_1297574295906350_2438420273330249224_n-1024x684.jpg\" alt=\"\" class=\"wp-image-19847\" srcset=\"https:\/\/ajan.africa\/wp-content\/uploads\/2026\/04\/678288947_1297574295906350_2438420273330249224_n-1024x684.jpg 1024w, https:\/\/ajan.africa\/wp-content\/uploads\/2026\/04\/678288947_1297574295906350_2438420273330249224_n-300x200.jpg 300w, https:\/\/ajan.africa\/wp-content\/uploads\/2026\/04\/678288947_1297574295906350_2438420273330249224_n-768x513.jpg 768w, https:\/\/ajan.africa\/wp-content\/uploads\/2026\/04\/678288947_1297574295906350_2438420273330249224_n-1536x1026.jpg 1536w, https:\/\/ajan.africa\/wp-content\/uploads\/2026\/04\/678288947_1297574295906350_2438420273330249224_n-18x12.jpg 18w, https:\/\/ajan.africa\/wp-content\/uploads\/2026\/04\/678288947_1297574295906350_2438420273330249224_n.jpg 1920w\" sizes=\"(max-width: 1024px) 100vw, 1024px\" \/><\/figure>\n\n\n\n<p><strong>Um ve\u00edculo que chega no momento certo para aproximar os cuidados de sa\u00fade das comunidades<\/strong><\/p>\n\n\n\n<p>Desde 2008, a Cl\u00ednica M\u00f3vel do Service Yezu Mwiza tem desempenhado um papel crucial na presta\u00e7\u00e3o de acesso aos cuidados de sa\u00fade \u00e0s popula\u00e7\u00f5es vulner\u00e1veis que vivem na capital, Bujumbura, e nos seus arredores. Atrav\u00e9s das suas atividades, a cl\u00ednica m\u00f3vel oferece uma variedade de servi\u00e7os m\u00e9dicos e preventivos diretamente nas comunidades, especialmente em \u00e1reas onde o acesso \u00e0s unidades de sa\u00fade permanece limitado.<\/p>\n\n\n\n<p>No entanto, os desafios log\u00edsticos t\u00eam sido, h\u00e1 muito tempo, um grande obst\u00e1culo \u00e0 implementa\u00e7\u00e3o eficaz das atividades no terreno. Com apenas um ve\u00edculo para cobrir \u00e1reas extensas, atualmente abrangendo 16 locais, era frequentemente dif\u00edcil alcan\u00e7ar certas localidades remotas ou garantir a continuidade das interven\u00e7\u00f5es comunit\u00e1rias. A chegada deste novo ve\u00edculo constitui, portanto, uma resposta concreta a esses desafios. N\u00e3o s\u00f3 ir\u00e1 melhorar a mobilidade das equipas m\u00e9dicas, como tamb\u00e9m refor\u00e7ar o planeamento e a efic\u00e1cia das atividades no terreno.<\/p>\n\n\n\n<p>A cl\u00ednica m\u00f3vel \u00e9 central na abordagem do Service Yezu Mwiza para aproximar os cuidados de sa\u00fade das popula\u00e7\u00f5es mais vulner\u00e1veis. Ela permite uma interven\u00e7\u00e3o direta nas comunidades, oferecendo servi\u00e7os essenciais como campanhas de sensibiliza\u00e7\u00e3o, rastreios, consultas m\u00e9dicas e cuidados a pacientes, especialmente aqueles que vivem com doen\u00e7as cr\u00f3nicas ou em situa\u00e7\u00f5es prec\u00e1rias. No entanto, a efic\u00e1cia desta estrat\u00e9gia tem dependido em grande parte da disponibilidade de transporte adequado, o que at\u00e9 agora tem sido uma grande limita\u00e7\u00e3o.<\/p>\n\n\n\n<p>A integra\u00e7\u00e3o deste novo ve\u00edculo no quadro operacional refor\u00e7a significativamente esta estrat\u00e9gia. Ele permitir\u00e1 aumentar a frequ\u00eancia das miss\u00f5es no terreno, alargar a cobertura geogr\u00e1fica e melhorar a capacidade de resposta das equipas \u00e0s necessidades dos benefici\u00e1rios. Al\u00e9m disso, este refor\u00e7o contribuir\u00e1 para garantir uma melhor continuidade dos cuidados e uma maior presen\u00e7a nas comunidades, elementos essenciais para construir confian\u00e7a e assegurar um impacto duradouro das interven\u00e7\u00f5es.<\/p>\n\n\n\n<figure class=\"wp-block-image size-large\"><img decoding=\"async\" width=\"1024\" height=\"684\" src=\"https:\/\/ajan.africa\/wp-content\/uploads\/2026\/04\/679457058_1297574422573004_5326651720241687070_n-1024x684.jpg\" alt=\"\" class=\"wp-image-19853\" srcset=\"https:\/\/ajan.africa\/wp-content\/uploads\/2026\/04\/679457058_1297574422573004_5326651720241687070_n-1024x684.jpg 1024w, https:\/\/ajan.africa\/wp-content\/uploads\/2026\/04\/679457058_1297574422573004_5326651720241687070_n-300x200.jpg 300w, https:\/\/ajan.africa\/wp-content\/uploads\/2026\/04\/679457058_1297574422573004_5326651720241687070_n-768x513.jpg 768w, https:\/\/ajan.africa\/wp-content\/uploads\/2026\/04\/679457058_1297574422573004_5326651720241687070_n-1536x1026.jpg 1536w, https:\/\/ajan.africa\/wp-content\/uploads\/2026\/04\/679457058_1297574422573004_5326651720241687070_n-18x12.jpg 18w, https:\/\/ajan.africa\/wp-content\/uploads\/2026\/04\/679457058_1297574422573004_5326651720241687070_n.jpg 1920w\" sizes=\"(max-width: 1024px) 100vw, 1024px\" \/><\/figure>\n\n\n\n<p><strong>Um ve\u00edculo para a cl\u00ednica m\u00f3vel e para os benefici\u00e1rios<\/strong><\/p>\n\n\n\n<p class=\"translation-block\">Segundo o Diretor Executivo do SYM, este ve\u00edculo destina-se \u00e0 Cl\u00ednica M\u00f3vel e aos benefici\u00e1rios do SYM. Ele permitir\u00e1 ao Service Yezu Mwiza intensificar e aumentar a frequ\u00eancia das interven\u00e7\u00f5es nas \u00e1reas mais remotas e de dif\u00edcil acesso, onde muitos benefici\u00e1rios vivem em situa\u00e7\u00f5es de vulnerabilidade.\n\nMais especificamente, este ve\u00edculo facilitar\u00e1 o transporte do pessoal m\u00e9dico e das equipas comunit\u00e1rias; garantir\u00e1 a entrega de medicamentos e equipamentos m\u00e9dicos necess\u00e1rios \u00e0s atividades; refor\u00e7ar\u00e1 a continuidade dos servi\u00e7os oferecidos durante as a\u00e7\u00f5es de sensibiliza\u00e7\u00e3o comunit\u00e1ria; e ampliar\u00e1 a cobertura das atividades para novas \u00e1reas anteriormente dif\u00edceis de alcan\u00e7ar.<\/p>\n\n\n\n<p>Desta forma, ao permitir que as equipas m\u00e9dicas cheguem \u00e0s \u00e1reas mais remotas, este ve\u00edculo tornar-se-\u00e1 uma verdadeira ferramenta local, ajudando a reduzir as desigualdades no acesso aos cuidados de sa\u00fade.<\/p>\n\n\n\n<figure class=\"wp-block-image size-large\"><img decoding=\"async\" width=\"1024\" height=\"684\" src=\"https:\/\/ajan.africa\/wp-content\/uploads\/2026\/04\/678250895_1297579842572462_8079824091619702600_n-1024x684.jpg\" alt=\"\" class=\"wp-image-19849\" srcset=\"https:\/\/ajan.africa\/wp-content\/uploads\/2026\/04\/678250895_1297579842572462_8079824091619702600_n-1024x684.jpg 1024w, https:\/\/ajan.africa\/wp-content\/uploads\/2026\/04\/678250895_1297579842572462_8079824091619702600_n-300x200.jpg 300w, https:\/\/ajan.africa\/wp-content\/uploads\/2026\/04\/678250895_1297579842572462_8079824091619702600_n-768x513.jpg 768w, https:\/\/ajan.africa\/wp-content\/uploads\/2026\/04\/678250895_1297579842572462_8079824091619702600_n-1536x1026.jpg 1536w, https:\/\/ajan.africa\/wp-content\/uploads\/2026\/04\/678250895_1297579842572462_8079824091619702600_n-18x12.jpg 18w, https:\/\/ajan.africa\/wp-content\/uploads\/2026\/04\/678250895_1297579842572462_8079824091619702600_n.jpg 1920w\" sizes=\"(max-width: 1024px) 100vw, 1024px\" \/><\/figure>\n\n\n\n<p class=\"translation-block\"><strong>Um s\u00edmbolo de solidariedade e compaix\u00e3o da <\/strong><em>organiza\u00e7\u00e3o Jesuitenweltweit <\/em><strong>no SYM<\/strong><\/p>\n\n\n\n<p class=\"translation-block\">Para al\u00e9m do seu valor material, este ve\u00edculo \u00e9 um poderoso s\u00edmbolo de solidariedade e fraternidade dos Jesu\u00edtas alem\u00e3es para com os Jesu\u00edtas que trabalham em comunidades marginalizadas em todo o mundo. De facto, atrav\u00e9s da doa\u00e7\u00e3o deste ve\u00edculo, <em>Jesuitenweltweit<\/em> demonstra mais uma vez o seu compromisso concreto e inabal\u00e1vel com as popula\u00e7\u00f5es vulner\u00e1veis, bem como a sua dedica\u00e7\u00e3o em apoiar a a\u00e7\u00e3o social da Companhia de Jesus a n\u00edvel global.\n\nEste apoio tamb\u00e9m ilustra a import\u00e2ncia das parcerias internacionais na implementa\u00e7\u00e3o de projetos com forte impacto social. Gra\u00e7as a esta colabora\u00e7\u00e3o, o Service Yezu Mwiza pode continuar a sua miss\u00e3o de forma eficaz e com esperan\u00e7a no futuro.<\/p>\n\n\n\n<p class=\"translation-block\"><strong>Agradecimentos e gratid\u00e3o \u00e0 <\/strong><em>jesuitenweltweit<\/em><strong> e a todos os benfeitores<\/strong><\/p>\n\n\n\n<p class=\"translation-block\">O Service Yezu Mwiza deseja expressar a sua profunda gratid\u00e3o \u00e0 <em>jesuitenweltweit<\/em> por este gesto generoso, que marca um ponto de viragem no desenvolvimento das suas atividades comunit\u00e1rias. Esta doa\u00e7\u00e3o representa muito mais do que um simples ve\u00edculo: \u00e9 uma ferramenta essencial que ir\u00e1 salvar vidas, prevenir doen\u00e7as e fortalecer a esperan\u00e7a nas comunidades mais empobrecidas de Kabezi, Mukike, Gatumba e outras \u00e1reas remotas do pa\u00eds.<\/p>\n\n\n\n<div class=\"wp-block-group is-nowrap is-layout-flex wp-container-core-group-is-layout-ad2f72ca wp-block-group-is-layout-flex\">\n<figure class=\"wp-block-image size-large\"><img loading=\"lazy\" decoding=\"async\" width=\"1024\" height=\"684\" src=\"https:\/\/ajan.africa\/wp-content\/uploads\/2026\/04\/678522243_1297582122572234_3249573211378124494_n-1024x684.jpg\" alt=\"\" class=\"wp-image-19851\" srcset=\"https:\/\/ajan.africa\/wp-content\/uploads\/2026\/04\/678522243_1297582122572234_3249573211378124494_n-1024x684.jpg 1024w, https:\/\/ajan.africa\/wp-content\/uploads\/2026\/04\/678522243_1297582122572234_3249573211378124494_n-300x200.jpg 300w, https:\/\/ajan.africa\/wp-content\/uploads\/2026\/04\/678522243_1297582122572234_3249573211378124494_n-768x513.jpg 768w, https:\/\/ajan.africa\/wp-content\/uploads\/2026\/04\/678522243_1297582122572234_3249573211378124494_n-1536x1026.jpg 1536w, https:\/\/ajan.africa\/wp-content\/uploads\/2026\/04\/678522243_1297582122572234_3249573211378124494_n-18x12.jpg 18w, https:\/\/ajan.africa\/wp-content\/uploads\/2026\/04\/678522243_1297582122572234_3249573211378124494_n.jpg 1920w\" sizes=\"(max-width: 1024px) 100vw, 1024px\" \/><\/figure>\n\n\n\n<figure class=\"wp-block-image size-large\"><img loading=\"lazy\" decoding=\"async\" width=\"1024\" height=\"684\" src=\"https:\/\/ajan.africa\/wp-content\/uploads\/2026\/04\/678768936_1297574552572991_8389559656878893458_n-1024x684.jpg\" alt=\"\" class=\"wp-image-19850\" srcset=\"https:\/\/ajan.africa\/wp-content\/uploads\/2026\/04\/678768936_1297574552572991_8389559656878893458_n-1024x684.jpg 1024w, https:\/\/ajan.africa\/wp-content\/uploads\/2026\/04\/678768936_1297574552572991_8389559656878893458_n-300x200.jpg 300w, https:\/\/ajan.africa\/wp-content\/uploads\/2026\/04\/678768936_1297574552572991_8389559656878893458_n-768x513.jpg 768w, https:\/\/ajan.africa\/wp-content\/uploads\/2026\/04\/678768936_1297574552572991_8389559656878893458_n-1536x1026.jpg 1536w, https:\/\/ajan.africa\/wp-content\/uploads\/2026\/04\/678768936_1297574552572991_8389559656878893458_n-18x12.jpg 18w, https:\/\/ajan.africa\/wp-content\/uploads\/2026\/04\/678768936_1297574552572991_8389559656878893458_n.jpg 1920w\" sizes=\"(max-width: 1024px) 100vw, 1024px\" \/><\/figure>\n<\/div>\n\n\n\n<p><strong>Um compromisso renovado ao servi\u00e7o dos mais vulner\u00e1veis<\/strong><\/p>\n\n\n\n<p class=\"translation-block\">Com este novo apoio, o Service Yezu Mwiza reafirma o seu compromisso de continuar a sua miss\u00e3o ao servi\u00e7o das popula\u00e7\u00f5es mais vulner\u00e1veis, particularmente aquelas que vivem em \u00e1reas remotas.\n\nEste ve\u00edculo n\u00e3o s\u00f3 ir\u00e1 melhorar a efic\u00e1cia das interven\u00e7\u00f5es, como tamb\u00e9m abrir\u00e1 novas oportunidades para expandir os servi\u00e7os \u00e0s comunidades que mais precisam deles.\n\nAo disponibilizar esta nova ferramenta para a Cl\u00ednica M\u00f3vel, o Service Yezu Mwiza refor\u00e7a a sua capacidade de responder aos desafios de sa\u00fade atuais e de continuar a prestar assist\u00eancia de qualidade aos benefici\u00e1rios.<\/p>\n\n\n\n<figure class=\"wp-block-image size-large\"><img loading=\"lazy\" decoding=\"async\" width=\"1024\" height=\"684\" src=\"https:\/\/ajan.africa\/wp-content\/uploads\/2026\/04\/677946468_1297574762572970_1175532656488681792_n-1-1024x684.jpg\" alt=\"\" class=\"wp-image-19852\" srcset=\"https:\/\/ajan.africa\/wp-content\/uploads\/2026\/04\/677946468_1297574762572970_1175532656488681792_n-1-1024x684.jpg 1024w, https:\/\/ajan.africa\/wp-content\/uploads\/2026\/04\/677946468_1297574762572970_1175532656488681792_n-1-300x200.jpg 300w, https:\/\/ajan.africa\/wp-content\/uploads\/2026\/04\/677946468_1297574762572970_1175532656488681792_n-1-768x513.jpg 768w, https:\/\/ajan.africa\/wp-content\/uploads\/2026\/04\/677946468_1297574762572970_1175532656488681792_n-1-1536x1026.jpg 1536w, https:\/\/ajan.africa\/wp-content\/uploads\/2026\/04\/677946468_1297574762572970_1175532656488681792_n-1-18x12.jpg 18w, https:\/\/ajan.africa\/wp-content\/uploads\/2026\/04\/677946468_1297574762572970_1175532656488681792_n-1.jpg 1920w\" sizes=\"(max-width: 1024px) 100vw, 1024px\" \/><\/figure>\n\n\n\n<p><\/p>\n\n\n\n<p class=\"translation-block\"><strong>Conclus\u00e3o:<\/strong><br>A aquisi\u00e7\u00e3o deste novo ve\u00edculo marca um marco significativo na hist\u00f3ria da Cl\u00ednica M\u00f3vel do Service Yezu Mwiza. Gra\u00e7as ao generoso apoio da <em>jesuitenweltweit<\/em>, as equipas disp\u00f5em agora de um recurso log\u00edstico adicional essencial para alcan\u00e7ar as pessoas que vivem nas \u00e1reas mais remotas.<br>Este gesto de solidariedade contribuir\u00e1 significativamente para melhorar o acesso aos cuidados de sa\u00fade das comunidades vulner\u00e1veis e para refor\u00e7ar a presen\u00e7a do SYM junto daqueles que mais precisam.<br>O Service Yezu Mwiza reafirma a sua sincera gratid\u00e3o \u00e0 <em>jesuitenweltweit<\/em> pelo seu apoio inestim\u00e1vel e pelo seu compromisso cont\u00ednuo com o bem-estar das comunidades.<\/p>\n\n\n\n<p class=\"has-text-align-right translation-block\"><em>Por<\/em>, <strong>Equipa de Comunica\u00e7\u00e3o<\/strong>,<\/p>\n\n\n\n<p class=\"has-text-align-right\">Service Yezu Mwiza (SYM), Burundi.<\/p>","protected":false},"excerpt":{"rendered":"<p>In a context where access to healthcare remains a major challenge for the most vulnerable populations, Service Yezu Mwiza (SYM) in Burundi, has reached a decisive milestone in strengthening its community interventions. The acquisition of a Toyota Land Cruiser, donated on Wednesday, April 15, 2026, by&nbsp;Jesuitenweltweit&nbsp;(German Jesuits), marks a strategic<\/p>\n<p><a class=\"sd-more sd-all-trans\" href=\"https:\/\/ajan.africa\/pt\/sym-receives-donated-vehicle-to-boost-mobile-clinic-operations-and-services-in-burundi\/#more-19845\">consulte Mais informa\u00e7\u00e3o<\/a><\/p>","protected":false},"author":5,"featured_media":19846,"comment_status":"closed","ping_status":"open","sticky":false,"template":"","format":"standard","meta":{"om_disable_all_campaigns":false,"_monsterinsights_skip_tracking":false,"_monsterinsights_sitenote_active":false,"_monsterinsights_sitenote_note":"","_monsterinsights_sitenote_category":0,"footnotes":""},"categories":[98],"tags":[],"class_list":["post-19845","post","type-post","status-publish","format-standard","has-post-thumbnail","hentry","category-ajan-news-articles"],"aioseo_notices":[],"_links":{"self":[{"href":"https:\/\/ajan.africa\/pt\/wp-json\/wp\/v2\/posts\/19845","targetHints":{"allow":["GET"]}}],"collection":[{"href":"https:\/\/ajan.africa\/pt\/wp-json\/wp\/v2\/posts"}],"about":[{"href":"https:\/\/ajan.africa\/pt\/wp-json\/wp\/v2\/types\/post"}],"author":[{"embeddable":true,"href":"https:\/\/ajan.africa\/pt\/wp-json\/wp\/v2\/users\/5"}],"replies":[{"embeddable":true,"href":"https:\/\/ajan.africa\/pt\/wp-json\/wp\/v2\/comments?post=19845"}],"version-history":[{"count":2,"href":"https:\/\/ajan.africa\/pt\/wp-json\/wp\/v2\/posts\/19845\/revisions"}],"predecessor-version":[{"id":19858,"href":"https:\/\/ajan.africa\/pt\/wp-json\/wp\/v2\/posts\/19845\/revisions\/19858"}],"wp:featuredmedia":[{"embeddable":true,"href":"https:\/\/ajan.africa\/pt\/wp-json\/wp\/v2\/media\/19846"}],"wp:attachment":[{"href":"https:\/\/ajan.africa\/pt\/wp-json\/wp\/v2\/media?parent=19845"}],"wp:term":[{"taxonomy":"category","embeddable":true,"href":"https:\/\/ajan.africa\/pt\/wp-json\/wp\/v2\/categories?post=19845"},{"taxonomy":"post_tag","embeddable":true,"href":"https:\/\/ajan.africa\/pt\/wp-json\/wp\/v2\/tags?post=19845"}],"curies":[{"name":"wp","href":"https:\/\/api.w.org\/{rel}","templated":true}]}}