{"id":5129,"date":"2015-03-13T07:51:50","date_gmt":"2015-03-13T04:51:50","guid":{"rendered":"http:\/\/ajan.africa\/penitence-penser-differemment\/"},"modified":"2015-03-13T07:51:50","modified_gmt":"2015-03-13T04:51:50","slug":"penitence-penser-differemment","status":"publish","type":"post","link":"https:\/\/ajan.africa\/pt\/penitence-penser-differemment\/","title":{"rendered":"P\u00e9nitence : penser diff\u00e9remment"},"content":{"rendered":"<p><em>Notre r\u00e9flexion pour ce mercredi des Cendres est \u00e9crit par le P\u00e8re Michael Kelly SJ, un \u00e9crivain prim\u00e9, conf\u00e9rencier et chercheur sur le VIH \/ SIDA qui a v\u00e9cu en Zambie pendant la majeure partie de sa vie. Ses travaux ont port\u00e9 sur l&#8217;interaction entre les questions de la pand\u00e9mie, de la justice et de l&#8217;\u00e9ducation.<\/em><\/p>\n<p>Pendant que nous commen\u00e7ons le Car\u00eame, il est clairement \u00e9tablit qu&#8217;il s&#8217;agit d&#8217;une saison de p\u00e9nitence. Nous prions au d\u00e9but de la Messe pour le mercredi des Cendres : \u00ab Puisse cette saison de p\u00e9nitence nous apporter la b\u00e9n\u00e9diction de ton pardon. \u00bb En premi\u00e8re lecture, le proph\u00e8te Jo\u00ebl reprend cette id\u00e9e, nous invitant \u00e0 revenir au Seigneur de tout notre c\u0153ur, je\u00fbnant, pleurant et en deuil. Et avant de mettre les cendres sur le front du peuple, le pr\u00eatre demande \u00e0 Dieu \u00ab de b\u00e9nir ces cendres que nous utiliserons comme la marque de notre p\u00e9nitence. \u00bb Tout cela est en accord avec le d\u00e9fi faisant partie des premi\u00e8res paroles de J\u00e9sus comme il l\u2019a proclam\u00e9 dans l&#8217;\u00c9vangile : \u00ab Le temps est accompli, et le royaume de Dieu est proche. Repentez-vous, et croyez \u00e0 la bonne nouvelle. \u00bb (Marc 1:15).<\/p>\n<p>Que pensons-nous quand nous entendons le mot \u00ab repentir \u00bb ? Pensons-nous presque automatiquement \u00e0 nos p\u00e9ch\u00e9s et nos mauvaises habitudes, de la n\u00e9cessit\u00e9 d&#8217;\u00eatre d\u00e9sol\u00e9 pour nos p\u00e9ch\u00e9s, du dur travail devant nous pour briser ces mauvaises habitudes ? Il peut \u00eatre tr\u00e8s utile de faire cela, mais qu&#8217;est-ce que repentir signifie vraiment ? Est-ce que le Car\u00eame est juste un moment pour nous rappeler nos faiblesses ? Est-ce un temps pour nous concentrer sur nous-m\u00eames comme des personnes faibles, p\u00e9cheurs, et Dieu comme \u00e9tant indiciblement saint et sans p\u00e9ch\u00e9, totalement \u00e9loign\u00e9 de nous ? Est-ce la bonne nouvelle que J\u00e9sus a enseign\u00e9e, et pour lequel il a donn\u00e9 sa vie sur la Croix ?<\/p>\n<p>Si nous pensons comme cela, alors il est possible que nous ayons r\u00e9duit la signification du mot \u00ab se repentir \u00bb, jusqu&#8217;\u00e0 ce qu&#8217;il soit devenu n\u00e9gatif et presque mena\u00e7ant. Le mot signifie litt\u00e9ralement \u00ab penser au-del\u00e0 de notre fa\u00e7on de penser habituelle, de retourner la r\u00e9flexion d&#8217;une mani\u00e8re diff\u00e9rente. \u00bb L&#8217;appel \u00e0 la repentance par J\u00e9sus et le v\u00e9ritable appel du Car\u00eame, est de prendre un nouveau regard sur Dieu, pour rafra\u00eechir notre image de lui. Il s\u2019agit de venir \u00e0 une r\u00e9alisation vivante que Dieu nous aime maintenant, comme nous sommes et avant m\u00eame que nous d\u00e9cidions de changer. L&#8217;essentiel du Car\u00eame n&#8217;est pas que nous devrions agir pour Dieu, mais que nous devons devenir plus conscients de combien Dieu est fait pour nous. Chaque jour, nous voulons voir plus que Dieu nous aime avec force, sans faille, en permanence. Selon les termes de la premi\u00e8re lecture d&#8217;aujourd&#8217;hui, nous voulons comprendre que Dieu est tendresse et compassion, riche en bienveillance et pr\u00eat \u00e0 c\u00e9der.<\/p>\n<p>La v\u00e9ritable p\u00e9nitence du Car\u00eame c\u2019est de se tourner et de regarder J\u00e9sus dans les yeux et d\u2019y voir combien il nous aime, et combien il est cl\u00e9ment. C&#8217;est de laisser Dieu \u00eatre Dieu dans tous les aspects de nos vies. Et de cette prise de conscience de l&#8217;amour de Dieu, il nous vient le pouvoir de tourner notre dos au p\u00e9ch\u00e9, de se d\u00e9tourner de ce qui est faux et d\u2019embrasser tout enti\u00e8rement tout ce qui est bon.<\/p>\n<p>Le Car\u00eame est aussi un moment o\u00f9 nous avons besoin de penser diff\u00e9remment sur les probl\u00e8mes pressants de notre \u00e9poque. C&#8217;est un temps pour renouveler notre engagement \u00e0 prot\u00e9ger la dignit\u00e9 humaine et la promotion des droits de l&#8217;homme. Autrement dit, de r\u00e9gler les graves probl\u00e8mes de la pauvret\u00e9, de la faim et du ch\u00f4mage, et pas moins de prot\u00e9ger les ressources abondantes de la terre et de les partager plus \u00e9quitablement. Il s&#8217;agit de faire progresser la condition des femmes, la protection des enfants contre les abus et mettre fin \u00e0 l&#8217;\u00e9pid\u00e9mie du SIDA. Cela signifie une r\u00e9solution des conflits par la n\u00e9gociation, sans recours aux armes et surmonter la corruption mortelle et l&#8217;\u00e9go\u00efsme qui caract\u00e9risent si souvent les fonctions officielles.<\/p>\n<p>Dans chacun de ces domaines, Dieu nous appelle au repentir, afin de r\u00e9fl\u00e9chir au-del\u00e0 de notre fa\u00e7on de penser habituelle. Le Car\u00eame est un temps o\u00f9 nous essayons de le faire avec plus de s\u00e9rieux et plus de confiance que Dieu est \u00e0 nos c\u00f4t\u00e9s dans ces luttes. Si nous essayons de faire cela, alors nous faisons ce qui est vrai. Nous arrivons \u00e0 la lumi\u00e8re, afin que l\u2019on voit plus clairement que nos \u0153uvres ont \u00e9t\u00e9 faites en Dieu (Jean 3: 21).<\/p>\n<p align=\"left\">Concr\u00e8tement, dans le domaine du VIH et du SIDA, la p\u00e9nitence nous appelle \u00e0 :<\/p>\n<ul>\n<li>faire encore plus que ce que nous faisons pour s&#8217;assurer qu&#8217;aucun enfant n&#8217;est infect\u00e9 par le VIH ;<\/li>\n<li>\u00eatre ouverts \u00e0 l&#8217;utilisation de toutes les m\u00e9thodes \u00e9prouv\u00e9es de pr\u00e9vention du VIH ;<\/li>\n<li>cr\u00e9er le plus large choix pour les jeunes femmes et jeunes filles afin de r\u00e9duire leur vuln\u00e9rabilit\u00e9 ;<\/li>\n<li>encourager la circoncision m\u00e9dicale volontaire ;<\/li>\n<li>appuyer la prestation de cours d&#8217;\u00e9ducation sexuelle et reproductive et services associ\u00e9s ;<\/li>\n<li>soutenir les gens dans leur reconnaissance de leur statut s\u00e9rologique ;<\/li>\n<li>encourager ceux qui pourraient \u00eatre infect\u00e9s par le VIH \u00e0 avoir un examen m\u00e9dical et si n\u00e9cessaire de commencer un traitement ARV ;<\/li>\n<li>faire preuve de courage pour d\u00e9fendre les groupes marginalis\u00e9s ;<\/li>\n<li>s&#8217;assurer que les personnes vivant avec le VIH ne ressentent pas de stigmatisation et de discrimination.<\/li>\n<\/ul>\n<p align=\"left\">Les cendres sur nos fronts au d\u00e9but du Car\u00eame sont un rappel pour nous de faire plus dans tous ces domaines pour le peuple de Dieu.<\/p>\n<p>Enfin, le Car\u00eame est un temps o\u00f9 nous nous tournons vers Dieu dans la pri\u00e8re au nom de notre peuple avec urgence et confiance. Dans la lecture d&#8217;aujourd&#8217;hui, le proph\u00e8te Jo\u00ebl demande: \u00ab qui sait si Dieu ne tournera pas \u00e0 nouveau, et ne laissera une b\u00e9n\u00e9diction en passant? \u00bb Et il nous encourage \u00e0 demander au Seigneur d&#8217;\u00e9pargner son peuple. Laissez-nous faire ardemment en ce premier jour du Car\u00eame et pendant toute la saison, le suppliant sans plus de r\u00e9serve, alors que nous nous tournons vers lui, le Seigneur se tournera vers son peuple avec bienveillance et compassion et les lib\u00e9rera de leur pauvret\u00e9 et de la maladie pour une vie humaine plus compl\u00e8te, plus riche et plus heureuse.<\/p>","protected":false},"excerpt":{"rendered":"<p>Notre r\u00e9flexion pour ce mercredi des Cendres est \u00e9crit par le P\u00e8re Michael Kelly SJ, un \u00e9crivain prim\u00e9, conf\u00e9rencier et chercheur sur le VIH \/ SIDA qui a v\u00e9cu en Zambie pendant la majeure partie de sa vie. Ses travaux ont port\u00e9 sur l&#8217;interaction entre les questions de la pand\u00e9mie,<\/p>\n<p><a class=\"sd-more sd-all-trans\" href=\"https:\/\/ajan.africa\/pt\/penitence-penser-differemment\/#more-5129\">consulte Mais informa\u00e7\u00e3o<\/a><\/p>","protected":false},"author":155,"featured_media":0,"comment_status":"open","ping_status":"open","sticky":false,"template":"","format":"standard","meta":{"om_disable_all_campaigns":false,"_monsterinsights_skip_tracking":false,"_monsterinsights_sitenote_active":false,"_monsterinsights_sitenote_note":"","_monsterinsights_sitenote_category":0,"footnotes":""},"categories":[66],"tags":[],"class_list":["post-5129","post","type-post","status-publish","format-standard","hentry","category-ajan-campaign-articles"],"aioseo_notices":[],"_links":{"self":[{"href":"https:\/\/ajan.africa\/pt\/wp-json\/wp\/v2\/posts\/5129","targetHints":{"allow":["GET"]}}],"collection":[{"href":"https:\/\/ajan.africa\/pt\/wp-json\/wp\/v2\/posts"}],"about":[{"href":"https:\/\/ajan.africa\/pt\/wp-json\/wp\/v2\/types\/post"}],"author":[{"embeddable":true,"href":"https:\/\/ajan.africa\/pt\/wp-json\/wp\/v2\/users\/155"}],"replies":[{"embeddable":true,"href":"https:\/\/ajan.africa\/pt\/wp-json\/wp\/v2\/comments?post=5129"}],"version-history":[{"count":0,"href":"https:\/\/ajan.africa\/pt\/wp-json\/wp\/v2\/posts\/5129\/revisions"}],"wp:attachment":[{"href":"https:\/\/ajan.africa\/pt\/wp-json\/wp\/v2\/media?parent=5129"}],"wp:term":[{"taxonomy":"category","embeddable":true,"href":"https:\/\/ajan.africa\/pt\/wp-json\/wp\/v2\/categories?post=5129"},{"taxonomy":"post_tag","embeddable":true,"href":"https:\/\/ajan.africa\/pt\/wp-json\/wp\/v2\/tags?post=5129"}],"curies":[{"name":"wp","href":"https:\/\/api.w.org\/{rel}","templated":true}]}}