{"id":6946,"date":"2019-05-25T08:30:04","date_gmt":"2019-05-25T05:30:04","guid":{"rendered":"http:\/\/ajan.africa\/?p=6946"},"modified":"2019-05-25T08:30:04","modified_gmt":"2019-05-25T05:30:04","slug":"montee-en-puissance-des-grossesses-precoces-au-benin","status":"publish","type":"post","link":"https:\/\/ajan.africa\/pt\/montee-en-puissance-des-grossesses-precoces-au-benin\/","title":{"rendered":"MONT\u00c9E EN PUISSANCE DES GROSSESSES PR\u00c9COCES AU B\u00c9NIN"},"content":{"rendered":"<p>Le 25 mai 2019, l&#8217;atelier AHAPPY de formation des Formateurs a d\u00e9but\u00e9 au CREC. La formation, dont la fin est pr\u00e9vue pour le 1er juin 2019, a commenc\u00e9 par une introduction g\u00e9n\u00e9rale sur AJAN par le P. Elph\u00e8ge Quenum, le directeur de l&#8217;organisation. La raison d&#8217;\u00eatre d&#8217;AJAN a \u00e9t\u00e9 d\u00e9voil\u00e9e aux participants afin de jeter les bases de la formation proprement dite d\u2019AHAPPY. Il s&#8217;en est suivi l&#8217;expression des attentes des participants au cours de la formation.<br \/>\nPendant six jours, cinq modules d&#8217;AHAPPY ont \u00e9t\u00e9 administr\u00e9s alors qu&#8217;AJAN poursuit le d\u00e9veloppement int\u00e9gral de la jeunesse, le renforcement des capacit\u00e9s, l&#8217;engagement, la chastet\u00e9, l&#8217;attention port\u00e9e \u00e0 la vie, le style de vie responsable des jeunes ainsi que le leadership et l&#8217;excellence pour les jeunes en Afrique. <\/p>\n<p>Un moment de d\u00e9tente o\u00f9 une participante fait le point<br \/>\n\u00c0 l&#8217;issue de cette formation, les jeunes B\u00e9ninois ont exprim\u00e9 leur reconnaissance et se sont engag\u00e9s \u00e0 prendre le temps d&#8217;\u00e9tudier le manuel AHAPPY \u00e0 fond. Ils ont \u00e9galement promis de diffuser des informations importantes afin d&#8217;avoir un impact positif sur leur soci\u00e9t\u00e9. En effet, ils ont form\u00e9 avec enthousiasme quatre groupes \u00e0 savoir : Brilliants, Panta-Rhea, the Wise and Wisdom qu&#8217;ils utiliseraient comme moyens de transmission du programme AHAPPY.<br \/>\nEn effet, selon le directeur du Centre de Recherche, d&#8217;\u00c9tude et de Cr\u00e9ativit\u00e9, le P. Claude Domfang SJ., AHAPPY rendrait justice \u00e0 la communaut\u00e9 si ce programme est largement vulgaris\u00e9. La communaut\u00e9 b\u00e9ninoise envisage d&#8217;introduire l&#8217;\u00e9ducation sexuelle des jeunes enfants dans les \u00e9coles secondaires et primaires sur proposition du gouvernement des Pays-Bas d\u2019un contenu que le B\u00e9nin pourrait \u00e9galement adopter. Toutefois, apr\u00e8s avoir assist\u00e9 \u00e0 une discussion avec certaines parties prenantes au B\u00e9nin sur la proposition n\u00e9erlandaise, il a estim\u00e9 que ce n&#8217;est peut-\u00eatre pas ce dont la soci\u00e9t\u00e9 a besoin pour pr\u00e9parer les enfants \u00e0 la vie.<br \/>\nInformations critiques<br \/>\nLe B\u00e9nin est situ\u00e9 en Afrique de l&#8217;Ouest o\u00f9 plus de 6,1 millions de personnes vivent avec le VIH, dont 70 000 dans ce pays. Selon l&#8217;ONUSIDA, le B\u00e9nin a enregistr\u00e9 2 500 d\u00e9c\u00e8s li\u00e9s au VIH par an et 4000 nouvelles infections en 2017. Environ 48% des personnes infect\u00e9es en Afrique de l&#8217;Ouest (6,1 millions) n&#8217;ont connu leur statut qu&#8217;en 2017 et seulement 40% d&#8217;entre elles suivent un traitement.<br \/>\nSelon AVERT 2018, le principal obstacle \u00e0 la lutte contre le VIH au B\u00e9nin est la stigmatisation et la discrimination, ce que les participants \u00e0 cette formation AHAPPY ont confirm\u00e9. Au B\u00e9nin, les gens ne discutent pas ouvertement des questions li\u00e9es au VIH et au SIDA, ce qui rend difficile leur traitement.<br \/>\nCi-dessous &#8211; Les participants heureux  d\u2019obtenir leurs attestations apr\u00e8s avoir suivi le cours avec succ\u00e8s.<\/p>\n<p>Les grossesses pr\u00e9coces sont malheureusement devenues la norme<br \/>\nSelon le directeur du Centre de Recherche, d&#8217;\u00c9tude et de Cr\u00e9ativit\u00e9, le P\u00e8re Claude Domfang SJ., les grossesses pr\u00e9coces sont en plein essor au B\u00e9nin, ce qui est  malheureusement consid\u00e9r\u00e9 comme normal dans la soci\u00e9t\u00e9, et par cons\u00e9quent, les filles \u00e2g\u00e9es de 14 \u00e0 17 ans abandonnent l&#8217;\u00e9cole. Cela pose l&#8217;un des plus grands d\u00e9fis auxquels le B\u00e9nin est confront\u00e9 en ce qui concerne le VIH et le sida. Alors m\u00eame que le gouvernement b\u00e9ninois cherche \u00e0 introduire l&#8217;\u00e9ducation sexuelle dans les \u00e9coles, le pr\u00eatre souhaite que le programme AHAPPY puisse \u00eatre d\u00e9ploy\u00e9 massivement car il est convaincu qu&#8217;il contribuera \u00e0 endiguer les grossesses pr\u00e9coces.<\/p>\n<p><img fetchpriority=\"high\" decoding=\"async\" src=\"http:\/\/ajan.africa\/wp-content\/uploads\/2019\/08\/A-participant-makes-a-presentation.jpg\" alt=\"\" width=\"5472\" height=\"3648\" class=\"alignnone size-full wp-image-6180\" \/><\/p>\n<p><img decoding=\"async\" src=\"http:\/\/ajan.africa\/wp-content\/uploads\/2019\/08\/Participants-indulge-in-a-group-session.jpg\" alt=\"\" width=\"5472\" height=\"3648\" class=\"alignnone size-full wp-image-6182\" \/><\/p>\n<p><img decoding=\"async\" src=\"http:\/\/ajan.africa\/wp-content\/uploads\/2019\/08\/Glad-to-get-certification-after-succesful-completion-of-course.jpg\" alt=\"\" width=\"5472\" height=\"3648\" class=\"alignnone size-full wp-image-6181\" \/><\/p>","protected":false},"excerpt":{"rendered":"<p>Le 25 mai 2019, l&#8217;atelier AHAPPY de formation des Formateurs a d\u00e9but\u00e9 au CREC. La formation, dont la fin est pr\u00e9vue pour le 1er juin 2019, a commenc\u00e9 par une introduction g\u00e9n\u00e9rale sur AJAN par le P. Elph\u00e8ge Quenum, le directeur de l&#8217;organisation. La raison d&#8217;\u00eatre d&#8217;AJAN a \u00e9t\u00e9 d\u00e9voil\u00e9e<\/p>\n<p><a class=\"sd-more sd-all-trans\" href=\"https:\/\/ajan.africa\/pt\/montee-en-puissance-des-grossesses-precoces-au-benin\/#more-6946\">consulte Mais informa\u00e7\u00e3o<\/a><\/p>","protected":false},"author":155,"featured_media":6183,"comment_status":"open","ping_status":"open","sticky":false,"template":"","format":"standard","meta":{"om_disable_all_campaigns":false,"_monsterinsights_skip_tracking":false,"_monsterinsights_sitenote_active":false,"_monsterinsights_sitenote_note":"","_monsterinsights_sitenote_category":0,"footnotes":""},"categories":[81],"tags":[],"class_list":["post-6946","post","type-post","status-publish","format-standard","has-post-thumbnail","hentry","category-ajanews-articles-french"],"aioseo_notices":[],"_links":{"self":[{"href":"https:\/\/ajan.africa\/pt\/wp-json\/wp\/v2\/posts\/6946","targetHints":{"allow":["GET"]}}],"collection":[{"href":"https:\/\/ajan.africa\/pt\/wp-json\/wp\/v2\/posts"}],"about":[{"href":"https:\/\/ajan.africa\/pt\/wp-json\/wp\/v2\/types\/post"}],"author":[{"embeddable":true,"href":"https:\/\/ajan.africa\/pt\/wp-json\/wp\/v2\/users\/155"}],"replies":[{"embeddable":true,"href":"https:\/\/ajan.africa\/pt\/wp-json\/wp\/v2\/comments?post=6946"}],"version-history":[{"count":0,"href":"https:\/\/ajan.africa\/pt\/wp-json\/wp\/v2\/posts\/6946\/revisions"}],"wp:featuredmedia":[{"embeddable":true,"href":"https:\/\/ajan.africa\/pt\/wp-json\/wp\/v2\/media\/6183"}],"wp:attachment":[{"href":"https:\/\/ajan.africa\/pt\/wp-json\/wp\/v2\/media?parent=6946"}],"wp:term":[{"taxonomy":"category","embeddable":true,"href":"https:\/\/ajan.africa\/pt\/wp-json\/wp\/v2\/categories?post=6946"},{"taxonomy":"post_tag","embeddable":true,"href":"https:\/\/ajan.africa\/pt\/wp-json\/wp\/v2\/tags?post=6946"}],"curies":[{"name":"wp","href":"https:\/\/api.w.org\/{rel}","templated":true}]}}