{"id":6962,"date":"2019-08-06T08:30:34","date_gmt":"2019-08-06T05:30:34","guid":{"rendered":"http:\/\/ajan.africa\/?p=6962"},"modified":"2019-08-06T08:30:34","modified_gmt":"2019-08-06T05:30:34","slug":"fixer-lobjectif-sur-les-personnes-vulnerables-parmis-lesquelles-les-personnes-touchees-par-le-vih-et-le-sida","status":"publish","type":"post","link":"https:\/\/ajan.africa\/pt\/fixer-lobjectif-sur-les-personnes-vulnerables-parmis-lesquelles-les-personnes-touchees-par-le-vih-et-le-sida\/","title":{"rendered":"FIXER L\u2019OBJECTIF SUR LES PERSONNES VULN\u00c9RABLES, PARMIS LESQUELLES, LES PERSONNES TOUCH\u00c9ES PAR LE VIH ET LE SIDA"},"content":{"rendered":"<p>Des repr\u00e9sentants des universit\u00e9s j\u00e9suites, des centres de recherche sociale, des coordinateurs de l\u2019apostolat social, des consultants et experts de plus de 15 pays se sont r\u00e9unis en Afrique du Sud du 6 au 9 ao\u00fbt 2019 pour la rencontre annuelle Justice et \u00c9cologie. Le lieu \u00e9tait le Lumko Institute, Brentwood Park (Benoni) Johannesburg. La conf\u00e9rence, intitul\u00e9e Conf\u00e9rence internationale JENA sur les pr\u00e9f\u00e9rences apostoliques universelles (UAP), avait pour th\u00e8mes la gouvernance, les processus et les acteurs dans la mise en \u0153uvre des UAP. Il a \u00e9t\u00e9 con\u00e7u comme une plateforme pour les acteurs du R\u00e9seau j\u00e9suite en Afrique pour d\u00e9lib\u00e9rer et r\u00e9pondre efficacement \u00e0 la d\u00e9claration du Sup\u00e9rieur g\u00e9n\u00e9ral.<br \/>\nLes esprits des participants \u00e9taient collectivement concentr\u00e9s et converg\u00e9s sur les moyens concrets qui peuvent \u00eatre utilis\u00e9s dans le suivi des points d&#8217;action convenus des UAP \u00e0 tous les niveaux, l&#8217;objectif ultime \u00e9tant de sensibiliser sur les d\u00e9fis auxquels nous sommes tous confront\u00e9s. Les r\u00e9flexions des participants ont port\u00e9 sur la cr\u00e9ation de nouvelles connaissances, la sagesse n\u00e9cessaire \u00e0 la mise en \u0153uvre des UAP dynamiques, la collaboration et l&#8217;auto-transformation requises des acteurs impliqu\u00e9s \u00e0 tous les niveaux.<br \/>\nPour le directeur d&#8217;AJAN pr\u00e9sent, la d\u00e9lib\u00e9ration sur les personnes vuln\u00e9rables et les jeunes d&#8217;Afrique \u00e9tait d&#8217;une importance cruciale car les PVVIH et les personnes affect\u00e9es par le VIH sont le point focal autour duquel tournent les activit\u00e9s d&#8217;AJAN. L&#8217;accent a \u00e9t\u00e9 mis sur la mise en place des structures de soutien \u00e9conomique et social pour aider les personnes vuln\u00e9rables, y compris les migrants, les r\u00e9fugi\u00e9s et les PVVIH, \u00e0 faire face aux d\u00e9fis pos\u00e9s par le VIH et le SIDA. Les structures et les interventions doivent cependant s&#8217;appuyer sur la recherche. Garder les jeunes autonomes, en bonne sant\u00e9 et \u00e0 l&#8217;abri du virus est \u00e9galement au c\u0153ur de la mission de l&#8217;organisation.<br \/>\nD\u00e8s le d\u00e9part, il a \u00e9t\u00e9 convenu que les UAP ne peuvent \u00eatre pris ou compris isol\u00e9ment, mais qu&#8217;ils sont indissociablement li\u00e9s les uns aux autres. Les participants ont convenu que la r\u00e9alisation des objectifs fix\u00e9s dans les UAP exigeait une auto-transformation, une transformation de la soci\u00e9t\u00e9 et une ouverture d&#8217;esprit dans la recherche de solutions.<br \/>\nReconnaissant que notre spiritualit\u00e9 et notre relation avec Dieu (fondent) nos actions, la conf\u00e9rence a soulign\u00e9 la n\u00e9cessit\u00e9 de cheminer avec les marginalis\u00e9s tels que les migrants, les victimes de la guerre et du trafic humain, les r\u00e9fugi\u00e9s, les apatrides, les femmes, les orphelins et enfants vuln\u00e9rables, les PVVIH et le SIDA dans une mission de r\u00e9conciliation et de justice. Il s&#8217;agit des personnes qui sont victimes de violence psychologique et sexuelle, des personnes que la soci\u00e9t\u00e9 consid\u00e8re comme des parias, des personnes qui sont stigmatis\u00e9es et n\u00e9glig\u00e9es. Ce sont elles qui n&#8217;ont pas acc\u00e8s aux besoins fondamentaux, notamment \u00e0 une meilleure nutrition et \u00e0 des m\u00e9dicaments pour g\u00e9rer le VIH et le SIDA.<br \/>\nEn ce qui concerne les jeunes, le directeur de l&#8217;AJAN a d\u00e9clar\u00e9 que : &#8220;Les jeunes Africains ne sont pas seulement l&#8217;avenir du continent, ils sont en fait le pr\u00e9sent. Ils v\u00e9hiculent la vision collective de la soci\u00e9t\u00e9 africaine et il convient de noter que les jeunes de moins de 30 ans constituent 70% de la population. Ils constituent une ressource incroyable pour le d\u00e9veloppement de l&#8217;Afrique, mais ils sont confront\u00e9s \u00e0 des taux \u00e9lev\u00e9s de ch\u00f4mage et de sous-emploi, \u00e0 un bon d\u00e9ficit \u00e9ducatif et \u00e0 des probl\u00e8mes de sant\u00e9. Le VIH\/SIDA reste une cause majeure de mortalit\u00e9 parmi eux. Une g\u00e9n\u00e9ration future en bonne sant\u00e9 signifie que nous veillons \u00e0 ce que l&#8217;infection au VIH chez les jeunes soit radicalement r\u00e9duite, voire \u00e9limin\u00e9e, gr\u00e2ce \u00e0 la pr\u00e9vention et \u00e0 des m\u00e9dicaments appropri\u00e9s. Cela signifie que nous sommes capables de faire preuve d&#8217;amour, d&#8217;acceptation et de cr\u00e9er de l&#8217;espoir chez cette jeune g\u00e9n\u00e9ration. Nous devons utiliser l&#8217;approche conviviale qui place les jeunes au centre et int\u00e8gre leur propre point de vue. Ils ont besoin d&#8217;\u00eatre responsabilis\u00e9s afin de vivre longtemps, c&#8217;est-\u00e0-dire en bonne sant\u00e9. Nous devons veiller \u00e0 ce qu&#8217;ils re\u00e7oivent une \u00e9ducation appropri\u00e9e qui lib\u00e8re leur cr\u00e9ativit\u00e9 et en fasse des agents de transformation&#8221;.<br \/>\nSans aucun doute, la participation d&#8217;AJAN \u00e0 la r\u00e9union JENA a mis en \u00e9vidence son r\u00f4le dans la mise en \u0153uvre des UAP et a indiqu\u00e9 les diff\u00e9rents liens avec les autres secteurs des missions j\u00e9suites. <\/p>","protected":false},"excerpt":{"rendered":"<p>Des repr\u00e9sentants des universit\u00e9s j\u00e9suites, des centres de recherche sociale, des coordinateurs de l\u2019apostolat social, des consultants et experts de plus de 15 pays se sont r\u00e9unis en Afrique du Sud du 6 au 9 ao\u00fbt 2019 pour la rencontre annuelle Justice et \u00c9cologie. Le lieu \u00e9tait le Lumko Institute,<\/p>\n<p><a class=\"sd-more sd-all-trans\" href=\"https:\/\/ajan.africa\/pt\/fixer-lobjectif-sur-les-personnes-vulnerables-parmis-lesquelles-les-personnes-touchees-par-le-vih-et-le-sida\/#more-6962\">consulte Mais informa\u00e7\u00e3o<\/a><\/p>","protected":false},"author":155,"featured_media":6178,"comment_status":"open","ping_status":"open","sticky":false,"template":"","format":"standard","meta":{"om_disable_all_campaigns":false,"_monsterinsights_skip_tracking":false,"_monsterinsights_sitenote_active":false,"_monsterinsights_sitenote_note":"","_monsterinsights_sitenote_category":0,"footnotes":""},"categories":[67],"tags":[],"class_list":["post-6962","post","type-post","status-publish","format-standard","has-post-thumbnail","hentry","category-aids-in-africa-articles"],"aioseo_notices":[],"_links":{"self":[{"href":"https:\/\/ajan.africa\/pt\/wp-json\/wp\/v2\/posts\/6962","targetHints":{"allow":["GET"]}}],"collection":[{"href":"https:\/\/ajan.africa\/pt\/wp-json\/wp\/v2\/posts"}],"about":[{"href":"https:\/\/ajan.africa\/pt\/wp-json\/wp\/v2\/types\/post"}],"author":[{"embeddable":true,"href":"https:\/\/ajan.africa\/pt\/wp-json\/wp\/v2\/users\/155"}],"replies":[{"embeddable":true,"href":"https:\/\/ajan.africa\/pt\/wp-json\/wp\/v2\/comments?post=6962"}],"version-history":[{"count":0,"href":"https:\/\/ajan.africa\/pt\/wp-json\/wp\/v2\/posts\/6962\/revisions"}],"wp:featuredmedia":[{"embeddable":true,"href":"https:\/\/ajan.africa\/pt\/wp-json\/wp\/v2\/media\/6178"}],"wp:attachment":[{"href":"https:\/\/ajan.africa\/pt\/wp-json\/wp\/v2\/media?parent=6962"}],"wp:term":[{"taxonomy":"category","embeddable":true,"href":"https:\/\/ajan.africa\/pt\/wp-json\/wp\/v2\/categories?post=6962"},{"taxonomy":"post_tag","embeddable":true,"href":"https:\/\/ajan.africa\/pt\/wp-json\/wp\/v2\/tags?post=6962"}],"curies":[{"name":"wp","href":"https:\/\/api.w.org\/{rel}","templated":true}]}}