{"id":7899,"date":"2021-04-03T09:17:26","date_gmt":"2021-04-03T06:17:26","guid":{"rendered":"https:\/\/ajan.africa\/?p=7899"},"modified":"2021-10-25T12:43:43","modified_gmt":"2021-10-25T12:43:43","slug":"easter-vigil-reflection","status":"publish","type":"post","link":"https:\/\/ajan.africa\/pt\/easter-vigil-reflection\/","title":{"rendered":"REFLEX\u00c3O DA VIG\u00cdLIA DE P\u00c1SCOA"},"content":{"rendered":"<h4><strong>By Padre Gregory Mulobela,S.J., Diretor Chikuni Parish Home Based Care Project \u2013 Z\u00e2mbia.<\/strong><\/h4>\n<p>Esta noite, alguns reunir-se-\u00e3o na escurid\u00e3o para come\u00e7ar a vig\u00edlia da P\u00e1scoa na Noite Santa. A \"escurid\u00e3o\" de Covid-19 exigiu uma ordem de abrigo em alguns pa\u00edses. E a \"escurid\u00e3o\" das desigualdades que impediram alguns dos nossos irm\u00e3os e irm\u00e3s de acederem aos servi\u00e7os de VIH que salvam vidas e \u00e0s drogas ainda perduram \u00e0 nossa volta. Certamente as pandemias de HIV e Covid-19 continuam a prolongar as nossas noites escuras. No entanto, o fogo ser\u00e1 aceso nesta escurid\u00e3o esta noite, e a vela paschal nos lembrar\u00e1 de Cristo que transforma a escurid\u00e3o em luz.<\/p>\n<p>Uma experi\u00eancia acumulada de 40 anos na resposta ao VIH e \u00e0 SIDA forneceu-nos provas de progressos em dire\u00e7\u00e3o \u00e0 luz. As vacinas Covid-19 tamb\u00e9m s\u00e3o leves que podemos ver no horizonte. De certeza que o trecho escuro da estrada pode estar connosco durante algum tempo, mas esta noite lembra-nos que h\u00e1 luz que transforma a noite em dia. Deparamo-nos com testemunhos de muitos que vivem com o VIH que est\u00e3o agora a gozar longas e saud\u00e1veis vidas por causa do acesso \u00e0 terapia antirretroviral que salva vidas. Homens e mulheres de boa vontade est\u00e3o a trabalhar arduamente para que a Instala\u00e7\u00e3o COVAX funcione e entreguem vacinas Covid-19 a todos os pa\u00edses. Adicion\u00e1mos a nossa voz ao apelo para renunciar aos direitos de patente da vacina Covid-19, e continuaremos a adicionar a nossa voz ao apelo para acabar com as desigualdades relacionadas com o VIH. \"Que haja luz\" ouviremos esta noite! E Cristo a nossa luz nos encher\u00e1 mais uma vez de esperan\u00e7a: a luz \u00e9 mais forte que a escurid\u00e3o.<\/p>\n<p>Caros amigos, que Cristo a nossa luz nos leve pela m\u00e3o e lidere o caminho. Deixemos que nos abrace e caminhe connosco para a luz. Que o fogo desta noite continue a fortalecer as nossas m\u00e3os que \u00e0s vezes ficam fracas, e os nossos joelhos que algumas vezes s\u00e3o fracos. Que o fogo desta Vig\u00edlia de P\u00e1scoa na Noite Santa.continue a dar poder \u00e0 nossa humilde contribui\u00e7\u00e3o para a esperan\u00e7a e a bondade. Que as obras apost\u00f3licas da nossa fam\u00edlia ignatiana continuem a ser o fogo que transforma o mundo e n\u00f3s mesmos para o bem de todos. E que cada um de n\u00f3s seja portador de Cristo a nossa luz para todos os que est\u00e3o ansiosos e com medo nesta escurid\u00e3o temporal.<\/p>\n<h5><\/h5>","protected":false},"excerpt":{"rendered":"<p>By Fr. Gregory Mulobela, S.J., Director Chikuni Parish Home Based Care Project \u2013 Zambia. Tonight, some will gather in darkness to begin the Easter vigil in the Holy Night. The \u201cdarkness\u201d of Covid-19 has necessitated a sheltering-in-place order in some countries. And the \u201cdarkness\u201d of inequalities that have prevented some<\/p>\n<p><a class=\"sd-more sd-all-trans\" href=\"https:\/\/ajan.africa\/pt\/easter-vigil-reflection\/#more-7899\">consulte Mais informa\u00e7\u00e3o<\/a><\/p>","protected":false},"author":155,"featured_media":7914,"comment_status":"open","ping_status":"open","sticky":false,"template":"","format":"standard","meta":{"om_disable_all_campaigns":false,"_monsterinsights_skip_tracking":false,"_monsterinsights_sitenote_active":false,"_monsterinsights_sitenote_note":"","_monsterinsights_sitenote_category":0,"footnotes":""},"categories":[67,66,98],"tags":[],"class_list":["post-7899","post","type-post","status-publish","format-standard","has-post-thumbnail","hentry","category-aids-in-africa-articles","category-ajan-campaign-articles","category-ajan-news-articles"],"aioseo_notices":[],"_links":{"self":[{"href":"https:\/\/ajan.africa\/pt\/wp-json\/wp\/v2\/posts\/7899","targetHints":{"allow":["GET"]}}],"collection":[{"href":"https:\/\/ajan.africa\/pt\/wp-json\/wp\/v2\/posts"}],"about":[{"href":"https:\/\/ajan.africa\/pt\/wp-json\/wp\/v2\/types\/post"}],"author":[{"embeddable":true,"href":"https:\/\/ajan.africa\/pt\/wp-json\/wp\/v2\/users\/155"}],"replies":[{"embeddable":true,"href":"https:\/\/ajan.africa\/pt\/wp-json\/wp\/v2\/comments?post=7899"}],"version-history":[{"count":0,"href":"https:\/\/ajan.africa\/pt\/wp-json\/wp\/v2\/posts\/7899\/revisions"}],"wp:featuredmedia":[{"embeddable":true,"href":"https:\/\/ajan.africa\/pt\/wp-json\/wp\/v2\/media\/7914"}],"wp:attachment":[{"href":"https:\/\/ajan.africa\/pt\/wp-json\/wp\/v2\/media?parent=7899"}],"wp:term":[{"taxonomy":"category","embeddable":true,"href":"https:\/\/ajan.africa\/pt\/wp-json\/wp\/v2\/categories?post=7899"},{"taxonomy":"post_tag","embeddable":true,"href":"https:\/\/ajan.africa\/pt\/wp-json\/wp\/v2\/tags?post=7899"}],"curies":[{"name":"wp","href":"https:\/\/api.w.org\/{rel}","templated":true}]}}