{"id":8000,"date":"2021-05-03T09:43:04","date_gmt":"2021-05-03T06:43:04","guid":{"rendered":"https:\/\/ajan.africa\/?p=8000"},"modified":"2021-10-25T12:09:07","modified_gmt":"2021-10-25T12:09:07","slug":"easter-tree-for-the-children-of-abe-burkina-faso","status":"publish","type":"post","link":"https:\/\/ajan.africa\/pt\/easter-tree-for-the-children-of-abe-burkina-faso\/","title":{"rendered":"\u00c1RVORE DE P\u00c1SCOA PARA AS CRIAN\u00c7AS DE ABE BURKINA FASO."},"content":{"rendered":"<p id=\"tw-target-text\" class=\"tw-data-text tw-text-large XcVN5d tw-ta\" dir=\"ltr\" data-placeholder=\"Translation\"><span class=\"Y2IQFc\" lang=\"en\">Uma \u00e1rvore de Natal originalmente marcada para 31 de janeiro de 2021, foi revelada na segunda-feira de P\u00e1scoa para as crian\u00e7as do ABE Burkina Faso. Cerca de uma centena de crian\u00e7as participaram na atividade que teve in\u00edcio \u00e0s 8h30 com a rece\u00e7\u00e3o e 'instala\u00e7\u00e3o' das crian\u00e7as. O ambiente estava com entusiasmo e cada uma das crian\u00e7as colocou o seu melhor p\u00e9 para a frente, doando o seu melhor domingo.<\/span><\/p>\n<p dir=\"ltr\" data-placeholder=\"Translation\"><img fetchpriority=\"high\" decoding=\"async\" class=\"alignnone  wp-image-7996\" src=\"http:\/\/ajan.africa\/wp-content\/uploads\/2021\/05\/WhatsApp-Image-2021-04-26-at-20.10.15.jpeg\" alt=\"\" width=\"794\" height=\"596\" srcset=\"https:\/\/ajan.africa\/wp-content\/uploads\/2021\/05\/WhatsApp-Image-2021-04-26-at-20.10.15.jpeg 1080w, https:\/\/ajan.africa\/wp-content\/uploads\/2021\/05\/WhatsApp-Image-2021-04-26-at-20.10.15-300x225.jpeg 300w, https:\/\/ajan.africa\/wp-content\/uploads\/2021\/05\/WhatsApp-Image-2021-04-26-at-20.10.15-1024x768.jpeg 1024w, https:\/\/ajan.africa\/wp-content\/uploads\/2021\/05\/WhatsApp-Image-2021-04-26-at-20.10.15-768x576.jpeg 768w\" sizes=\"(max-width: 794px) 100vw, 794px\" \/><\/p>\n<p class=\"tw-data-text tw-text-large XcVN5d tw-ta translation-block\" dir=\"ltr\" data-placeholder=\"Translation\"><span class=\"Y2IQFc\" lang=\"en\"> Os cozinheiros eram as m\u00e3es das crian\u00e7as que estavam prontas para preparar refei\u00e7\u00f5es suntuosas desde as 7h30. As <strong> irm\u00e3s da Doutrina Crist\u00e3 <\/strong> trouxeram seu toque decorando a ocasi\u00e3o com vasos de flores naturais. <\/span> Al\u00e9m de alguns membros da ABE, alguns respons\u00e1veis \u200b\u200bvieram acompanhar seus filhos. Nesta \u00e1rvore de P\u00e1scoa, foi distribu\u00edda uma refei\u00e7\u00e3o comunit\u00e1ria, pequenos presentes compostos por doces, sucos e biscoitos.<\/p>\n<p class=\"translation-block\">Um m\u00fasico estava \u00e0 disposi\u00e7\u00e3o para entreter as crian\u00e7as enquanto dan\u00e7avam e se divertiam. O dia terminou com uma nota alta. Deve-se notar que a \u00e1rvore da P\u00e1scoa foi financiada pelos fi\u00e9is do <strong> Centro Espiritual Pamyondo <\/strong> dos Jesu\u00edtas de Burkina Faso.<\/p>","protected":false},"excerpt":{"rendered":"<p>A Christmas tree originally scheduled for January 31, 2021, was unveiled on Easter Monday for the children of ABE Burkina Faso. About a hundred children took part in the activity which started at 8:30 am with the reception and &#8216;installation&#8217; of the children. The atmosphere was with enthusiasm and each<\/p>\n<p><a class=\"sd-more sd-all-trans\" href=\"https:\/\/ajan.africa\/pt\/easter-tree-for-the-children-of-abe-burkina-faso\/#more-8000\">consulte Mais informa\u00e7\u00e3o<\/a><\/p>","protected":false},"author":155,"featured_media":7998,"comment_status":"open","ping_status":"open","sticky":false,"template":"","format":"standard","meta":{"om_disable_all_campaigns":false,"_monsterinsights_skip_tracking":false,"_monsterinsights_sitenote_active":false,"_monsterinsights_sitenote_note":"","_monsterinsights_sitenote_category":0,"footnotes":""},"categories":[67,66],"tags":[],"class_list":["post-8000","post","type-post","status-publish","format-standard","has-post-thumbnail","hentry","category-aids-in-africa-articles","category-ajan-campaign-articles"],"aioseo_notices":[],"_links":{"self":[{"href":"https:\/\/ajan.africa\/pt\/wp-json\/wp\/v2\/posts\/8000","targetHints":{"allow":["GET"]}}],"collection":[{"href":"https:\/\/ajan.africa\/pt\/wp-json\/wp\/v2\/posts"}],"about":[{"href":"https:\/\/ajan.africa\/pt\/wp-json\/wp\/v2\/types\/post"}],"author":[{"embeddable":true,"href":"https:\/\/ajan.africa\/pt\/wp-json\/wp\/v2\/users\/155"}],"replies":[{"embeddable":true,"href":"https:\/\/ajan.africa\/pt\/wp-json\/wp\/v2\/comments?post=8000"}],"version-history":[{"count":0,"href":"https:\/\/ajan.africa\/pt\/wp-json\/wp\/v2\/posts\/8000\/revisions"}],"wp:featuredmedia":[{"embeddable":true,"href":"https:\/\/ajan.africa\/pt\/wp-json\/wp\/v2\/media\/7998"}],"wp:attachment":[{"href":"https:\/\/ajan.africa\/pt\/wp-json\/wp\/v2\/media?parent=8000"}],"wp:term":[{"taxonomy":"category","embeddable":true,"href":"https:\/\/ajan.africa\/pt\/wp-json\/wp\/v2\/categories?post=8000"},{"taxonomy":"post_tag","embeddable":true,"href":"https:\/\/ajan.africa\/pt\/wp-json\/wp\/v2\/tags?post=8000"}],"curies":[{"name":"wp","href":"https:\/\/api.w.org\/{rel}","templated":true}]}}