{"id":9490,"date":"2021-09-21T08:17:19","date_gmt":"2021-09-21T08:17:19","guid":{"rendered":"https:\/\/ajan.africa\/?p=9490"},"modified":"2021-10-22T08:24:12","modified_gmt":"2021-10-22T08:24:12","slug":"hekima-place-caregivers-undergo-ahappy-training","status":"publish","type":"post","link":"https:\/\/ajan.africa\/pt\/hekima-place-caregivers-undergo-ahappy-training\/","title":{"rendered":"Os cuidadores do Hekima Place aprimoram suas habilidades por meio de um semin\u00e1rio AHAPPY de tr\u00eas dias"},"content":{"rendered":"<p class=\"translation-block\">Os residentes do <a href=\"https:\/\/hekimaplace.org\/\" target=\"_blank\" rel=\"noreferrer noopener\"> Hekima Place <\/a> conseguiram 'contestar' a alega\u00e7\u00e3o de Karen Blixen de que ela tinha uma fazenda \u201cem o sop\u00e9 das colinas de Ngong \u201dque ela faz em seu livro\u201c Out of Africa \u201d. O Hekima Place fica bem no sop\u00e9 das colinas Ngong em Kona Baridi em Ngong, condado de Kajiado no Qu\u00eania, enquanto a casa de Karen Blixen - convertida em um museu - fica a mais de 10 km de dist\u00e2ncia em Karen, Nair\u00f3bi. Esta observa\u00e7\u00e3o nos foi feita - uma nota leve - por Kate Fletcher, fundadora do Hekima Place.<\/p>\n\n\n\n<p>Kate Fletcher, uma americana de Pittsburgh, Pensilv\u00e2nia, fundou a casa em 2005 e ela foi transferida de Karen em Nair\u00f3bi para uma terra de 10 acres em Ngong em 2009. A ideia original de Kate era fornecer um ref\u00fagio para meninas vulner\u00e1veis. Atualmente, Hekima trabalha lado a lado com o escrit\u00f3rio infantil do condado de Kajiado para acomodar meninas que precisam urgentemente de cuidados e resgate. As meninas ter\u00e3o um passado traum\u00e1tico; tendo sido abusado, vivendo com HIV e \/ ou \u00f3rf\u00e3o devido \u00e0 AIDS. No Hekima, o amor, a alimenta\u00e7\u00e3o nutritiva, os cuidados m\u00e9dicos, o aconselhamento e todas as suas necessidades b\u00e1sicas s\u00e3o atendidos gratuitamente para que possam se curar em todas as dimens\u00f5es.<\/p>\n\n\n\n<div class=\"wp-block-columns is-layout-flex wp-container-core-columns-is-layout-9d6595d7 wp-block-columns-is-layout-flex\">\n<div class=\"wp-block-column is-layout-flow wp-block-column-is-layout-flow\">\n<figure class=\"wp-block-image size-large\"><img fetchpriority=\"high\" decoding=\"async\" width=\"1024\" height=\"683\" src=\"https:\/\/ajan.africa\/wp-content\/uploads\/2021\/09\/hekima12-1-1024x683.jpg\" alt=\"\" class=\"wp-image-9499\" srcset=\"https:\/\/ajan.africa\/wp-content\/uploads\/2021\/09\/hekima12-1-1024x683.jpg 1024w, https:\/\/ajan.africa\/wp-content\/uploads\/2021\/09\/hekima12-1-300x200.jpg 300w, https:\/\/ajan.africa\/wp-content\/uploads\/2021\/09\/hekima12-1-768x512.jpg 768w, https:\/\/ajan.africa\/wp-content\/uploads\/2021\/09\/hekima12-1-18x12.jpg 18w, https:\/\/ajan.africa\/wp-content\/uploads\/2021\/09\/hekima12-1.jpg 1260w\" sizes=\"(max-width: 1024px) 100vw, 1024px\" \/><figcaption>Uma sess\u00e3o de treinamento<\/figcaption><\/figure>\n<\/div>\n\n\n\n<div class=\"wp-block-column is-layout-flow wp-block-column-is-layout-flow\">\n<figure class=\"wp-block-image size-large\"><img decoding=\"async\" width=\"1024\" height=\"682\" src=\"https:\/\/ajan.africa\/wp-content\/uploads\/2021\/09\/hekima4-1-1024x682.jpg\" alt=\"\" class=\"wp-image-9498\" srcset=\"https:\/\/ajan.africa\/wp-content\/uploads\/2021\/09\/hekima4-1-1024x682.jpg 1024w, https:\/\/ajan.africa\/wp-content\/uploads\/2021\/09\/hekima4-1-300x200.jpg 300w, https:\/\/ajan.africa\/wp-content\/uploads\/2021\/09\/hekima4-1-768x512.jpg 768w, https:\/\/ajan.africa\/wp-content\/uploads\/2021\/09\/hekima4-1-18x12.jpg 18w, https:\/\/ajan.africa\/wp-content\/uploads\/2021\/09\/hekima4-1.jpg 1330w\" sizes=\"(max-width: 1024px) 100vw, 1024px\" \/><figcaption> Os treinadores e cuidadores <\/figcaption><\/figure>\n<\/div>\n<\/div>\n\n\n\n<p class=\"translation-block\">O trabalho que Kate e seus cuidadores fazem \u00e9 incr\u00edvel e o amor \u00e9 evidente nas garotas confiantes e sempre felizes. A necessidade de se tornar cada vez melhor no que fazem foi o que levou Margaret Nyawira, gerente do programa na institui\u00e7\u00e3o, a convidar a AJAN para que sua equipe participasse do programa de Treinamento de Instrutores oferecido pelo Programa de HIV e AIDS da AJAN para Jovens. Isso aconteceu por tr\u00eas dias consecutivos - <strong> 14 <sup> th <\/sup> a 15 <sup> th <\/sup> de setembro de 2021- <\/strong> onde assuntos como; <strong> Minhas dimens\u00f5es (f\u00edsica, espiritual, emocional, intelectual e social), Sou uma criatura amorosa de Deus, O mundo em que vivemos (Sant\u00edssima Trindade, Sexualidade, Infec\u00e7\u00f5es sexualmente transmiss\u00edveis, Abuso de drogas e Gravidez precoce), Saber Myself, Growing Myself e Fundamentos sobre os quais construir minha vida <\/strong> foram dissecados. Ismael Matambura liderou o treinamento com Pascalia Sergon e Caleb Mwamisi ao seu lado. As sess\u00f5es envolveram trabalho em grupo, sess\u00f5es de perguntas e respostas, exibi\u00e7\u00e3o de curtas-metragens e apresenta\u00e7\u00f5es.<\/p>\n\n\n\n<div class=\"wp-block-columns is-layout-flex wp-container-core-columns-is-layout-9d6595d7 wp-block-columns-is-layout-flex\">\n<div class=\"wp-block-column is-layout-flow wp-block-column-is-layout-flow\">\n<figure class=\"wp-block-image size-large\"><img decoding=\"async\" width=\"1024\" height=\"681\" src=\"https:\/\/ajan.africa\/wp-content\/uploads\/2021\/09\/hekima15-1024x681.jpg\" alt=\"\" class=\"wp-image-9496\" srcset=\"https:\/\/ajan.africa\/wp-content\/uploads\/2021\/09\/hekima15-1024x681.jpg 1024w, https:\/\/ajan.africa\/wp-content\/uploads\/2021\/09\/hekima15-300x199.jpg 300w, https:\/\/ajan.africa\/wp-content\/uploads\/2021\/09\/hekima15-768x510.jpg 768w, https:\/\/ajan.africa\/wp-content\/uploads\/2021\/09\/hekima15-18x12.jpg 18w, https:\/\/ajan.africa\/wp-content\/uploads\/2021\/09\/hekima15.jpg 1261w\" sizes=\"(max-width: 1024px) 100vw, 1024px\" \/><figcaption> Acima, uma cuidadora expressa suas opini\u00f5es sobre os jovens <\/figcaption><\/figure>\n<\/div>\n\n\n\n<div class=\"wp-block-column is-layout-flow wp-block-column-is-layout-flow\">\n<figure class=\"wp-block-image size-large\"><img loading=\"lazy\" decoding=\"async\" width=\"1024\" height=\"671\" src=\"https:\/\/ajan.africa\/wp-content\/uploads\/2021\/09\/hekima22-1024x671.jpg\" alt=\"\" class=\"wp-image-9495\" srcset=\"https:\/\/ajan.africa\/wp-content\/uploads\/2021\/09\/hekima22-1024x671.jpg 1024w, https:\/\/ajan.africa\/wp-content\/uploads\/2021\/09\/hekima22-300x197.jpg 300w, https:\/\/ajan.africa\/wp-content\/uploads\/2021\/09\/hekima22-768x503.jpg 768w, https:\/\/ajan.africa\/wp-content\/uploads\/2021\/09\/hekima22-18x12.jpg 18w, https:\/\/ajan.africa\/wp-content\/uploads\/2021\/09\/hekima22.jpg 1338w\" sizes=\"(max-width: 1024px) 100vw, 1024px\" \/><figcaption>Os participantes colocam suas cabe\u00e7as juntas<\/figcaption><\/figure>\n\n\n\n<p><\/p>\n<\/div>\n<\/div>\n\n\n\n<p>No final da sess\u00e3o, os participantes ficaram satisfeitos por terem comparecido. \u201cAs sess\u00f5es foram maravilhosas e \u00fateis\u201d, disse Kate. \u201cSomos gratos a Deus pela parceria com a AJAN e esperamos continuar a trabalhar juntos rumo ao futuro\u201d, disse Margaret. \u201cEu aprendi muito que vai me ajudar muito a ajudar as meninas aqui e at\u00e9 mesmo minha fam\u00edlia em casa\u201d, disse Wambui, uma m\u00e3e em Hekima Place.<\/p>\n\n\n\n<p class=\"translation-block\">Al\u00e9m da casa, o Hekima Hills Learning Centre existe na mesma vizinhan\u00e7a, oferecendo educa\u00e7\u00e3o infantil e prim\u00e1ria para as meninas. Ele tamb\u00e9m atende crian\u00e7as da comunidade e \u00e1reas circunvizinhas com taxas modestas por instala\u00e7\u00f5es exemplares que oferece. A cria\u00e7\u00e3o da escola foi para capacitar as meninas a obterem uma boa educa\u00e7\u00e3o fundamental, seguindo a declara\u00e7\u00e3o de compromisso do Hekima Trust com as meninas <strong> \u201cQuando nossa vis\u00e3o for totalmente alcan\u00e7ada, as meninas que se beneficiam do Hekima Hills Learning Centre ter\u00e3o a experi\u00eancia de um ensino cont\u00ednuo experi\u00eancia como base de sua transi\u00e7\u00e3o para a idade adulta. \u201d<\/strong><\/p>","protected":false},"excerpt":{"rendered":"<p>The residents of Hekima Place would successfully \u2018contest\u2019 Karen Blixen\u2019s claim that she had a farm \u201cat the foot of the Ngong Hills\u201d which she makes in her book \u201cOut of Africa\u201d. Hekima Place sits right at the foot of Ngong hills at Kona Baridi in Ngong, Kajiado county of<\/p>\n<p><a class=\"sd-more sd-all-trans\" href=\"https:\/\/ajan.africa\/pt\/hekima-place-caregivers-undergo-ahappy-training\/#more-9490\">consulte Mais informa\u00e7\u00e3o<\/a><\/p>","protected":false},"author":155,"featured_media":9493,"comment_status":"open","ping_status":"open","sticky":false,"template":"","format":"standard","meta":{"om_disable_all_campaigns":false,"_monsterinsights_skip_tracking":false,"_monsterinsights_sitenote_active":false,"_monsterinsights_sitenote_note":"","_monsterinsights_sitenote_category":0,"footnotes":""},"categories":[96],"tags":[],"class_list":["post-9490","post","type-post","status-publish","format-standard","has-post-thumbnail","hentry","category-ahappy-training"],"aioseo_notices":[],"_links":{"self":[{"href":"https:\/\/ajan.africa\/pt\/wp-json\/wp\/v2\/posts\/9490","targetHints":{"allow":["GET"]}}],"collection":[{"href":"https:\/\/ajan.africa\/pt\/wp-json\/wp\/v2\/posts"}],"about":[{"href":"https:\/\/ajan.africa\/pt\/wp-json\/wp\/v2\/types\/post"}],"author":[{"embeddable":true,"href":"https:\/\/ajan.africa\/pt\/wp-json\/wp\/v2\/users\/155"}],"replies":[{"embeddable":true,"href":"https:\/\/ajan.africa\/pt\/wp-json\/wp\/v2\/comments?post=9490"}],"version-history":[{"count":0,"href":"https:\/\/ajan.africa\/pt\/wp-json\/wp\/v2\/posts\/9490\/revisions"}],"wp:featuredmedia":[{"embeddable":true,"href":"https:\/\/ajan.africa\/pt\/wp-json\/wp\/v2\/media\/9493"}],"wp:attachment":[{"href":"https:\/\/ajan.africa\/pt\/wp-json\/wp\/v2\/media?parent=9490"}],"wp:term":[{"taxonomy":"category","embeddable":true,"href":"https:\/\/ajan.africa\/pt\/wp-json\/wp\/v2\/categories?post=9490"},{"taxonomy":"post_tag","embeddable":true,"href":"https:\/\/ajan.africa\/pt\/wp-json\/wp\/v2\/tags?post=9490"}],"curies":[{"name":"wp","href":"https:\/\/api.w.org\/{rel}","templated":true}]}}